{"id":14098,"date":"2017-04-13T13:47:26","date_gmt":"2017-04-13T16:47:26","guid":{"rendered":"https:\/\/pcb.org.br\/portal2\/?p=14098"},"modified":"2017-05-03T11:06:19","modified_gmt":"2017-05-03T14:06:19","slug":"95-anos-do-pcb-evento-em-porto-alegre","status":"publish","type":"post","link":"https:\/\/pcb.org.br\/portal2\/14098","title":{"rendered":"95 ANOS DO PCB: EVENTO EM PORTO ALEGRE"},"content":{"rendered":"<p><img decoding=\"async\" class=\"imagem\" title=\"imagem\" src=\"https:\/\/lh3.googleusercontent.com\/_0HAOrffTHxKEExGorwcB_GAFmOHgUvwycx7Br2OXrJ_E7O-iOnIeFDQ_-IddkNv2NWnLiJtivJM3HF9LGMQh0FuM5bKGiTgMb8njnMBrWzysZThSC0i-DJ5d4DklgmbgFLJkWzTbIOUAbh7nRhylKPFuk9IDWqt2RW0IVLcjhKsbJEf78vpJ_Y4k8liaYRUIjZdHTHW8HfflHnUo4nA9_p1cTEJyex2V1e4H-klJiVblPCEoYSpcspiSMA2B_PTCD5_uNDkcja0JbofoY30busXujLpXEyPBpgPSpNKkgRd9-IXZP4OD8IhoHOuZTz05WKZi9f8JUyorImTEU0DLEdOl3WBHDafXR-57wKnZSv6nXoRNVk8HBBpX3k2cz-zBkCWCe_jVm6RBcnbBfARW3UbNZlXAqW40utHL0ptFPsD63EitI1ruLPNaB9yd9fUc_AwmvrK5VSjRn-pnoWJj3fMj3C0xEz0eJZPoz0WBJ8Mz5Mfm9hghAdLkWkWKEfV58ND9GukCzNFfPwwk_s_QteHXtrtVyEUCofAt0cmGL2ulESrYlE3Y_hjN__GMvX_d9nDdC7vwFdmOVkvYxnE9cKi9NU2XKq3W9hiaVCHhwzTdlpIaXUdPBOfl7KTz4GfMyYyG-PAjBxfW04yruoyXlbupvmr1sRObYXh7VYM-Q=w621-h346-no\" alt=\"imagem\" \/>Confiram trechos da comemora\u00e7\u00e3o dos 95 anos do PCB em Porto Alegre, em evento protagonizado pelas mulheres e pela juventude! A data foi marcada pelo lan\u00e7amento do Coletivo Negro Minervino de Oliveira, no espa\u00e7o cultural quilombola Bar da Carla.<!--more--> Agradecemos a toda a milit\u00e2ncia pelo empenho nas lutas, \u00e0s\/aos simpatizantes que caminham conosco e aos movimentos populares parceiros, especialmente ao companheiro M\u00e1rio Maestri, que realizou abertura no dia de nosso anivers\u00e1rio; bem como \u00e0 <a href=\"https:\/\/www.facebook.com\/FrenteQuilombolaRs\/\" target=\"_blank\" rel=\"nofollow\">Frente Quilombola RS<\/a>; ao MTST &#8211; RS; e ao Coletivo Obra, dentre tantos outros que nos acompanham nas trincheiras cotidianas.<\/p>\n<p>Estamos firmes!<\/p>\n<p>Lutar, criar, poder popular!<\/p>\n<p><a href=\"https:\/\/www.facebook.com\/PCBRS\/videos\/1880859975518041\/\" target=\"_blank\">https:\/\/www.facebook.com\/PCBRS\/videos\/<wbr \/>1880859975518041\/<\/a><\/p>\n<div class=\"fb-video\" data-allowfullscreen=\"true\" data-href=\"https:\/\/www.facebook.com\/PCBRS\/videos\/1880859975518041\/\" style=\"background-color: #fff; display: inline-block;\"><\/div>\n","protected":false},"excerpt":{"rendered":"Confiram trechos da comemora\u00e7\u00e3o dos 95 anos do PCB em Porto Alegre, em evento protagonizado pelas mulheres e pela juventude! A data foi \n<a class=\"moretag\" href=\"https:\/\/pcb.org.br\/portal2\/14098\"> <\/a>","protected":false},"author":1,"featured_media":0,"comment_status":"closed","ping_status":"closed","sticky":false,"template":"","format":"standard","meta":{"jetpack_post_was_ever_published":false,"_jetpack_newsletter_access":"","_jetpack_dont_email_post_to_subs":true,"_jetpack_newsletter_tier_id":0,"_jetpack_memberships_contains_paywalled_content":false,"_jetpack_memberships_contains_paid_content":false,"footnotes":"","jetpack_publicize_message":"","jetpack_publicize_feature_enabled":true,"jetpack_social_post_already_shared":true,"jetpack_social_options":{"image_generator_settings":{"template":"highway","default_image_id":0,"font":"","enabled":false},"version":2}},"categories":[23],"tags":[],"class_list":["post-14098","post","type-post","status-publish","format-standard","hentry","category-c29-organizacao"],"jetpack_publicize_connections":[],"jetpack_featured_media_url":"","jetpack_shortlink":"https:\/\/wp.me\/p659gw-3Fo","jetpack-related-posts":[],"jetpack_likes_enabled":true,"jetpack_sharing_enabled":true,"_links":{"self":[{"href":"https:\/\/pcb.org.br\/portal2\/wp-json\/wp\/v2\/posts\/14098","targetHints":{"allow":["GET"]}}],"collection":[{"href":"https:\/\/pcb.org.br\/portal2\/wp-json\/wp\/v2\/posts"}],"about":[{"href":"https:\/\/pcb.org.br\/portal2\/wp-json\/wp\/v2\/types\/post"}],"author":[{"embeddable":true,"href":"https:\/\/pcb.org.br\/portal2\/wp-json\/wp\/v2\/users\/1"}],"replies":[{"embeddable":true,"href":"https:\/\/pcb.org.br\/portal2\/wp-json\/wp\/v2\/comments?post=14098"}],"version-history":[{"count":0,"href":"https:\/\/pcb.org.br\/portal2\/wp-json\/wp\/v2\/posts\/14098\/revisions"}],"wp:attachment":[{"href":"https:\/\/pcb.org.br\/portal2\/wp-json\/wp\/v2\/media?parent=14098"}],"wp:term":[{"taxonomy":"category","embeddable":true,"href":"https:\/\/pcb.org.br\/portal2\/wp-json\/wp\/v2\/categories?post=14098"},{"taxonomy":"post_tag","embeddable":true,"href":"https:\/\/pcb.org.br\/portal2\/wp-json\/wp\/v2\/tags?post=14098"}],"curies":[{"name":"wp","href":"https:\/\/api.w.org\/{rel}","templated":true}]}}