{"id":14199,"date":"2017-04-25T16:07:28","date_gmt":"2017-04-25T19:07:28","guid":{"rendered":"https:\/\/pcb.org.br\/portal2\/?p=14199"},"modified":"2017-08-24T18:57:15","modified_gmt":"2017-08-24T21:57:15","slug":"ilan-pappe-insistiu-na-argentina-que-a-proposta-dos-dois-estados-esta-morta","status":"publish","type":"post","link":"https:\/\/pcb.org.br\/portal2\/14199","title":{"rendered":"Il\u00e1n Papp\u00e9 insistiu na Argentina que a proposta dos dois Estados \u201cest\u00e1 morta\u201d"},"content":{"rendered":"<p><img data-recalc-dims=\"1\" height=\"400\" width=\"620\" decoding=\"async\" class=\"imagem\" title=\"imagem\" src=\"https:\/\/i0.wp.com\/www.resumenlatinoamericano.org\/wp-content\/uploads\/2017\/04\/WhatsApp-Image-2017-04-23-at-17.33.21-1-620x400.jpeg?resize=620%2C400\" alt=\"imagem\" \/><strong>IL\u00c1N PAPPE PROFERIU UMA CONFER\u00caNCIA MAGISTRAL NA EMBAIXADA PALESTINA<\/strong><!--more--><\/p>\n<p>Resumen Latinoamericano, 23 de abril de 2017 \u2013 Rodeado por uma imensa quantidade de admiradores de sua obra ensa\u00edstica e recebido com todas as honras pelo embaixador palestino na Argentina, Husni Abdel Wahed, o escritor israelense exilado em Londres e antissionista Il\u00e1n Papp\u00e9, falou dos mitos que justificam a invas\u00e3o e ocupa\u00e7\u00e3o territorial que o Sionismo vem produzindo na Palestina h\u00e1 quase sete d\u00e9cadas. A partir do mito-mentira de \u201cuma terra sem povo para um povo sem terra\u201d at\u00e9 o mais comum dos mitos de que \u201ctoda pessoa que renega o sionismo \u00e9 antissemita\u201d, Papp\u00e9 foi dando os elementos para demonstrar que Israel \u00e9 um grande usurpador, al\u00e9m de um expansionista que apela para a viol\u00eancia a fim de submeter homens, mulheres, meninos, meninas, idosos e idosas da Palestina.<\/p>\n<p>Detr\u00e1s da mesa na qual sentaram o conferencista, o embaixador palestino e um representante da C\u00e1tedra Edward Said sobre a Palestina, da Universidade de Tres de Febrero, junto com eles, presidindo o ato, estava um painel do revolucion\u00e1rio palestino Marwan Barghuti, que atualmente encabe\u00e7a um movimento de greve de fome de mais de 1.500 prisioneiros e prisioneiras palestinas, nas pris\u00f5es de exterm\u00ednio israelenses.<\/p>\n<p>Papp\u00e9 explicou que \u201ca diferen\u00e7a do sionismo com rela\u00e7\u00e3o aos outros movimentos que praticam o colonialismo por implanta\u00e7\u00e3o da popula\u00e7\u00e3o, \u00e9 o momento hist\u00f3rico. Eles vieram a uma terra onde os nativos j\u00e1 tinham uma organiza\u00e7\u00e3o moderna e se negavam a ser eliminados. A vis\u00e3o de que o sionismo \u00e9 um movimento colonialista por implanta\u00e7\u00e3o de popula\u00e7\u00e3o \u00e9 muito importante. Tem implica\u00e7\u00f5es importantes quando falamos de resist\u00eancia palestina no futuro e, ainda assim, em distintas partes do mundo tem influ\u00eancias no processo de paz. A luta palestina \u00e9 representada como \u2018terrorismo\u2019 porque o sionismo n\u00e3o \u00e9 reconhecido como colonialismo. A luta do movimento nacional palestino \u00e9 uma luta cl\u00e1ssica anticolonialista, n\u00e3o \u00e9 uma luta antissemita nem terrorista. O primeiro ato violento do povo palestino foi para se defender da usurpa\u00e7\u00e3o. Infelizmente, as lutas anticolonialistas no mundo \u00e1rabe n\u00e3o foram respeitadas como nestas terras latino-americanas\u201d.<\/p>\n<p>Em outro momento importante de sua conversa, Papp\u00e9 voltou a insistir que a palavra de ordem esgrimida de conseguir a conviv\u00eancia entre dois estados \u201cest\u00e1 morta\u201d, mais ainda \u201c\u00e9 uma peste para justificar o dom\u00ednio de Israel\u201d.<\/p>\n<p>Terminou salientando que \u00e9 preciso defender tr\u00eas direitos inalien\u00e1veis do povo palestino. \u201cO primeiro \u00e9 o direito dos habitantes de Gaza e Cisjord\u00e2nia de n\u00e3o viverem sob a domina\u00e7\u00e3o do sionismo e seus soldados. O segundo \u00e9 o direito dos refugiados palestinos de voltar a suas terras, e o terceiro \u00e9 o direito dos palestinos que vivem em Israel de n\u00e3o sofrerem discrimina\u00e7\u00e3o. Durante os pr\u00f3ximos 20 anos, o desafio \u00e9 encontrar uma solu\u00e7\u00e3o que contemple estes tr\u00eas direitos, e se n\u00e3o o fizermos, o problema n\u00e3o vai estar resolvido definitivamente\u201d.<\/p>\n<p>Na atividade tamb\u00e9m se apresentou o primeiro n\u00famero da revista ibero-americana de investiga\u00e7\u00e3o, an\u00e1lise e cultura palestina \u201cAl Zeytun\u201d, editada pela Embaixada da Palestina.<\/p>\n<p>Ilustra\u00e7\u00e3o: Fala o embaixador palestino na Argentina.<\/p>\n<p>Fonte: <a href=\"http:\/\/www.resumenlatinoamericano.org\/2017\/04\/23\/ilan-pappe-insistio-en-argentina-que-la-propuesta-de-los-dos-estados-esta-muerta\/\" target=\"_blank\">http:\/\/www.<wbr \/>resumenlatinoamericano.org\/<wbr \/>2017\/04\/23\/ilan-pappe-<wbr \/>insistio-en-argentina-que-la-<wbr \/>propuesta-de-los-dos-estados-<wbr \/>esta-muerta\/<\/a><\/p>\n<p>Tradu\u00e7\u00e3o: Partido Comunista Brasileiro (PCB)<\/p>\n","protected":false},"excerpt":{"rendered":"IL\u00c1N PAPPE PROFERIU UMA CONFER\u00caNCIA MAGISTRAL NA EMBAIXADA PALESTINA\n<a class=\"moretag\" href=\"https:\/\/pcb.org.br\/portal2\/14199\"> <\/a>","protected":false},"author":1,"featured_media":0,"comment_status":"closed","ping_status":"closed","sticky":false,"template":"","format":"standard","meta":{"jetpack_post_was_ever_published":false,"_jetpack_newsletter_access":"","_jetpack_dont_email_post_to_subs":true,"_jetpack_newsletter_tier_id":0,"_jetpack_memberships_contains_paywalled_content":false,"_jetpack_memberships_contains_paid_content":false,"footnotes":"","jetpack_publicize_message":"","jetpack_publicize_feature_enabled":true,"jetpack_social_post_already_shared":true,"jetpack_social_options":{"image_generator_settings":{"template":"highway","default_image_id":0,"font":"","enabled":false},"version":2}},"categories":[78],"tags":[],"class_list":["post-14199","post","type-post","status-publish","format-standard","hentry","category-c91-solidariedade-a-palestina"],"jetpack_publicize_connections":[],"jetpack_featured_media_url":"","jetpack_shortlink":"https:\/\/wp.me\/p659gw-3H1","jetpack-related-posts":[],"jetpack_likes_enabled":true,"jetpack_sharing_enabled":true,"_links":{"self":[{"href":"https:\/\/pcb.org.br\/portal2\/wp-json\/wp\/v2\/posts\/14199","targetHints":{"allow":["GET"]}}],"collection":[{"href":"https:\/\/pcb.org.br\/portal2\/wp-json\/wp\/v2\/posts"}],"about":[{"href":"https:\/\/pcb.org.br\/portal2\/wp-json\/wp\/v2\/types\/post"}],"author":[{"embeddable":true,"href":"https:\/\/pcb.org.br\/portal2\/wp-json\/wp\/v2\/users\/1"}],"replies":[{"embeddable":true,"href":"https:\/\/pcb.org.br\/portal2\/wp-json\/wp\/v2\/comments?post=14199"}],"version-history":[{"count":0,"href":"https:\/\/pcb.org.br\/portal2\/wp-json\/wp\/v2\/posts\/14199\/revisions"}],"wp:attachment":[{"href":"https:\/\/pcb.org.br\/portal2\/wp-json\/wp\/v2\/media?parent=14199"}],"wp:term":[{"taxonomy":"category","embeddable":true,"href":"https:\/\/pcb.org.br\/portal2\/wp-json\/wp\/v2\/categories?post=14199"},{"taxonomy":"post_tag","embeddable":true,"href":"https:\/\/pcb.org.br\/portal2\/wp-json\/wp\/v2\/tags?post=14199"}],"curies":[{"name":"wp","href":"https:\/\/api.w.org\/{rel}","templated":true}]}}