{"id":1423,"date":"2011-04-27T16:21:19","date_gmt":"2011-04-27T16:21:19","guid":{"rendered":"http:\/\/pcb.org.br\/portal2\/?p=1423"},"modified":"2011-04-27T16:21:19","modified_gmt":"2011-04-27T16:21:19","slug":"governo-bolivariano-convoca-para-a-jornada-pela-recuperacao-maritima","status":"publish","type":"post","link":"https:\/\/pcb.org.br\/portal2\/1423","title":{"rendered":"Governo bolivariano convoca para a jornada pela recupera\u00e7\u00e3o mar\u00edtima"},"content":{"rendered":"\n<p align=\"JUSTIFY\">La Paz, 25 de abril (PL) O governo boliviano convocou os cidad\u00e3os para participar do Dia do Direito \u00e0 Recupera\u00e7\u00e3o Mar\u00edtima, como parte das a\u00e7\u00f5es para recuperar o acesso soberano ao mar.<\/p>\n<p align=\"JUSTIFY\">O titular da rec\u00e9m criada Dire\u00e7\u00e3o Estrat\u00e9gica Mar\u00edtima, Rub\u00e9n Saavedra, anunciou que a data ser\u00e1 celebrada no pr\u00f3ximo 29 de abril, com a realiza\u00e7\u00e3o de diversas atividades culturais em todo o pa\u00eds.<\/p>\n<p align=\"JUSTIFY\">Saavedra precisou que ser\u00e1 uma jornada de reafirma\u00e7\u00e3o do direito dos bolivianos a p\u00f4r fim a esse enclasuramento, e uma oportunidade para fazer o mundo conhecer os direitos desse povo de retornar ao oceano.<\/p>\n<p align=\"JUSTIFY\">Tamb\u00e9m indicou que realizar\u00e3o a leitura de um documento no qual declarar\u00e3o o Dia do Direito \u00e0 Recupera\u00e7\u00e3o Mar\u00edtima e apresentar\u00e3o uma can\u00e7\u00e3o.<\/p>\n<p align=\"JUSTIFY\">No dia 23 de mar\u00e7o, em ocasi\u00e3o da comemora\u00e7\u00e3o do 132\u00b0 anivers\u00e1rio da mediterraneidade, o presidente Evo Morales prop\u00f4s ir aos tribunais internacionais para atender a essa reivindica\u00e7\u00e3o.<\/p>\n<p align=\"JUSTIFY\">Como parte de dito processo, o Executivo tamb\u00e9m criou a Dire\u00e7\u00e3o Estrat\u00e9gica Mar\u00edtima, encabe\u00e7ada pelo ex-ministro de Defesa Rub\u00e9n Saavedra, com a miss\u00e3o de tra\u00e7ar o caminho a seguir junto aos representantes de todos os setores da na\u00e7\u00e3o.<\/p>\n<p align=\"JUSTIFY\">A perda de seu acesso soberano ao mar, ocorrido na chamada guerra do Pac\u00edfico, contra o Chile em 1879, causa enormes danos econ\u00f4micos \u00e0 Bol\u00edvia.<\/p>\n<p>Fonte: http:\/\/www.prensa-latina.cu\/index.php?option=com_content&amp;task=view&amp;id=283098&amp;Itemid=1<\/p>\n","protected":false},"excerpt":{"rendered":"\n\n\nCr\u00e9dito: Prensa Latina\n\n\n\n\n\n\n\n\nPrensa Latina\n<a class=\"moretag\" href=\"https:\/\/pcb.org.br\/portal2\/1423\"> <\/a>","protected":false},"author":1,"featured_media":0,"comment_status":"open","ping_status":"open","sticky":false,"template":"","format":"standard","meta":{"jetpack_post_was_ever_published":false,"_jetpack_newsletter_access":"","_jetpack_dont_email_post_to_subs":false,"_jetpack_newsletter_tier_id":0,"_jetpack_memberships_contains_paywalled_content":false,"_jetpack_memberships_contains_paid_content":false,"footnotes":"","jetpack_publicize_message":"","jetpack_publicize_feature_enabled":true,"jetpack_social_post_already_shared":false,"jetpack_social_options":{"image_generator_settings":{"template":"highway","default_image_id":0,"font":"","enabled":false},"version":2}},"categories":[44],"tags":[],"class_list":["post-1423","post","type-post","status-publish","format-standard","hentry","category-c55-bolivia"],"jetpack_publicize_connections":[],"jetpack_featured_media_url":"","jetpack_shortlink":"https:\/\/wp.me\/p659gw-mX","jetpack-related-posts":[],"jetpack_likes_enabled":true,"jetpack_sharing_enabled":true,"_links":{"self":[{"href":"https:\/\/pcb.org.br\/portal2\/wp-json\/wp\/v2\/posts\/1423","targetHints":{"allow":["GET"]}}],"collection":[{"href":"https:\/\/pcb.org.br\/portal2\/wp-json\/wp\/v2\/posts"}],"about":[{"href":"https:\/\/pcb.org.br\/portal2\/wp-json\/wp\/v2\/types\/post"}],"author":[{"embeddable":true,"href":"https:\/\/pcb.org.br\/portal2\/wp-json\/wp\/v2\/users\/1"}],"replies":[{"embeddable":true,"href":"https:\/\/pcb.org.br\/portal2\/wp-json\/wp\/v2\/comments?post=1423"}],"version-history":[{"count":0,"href":"https:\/\/pcb.org.br\/portal2\/wp-json\/wp\/v2\/posts\/1423\/revisions"}],"wp:attachment":[{"href":"https:\/\/pcb.org.br\/portal2\/wp-json\/wp\/v2\/media?parent=1423"}],"wp:term":[{"taxonomy":"category","embeddable":true,"href":"https:\/\/pcb.org.br\/portal2\/wp-json\/wp\/v2\/categories?post=1423"},{"taxonomy":"post_tag","embeddable":true,"href":"https:\/\/pcb.org.br\/portal2\/wp-json\/wp\/v2\/tags?post=1423"}],"curies":[{"name":"wp","href":"https:\/\/api.w.org\/{rel}","templated":true}]}}