{"id":1424,"date":"2011-04-28T01:02:36","date_gmt":"2011-04-28T01:02:36","guid":{"rendered":"http:\/\/pcb.org.br\/portal2\/?p=1424"},"modified":"2011-04-28T01:02:36","modified_gmt":"2011-04-28T01:02:36","slug":"boletin-iv-joaquin-continua-la-solidaridad-y-comienza-el-balance-de-la-revolucion","status":"publish","type":"post","link":"https:\/\/pcb.org.br\/portal2\/1424","title":{"rendered":"Bolet\u00edn IV: Joaqu\u00edn, contin\u00faa la solidaridad y comienza el balance de la revoluci\u00f3n"},"content":{"rendered":"\n<p align=\"justify\">\u00a0<\/p>\n<p align=\"justify\"><img data-recalc-dims=\"1\" loading=\"lazy\" decoding=\"async\" src=\"https:\/\/i0.wp.com\/www.abpnoticias.com\/components\/com_acymailing\/templates\/abp\/banner.gif?resize=550%2C83\" border=\"0\" alt=\"Agencia Bolivariana de Noticias\" width=\"550\" height=\"83\" \/><\/p>\n<p align=\"justify\"><a href=\"http:\/\/www.abpnoticias.com\/index.php?option=com_acymailing&amp;ctrl=archive&amp;task=view&amp;mailid=37&amp;key=55c68701d08d03b8fd7daa98810dcc9b&amp;sub=3244-1ef70ea7683e9e369f3a31ee206db315\"><\/p>\n<p><\/a><\/p>\n<p align=\"justify\"><a href=\"http:\/\/www.abpnoticias.com\/index.php?option=com_acymailing&amp;ctrl=archive&amp;task=view&amp;mailid=37&amp;key=55c68701d08d03b8fd7daa98810dcc9b&amp;sub=3244-1ef70ea7683e9e369f3a31ee206db315\"><\/p>\n<p><\/a><\/p>\n<p align=\"justify\"><a href=\"http:\/\/www.abpnoticias.com\/index.php?option=com_acymailing&amp;ctrl=archive&amp;task=view&amp;mailid=37&amp;key=55c68701d08d03b8fd7daa98810dcc9b&amp;sub=3244-1ef70ea7683e9e369f3a31ee206db315\">Clic aqui para verlo en linea<\/a><\/p>\n<table border=\"0\">\n<tbody>\n<tr>\n<td>\n<p align=\"justify\"><strong>As\u00ed no, compa\u00f1ero Ch\u00e1vez<\/strong><\/p>\n<p align=\"justify\"><img data-recalc-dims=\"1\" decoding=\"async\" src=\"https:\/\/i0.wp.com\/www.abpnoticias.com\/media\/k2\/items\/cache\/c53a9eb7f98bd9efe52407712806bfee_S.jpg?w=747\" border=\"0\" hspace=\"5\" align=\"left\" \/>2011-04-27-abpnoticias-Carlos Azn\u00e1rez-Director de Resumen Latinoamericano-<\/p>\n<p align=\"justify\"><a href=\"http:\/\/www.abpnoticias.com\/index.php?option=com_k2&amp;view=item&amp;id=575:as%C3%AD-no-compa%C3%B1ero-ch%C3%A1vez\" target=\"_blank\">Leer mas<\/a><\/p>\n<\/td>\n<\/tr>\n<tr>\n<td>\n<p align=\"justify\"><strong>La Raz\u00f3n de Estado, un \u00abpragmatismo\u00bb absolutamente equivocado<\/strong><\/p>\n<p align=\"justify\"><img data-recalc-dims=\"1\" decoding=\"async\" src=\"https:\/\/i0.wp.com\/www.abpnoticias.com\/media\/k2\/items\/cache\/e2514efc12d4fe082fdc20ab2f336dc3_S.jpg?w=747\" border=\"0\" hspace=\"5\" align=\"left\" \/><\/p>\n<p align=\"justify\">2011-04-27-abpnoticias-N\u00e9stor Kohan- <\/p>\n<p align=\"justify\"><strong>Los hechos<\/strong><\/p>\n<p align=\"justify\">Ya se conocen. Lo extraditaron r\u00e1pidamente. Sin mayores tr\u00e1mites y sin dudarlo un segundo.<\/p>\n<p align=\"justify\">Toda nuestra solidaridad para el periodista y compa\u00f1ero Joaqu\u00edn P\u00e9rez Becerra. Le esperan momentos muy duros. La burgues\u00eda colombiana, mafiosa y corrupta, y sus amigos del norte que dirigen esa mafia, no perdonan ni tienen clemencia. Interrogatorios, tortura, vejaciones, montajes, sentencias preanunciadas re\u00f1idas con la ley, c\u00e1rcel, aislamiento.<\/p>\n<p align=\"justify\"><a href=\"http:\/\/www.abpnoticias.com\/index.php?option=com_k2&amp;view=item&amp;id=574:la-raz%C3%B3n-de-estado-un-pragmatismo-absolutamente-equivocado\" target=\"_blank\">Leer mas<\/a><\/p>\n<\/td>\n<\/tr>\n<tr>\n<td>\n<p align=\"justify\"><strong>Inaceptable, gobierno de Venezuela, entrega un revolucionario al Fascismo<\/strong><\/p>\n<p align=\"justify\">2011-04-27-abpnoticias-El rodriguista-2011-04-27Con incredulidad, pena e indignaci\u00f3n recibimos la noticia de la entrega del PERIODISTA DE LA AGENCIA ANNCOL, JOAQU\u00cdN P\u00c9REZ BECERRA, de nacionalidad sueca, pues renuncio a la nacionalidad colombiana por persecuci\u00f3n pol\u00edtica hace 20 a\u00f1os, al fascismo en Colombia.<\/p>\n<p align=\"justify\"><a href=\"http:\/\/www.abpnoticias.com\/index.php?option=com_k2&amp;view=item&amp;id=572:inaceptable-gobierno-de-venezuela-entrega-un-revolucionario-al-fascismo\" target=\"_blank\">Leer mas<\/a><\/p>\n<\/td>\n<\/tr>\n<tr>\n<td><img data-recalc-dims=\"1\" decoding=\"async\" src=\"https:\/\/i0.wp.com\/www.abpnoticias.com\/media\/k2\/items\/cache\/6cd7000b5fdc149d15c15e2b49b0ac68_S.jpg?w=747\" border=\"0\" hspace=\"5\" align=\"left\" \/> <\/p>\n<p align=\"justify\"><strong>Patricio Echegaray , secretario general del Partido Comunista de la Argentina, expresa su solidaridad con Joaqu\u00edn P\u00e9rez Becerra<\/strong><\/p>\n<p align=\"justify\">2011-04-27.abpnoticias-Patricio Echegaray , secretario general del Partido Comunista de la Argentina, expresa su solidaridad con Joaqu\u00edn P\u00e9rez Becerra y exige su inmediata liberaci\u00f3n , en base a las normas internacionales que contemplan su calidad de refugiado pol\u00edtico y ciudadano sueco.<\/p>\n<p align=\"justify\"><a href=\"http:\/\/www.abpnoticias.com\/index.php?option=com_k2&amp;view=item&amp;id=571:patricio-echegaray--secretario-general-del-partido-comunista-de-la-argentina-expresa-su-solidaridad-con-joaqu%C3%ADn-p%C3%A9rez-becerra\" target=\"_blank\">Leer mas<\/a><\/p>\n<\/td>\n<\/tr>\n<tr>\n<td><img data-recalc-dims=\"1\" decoding=\"async\" src=\"https:\/\/i0.wp.com\/www.abpnoticias.com\/media\/k2\/items\/cache\/24795b9d45550d61cc9f6bee7a09a629_S.jpg?w=747\" border=\"0\" hspace=\"5\" align=\"left\" \/> <\/p>\n<p align=\"justify\"><strong>El Cuento de la Semana: \u201cCaperucita Roja\u201d y el lobo feroz. Maduro e Izarra deben renunciar.<\/strong><\/p>\n<p align=\"justify\">2011-04-27-abpnoticias-Dom\u00ednico Nadal, NotiColombia Press- Candoroso como Caperucita Roja. Y SIEMPRE se viste de rojo, aunque a veces, muy pocas veces, utiliza el blanco para parecer inmaculado. Quiz\u00e1 inducido por el \u201clobo feroz\u201d.<\/p>\n<p align=\"justify\"><a href=\"http:\/\/www.abpnoticias.com\/index.php?option=com_k2&amp;view=item&amp;id=570:el-cuento-de-la-semana-%E2%80%9Ccaperucita-roja%E2%80%9D-y-el-lobo-feroz-maduro-e-izarra-deben-renunciar\" target=\"_blank\">Leer mas<\/a><\/p>\n<\/td>\n<\/tr>\n<tr>\n<td><img data-recalc-dims=\"1\" decoding=\"async\" src=\"https:\/\/i0.wp.com\/www.abpnoticias.com\/media\/k2\/items\/cache\/2d6c15d654bd7f03d72e8900a9ebd07f_S.jpg?w=747\" border=\"0\" hspace=\"5\" align=\"left\" \/> <\/p>\n<p align=\"justify\"><strong>Surco ante la actitud c\u00f3mplice del gobierno venezolano<\/strong><\/p>\n<p align=\"justify\">2011-04-27-abpnoticias-Surco-El Colectivo Social SURCO, ante la actitud c\u00f3mplice de la derecha end\u00f3gena del gobierno venezolano, que accedi\u00f3 a la extradici\u00f3n del camarada Joaqu\u00edn P\u00e9rez Becerra, ex concejal colombiano, sobreviviente de la Uni\u00f3n Patri\u00f3tica, periodista del portal noticioso Agencia de Noticias Nueva Colombia (ANNCOL), rechaza de forma categ\u00f3rica esta acci\u00f3n que atenta contra principios revolucionarios elementales, como la solidaridad de los pueblos ante el imperialismo y el respeto a los derechos humanos.<\/p>\n<p align=\"justify\"><a href=\"http:\/\/www.abpnoticias.com\/index.php?option=com_k2&amp;view=item&amp;id=569:surco-ante-la-actitud-c%C3%B3mplice-del-gobierno-venezolano\" target=\"_blank\">Leer mas<\/a><\/p>\n<\/td>\n<\/tr>\n<tr>\n<td><img data-recalc-dims=\"1\" decoding=\"async\" src=\"https:\/\/i0.wp.com\/www.abpnoticias.com\/media\/k2\/items\/cache\/b190b9bcae39ee6b68c160e3e6f45456_S.jpg?w=747\" border=\"0\" hspace=\"5\" align=\"left\" \/> <\/p>\n<p align=\"justify\"><strong>La dirigencia del PSUV, el silencio medi\u00e1tico y la &#8220;deportaci\u00f3n&#8221; de P\u00e9rez Becerra<\/strong><\/p>\n<p align=\"justify\">2011-04-27-abpnoticias-Oscar Acosta- La entrega del periodista Joaqu\u00edn P\u00e9rez Becerra al gobierno colombiano significa un punto de inflexi\u00f3n crucial en el ejemplo que hasta ahora hab\u00eda significado la Revoluci\u00f3n Bolivariana para las fuerzas progresistas y antiimperialistas en el mundo. <a href=\"http:\/\/www.abpnoticias.com\/index.php?option=com_k2&amp;view=item&amp;id=568:la-dirigencia-del-psuv-el-silencio-medi%C3%A1tico-y-la-deportaci%C3%B3n-de-p%C3%A9rez-becerra\" target=\"_blank\">Leer mas<\/a><\/p>\n<\/td>\n<\/tr>\n<tr>\n<td><img data-recalc-dims=\"1\" decoding=\"async\" src=\"https:\/\/i0.wp.com\/www.abpnoticias.com\/media\/k2\/items\/cache\/6e6b736f77dd07b0a373e582bb4b1e3c_S.jpg?w=747\" border=\"0\" hspace=\"5\" align=\"left\" \/> <\/p>\n<p align=\"justify\"><strong>Artistas venezolanos se pronuncian en defensa de Joaqu\u00edn Becerra<\/strong><\/p>\n<p align=\"justify\">2011-04-27-abpnoticias- Nosotros y nosotras, hacedoras y hacedores de vida, cultores y cultoras, papagayeros, poetas, pintores, cantores, escultores, teatreros, levantamos nuestros cinceles, cuatros, l\u00e1pices en defensa del hermano JOAQUIN PEREZ BECERRA; preso pol\u00edtico del imperialismo. JOAQUIN PEREZ BECERRA, fundador y Director de ANNCOL (Agencia de Noticias Nueva Colombia) de nacionalidad Sueca, fue capturado el pasado 23 de Abril del a\u00f1o en curso, siendo este solicitado, de forma ya p\u00fablica, por el Presidente colombiano personalmente al Presidente Ch\u00e1vez, cuando JOAQUIN se movilizaba con su documentaci\u00f3n legal de ciudadano sueco desde Alemania a Venezuela, violentando inclusive, su condici\u00f3n de REFUGIADO.<\/p>\n<p align=\"justify\"><a href=\"http:\/\/www.abpnoticias.com\/index.php?option=com_k2&amp;view=item&amp;id=567:artistas-venezolanos-se-pronuncian-en-defensa-de-joaqu%C3%ADn-becerra\" target=\"_blank\">Leer mas<\/a><\/p>\n<\/td>\n<\/tr>\n<tr>\n<td><img data-recalc-dims=\"1\" decoding=\"async\" src=\"https:\/\/i0.wp.com\/www.abpnoticias.com\/media\/k2\/items\/cache\/d3787968271aadf66b69e2f7e02571e2_S.jpg?w=747\" border=\"0\" hspace=\"5\" align=\"left\" \/> <\/p>\n<p align=\"justify\"><strong>Los movimientos sociales hacia el ALBA Cap\u00edtulo Argentina rechazamos la decisi\u00f3n de extraditar al periodista Joaqu\u00edn P\u00e9rez Becerra<\/strong><\/p>\n<p align=\"justify\">2011-04-27-abpnoticias-Desde los Movimientos Sociales del Alba cap\u00edtulo Argentina hacemos conocer nuestra posici\u00f3n de rechazo de la decisi\u00f3n del gobierno de Venezuela de extraditar al periodista Joaqu\u00edn P\u00e9rez Becerra, violando su status de exiliado pol\u00edtico, y cediendo de esta forma a los argumentos del Gobierno de Colombia, que lo acusa de terrorista.<\/p>\n<p align=\"justify\"><a href=\"http:\/\/www.abpnoticias.com\/index.php?option=com_k2&amp;view=item&amp;id=566:los-movimientos-sociales-hacia-el-alba-cap%C3%ADtulo-argentina-rechazamos-la-decisi%C3%B3n-de-extraditar-al-periodista-joaqu%C3%ADn-p%C3%A9rez-becerra\" target=\"_blank\">Leer mas<\/a><\/p>\n<\/td>\n<\/tr>\n<tr>\n<td><img data-recalc-dims=\"1\" decoding=\"async\" src=\"https:\/\/i0.wp.com\/www.abpnoticias.com\/media\/k2\/items\/cache\/72d349c0f7698e826b25f54cec53f9de_S.jpg?w=747\" border=\"0\" hspace=\"5\" align=\"left\" \/> <\/p>\n<p align=\"justify\"><strong>Pronunciamiento de la Fundaci\u00f3n Cultural Sim\u00f3n Bol\u00edvar<\/strong><\/p>\n<p align=\"justify\">2011-04-27-abpnoticias-La Fundaci\u00f3n Cultural Sim\u00f3n Bol\u00edvar, organizaci\u00f3n revolucionaria de la Parroquia 23 de Enero, Caracas, Venezuela, considera un deber impostergable pronunciarse ante la deportaci\u00f3n del camarada, hermano y compa\u00f1ero Joaqu\u00edn P\u00e9rez Becerra, quien ha sabido librar una y mil batallas Contra la Muerte en su pa\u00eds de origen Colombia: la ametrallada, la desaparecida, la torturada, la violentada y tambi\u00e9n la que sigue luchando por la Independencia; como militante irreductible de la que solo saben los revolucionarios y las revolucionarias; como esposo, padre y comunicador popular, en consecuencia:<\/p>\n<p align=\"justify\"><a href=\"http:\/\/www.abpnoticias.com\/index.php?option=com_k2&amp;view=item&amp;id=565:pronunciamiento-de-la-fundaci%C3%B3n-cultural-sim%C3%B3n-bol%C3%ADvar\" target=\"_blank\">Leer mas<\/a><\/p>\n<\/td>\n<\/tr>\n<tr>\n<td><img data-recalc-dims=\"1\" decoding=\"async\" src=\"https:\/\/i0.wp.com\/www.abpnoticias.com\/media\/k2\/items\/cache\/8b73a42f665d6a2641fcaae19abdf883_S.jpg?w=747\" border=\"0\" hspace=\"5\" align=\"left\" \/> <\/p>\n<p align=\"justify\"><strong>La Red Canaria por los DD.HH en Colombia rechaza la extradici\u00f3n del periodista Joaqu\u00edn P\u00e9rez Becerra y considera repugnante el accionar del gobierno venezolano<\/strong><\/p>\n<p align=\"justify\">2011-04-27.abpnoticias-la Red Canaria por los DD.HH. en Colombia- Con tristeza y decepci\u00f3n la Red Canaria por los DD.HH. en Colombia denuncia la repugnante detenci\u00f3n y posterior entrega por parte del gobierno de Ch\u00e1vez de un perseguido pol\u00edtico del r\u00e9gimen colombiano. <a href=\"http:\/\/www.abpnoticias.com\/index.php?option=com_k2&amp;view=item&amp;id=564:la-red-canaria-por-los-ddhh-en-colombia-rechaza-la-extradici%C3%B3n-del-periodista-joaqu%C3%ADn-p%C3%A9rez-becerra-y-considera-repugnante-el-accionar-del-gobierno-venezolano\" target=\"_blank\">Leer mas<\/a><\/p>\n<\/td>\n<\/tr>\n<tr>\n<td><img data-recalc-dims=\"1\" decoding=\"async\" src=\"https:\/\/i0.wp.com\/www.abpnoticias.com\/media\/k2\/items\/cache\/66e8215c782a44521482ab938e79c393_S.jpg?w=747\" border=\"0\" hspace=\"5\" align=\"left\" \/> <\/p>\n<p align=\"justify\"><strong>Exiliados pol\u00edticos en Australia, sobre Joaqu\u00edn<\/strong><\/p>\n<p align=\"justify\">2011-04-27-abpnoticias-El comit\u00e9 de exiliados politicos Colombianos en Australia, Motivado por la descarada accion de la captura de nuestro compa\u00f1ero y periodista Joaquin Perez Becerra en Venezuela, le decimos al mundo:<\/p>\n<p align=\"justify\"><a href=\"http:\/\/www.abpnoticias.com\/index.php?option=com_k2&amp;view=item&amp;id=563:exiliados-pol%C3%ADticos-en-australia-sobre-joaqu%C3%ADn\" target=\"_blank\">Leer mas<\/a><\/p>\n<\/td>\n<\/tr>\n<tr>\n<td><img data-recalc-dims=\"1\" decoding=\"async\" src=\"https:\/\/i0.wp.com\/www.abpnoticias.com\/media\/k2\/items\/cache\/665e96c29d55b13435d7a8d39deafe53_S.jpg?w=747\" border=\"0\" hspace=\"5\" align=\"left\" \/> <\/p>\n<p align=\"justify\"><strong>Posi\u00e7ao da Rede Bolivariana Antiimperialista<\/strong><\/p>\n<p align=\"justify\">2011-04-27-abpnoticias-RBA-Esta REDE BOLIVARIANA ANTIIMPERIALISTA de cidad\u00e3os e cidad\u00e3s brasileiros e latino-americanos solid\u00e1rios com a luta das FARC-Ex\u00e9rcito do Povo repudia com indigna\u00e7\u00e3o o grave erro da decis\u00e3o do governo do Presidente Ch\u00e1vez de entregar ao regime colombiano o companheiro jornalista Joaqu\u00edn P\u00e9rez, diretor da Ag\u00eancia de Not\u00edcias Nova Col\u00f4mbia, ANNCOL -www.anncol.eu.<\/p>\n<p align=\"justify\"><a href=\"http:\/\/www.abpnoticias.com\/index.php?option=com_k2&amp;view=item&amp;id=562:posi%C3%A7ao-da-rede-bolivariana-antiimperialista\" target=\"_blank\">Leer mas<\/a><\/p>\n<\/td>\n<\/tr>\n<tr>\n<td><img data-recalc-dims=\"1\" decoding=\"async\" src=\"https:\/\/i0.wp.com\/www.abpnoticias.com\/media\/k2\/items\/cache\/4feb08b32fc2bca59f9db42b69cd4022_S.jpg?w=747\" border=\"0\" hspace=\"5\" align=\"left\" \/> <\/p>\n<p align=\"justify\"><strong>Partido Nacionalista de Puerto Rico:&#8221;No es la primera vez que el Gobierno de Hugo Chavez entrega o deporta camaradas revolucionarios&#8221;<\/strong><\/p>\n<p align=\"justify\">2011-04-27-abpnoticias-PNPR-El Partido Nacionalista de Puerto Rico, Movimiento Libertador, se adhiere a los movimientos internacionales en apoyo al Camarada Joaqu\u00edn P\u00e9rez Becerra. Nos sentimos consternados ante la posici\u00f3n que asumi\u00f3 el Presidente Hugo Chavez de entregar al camarada a un gobierno fascista.<\/p>\n<p align=\"justify\"><a href=\"http:\/\/www.abpnoticias.com\/index.php?option=com_k2&amp;view=item&amp;id=561:partido-nacioalista-de-puerto-ricono-es-la-primera-vez-que-el-gobierno-de-hugo-chavez-entrega-o-deporta-camaradas-revolucionarios\" target=\"_blank\">Leer mas<\/a><\/p>\n<\/td>\n<\/tr>\n<tr>\n<td><img data-recalc-dims=\"1\" decoding=\"async\" src=\"https:\/\/i0.wp.com\/www.abpnoticias.com\/media\/k2\/items\/cache\/878af4972e07916863ae909a162bf74b_S.jpg?w=747\" border=\"0\" hspace=\"5\" align=\"left\" \/> <\/p>\n<p align=\"justify\"><strong>Confirmada la ciudadan\u00eda sueca del comunicador Bolivariano Joaqu\u00edn P\u00e9rez<\/strong><\/p>\n<p align=\"justify\">2011-04-27-abpnoticias-Como afirmaron los abogados venezolanos a las autoridades Joaqu\u00edn P\u00e9rez Becerra tiene ciudadan\u00eda de Suecia. Este hecho cobra especial relevancia si se tiene en cuenta que uno de los principales argumentos esgrimidos en Venezuela contra la exigencia de liberaci\u00f3n es que nadie hab\u00eda podido confirmar dicha informaci\u00f3n.<\/p>\n<p align=\"justify\"><a href=\"http:\/\/www.abpnoticias.com\/index.php?option=com_k2&amp;view=item&amp;id=560:confirmada-la-ciudadan%C3%ADa-sueca-del-comunicador-bolivariano-joaqu%C3%ADn-p%C3%A9rez\" target=\"_blank\">Leer mas<\/a><\/p>\n<\/td>\n<\/tr>\n<tr>\n<td><img data-recalc-dims=\"1\" decoding=\"async\" src=\"https:\/\/i0.wp.com\/www.abpnoticias.com\/media\/k2\/items\/cache\/c910db2cadeb7dd44121f01e6d7b155d_S.jpg?w=747\" border=\"0\" hspace=\"5\" align=\"left\" \/> <\/p>\n<p align=\"justify\"><strong>Ch\u00e1vez entrega militante al Estado terrorista colombiano, pierde la confianza de la izquierda y no ganar\u00e1 la de la derecha<\/strong><\/p>\n<p align=\"justify\">2011-04-26-abpnoticias-PCB-El Partido Comunista Brasile\u00f1o (PCB) manifiesta su indignaci\u00f3n con la reciente detenci\u00f3n, en Caracas, del militante colombiano Joaquim P\u00e9rez Becerra, cuando llegaba de un vuelo procedente de Alemania, y su posterior extradici\u00f3n ilegal y abominable para Colombia.<\/p>\n<p align=\"justify\"><a href=\"http:\/\/www.abpnoticias.com\/index.php?option=com_k2&amp;view=item&amp;id=559:ch%C3%A1vez-entrega-militante-al-estado-terrorista-colombiano-pierde-la-confianza-de-la-izquierda-y-no-ganar%C3%A1-la-de-la-derecha\" target=\"_blank\">Leer mas<\/a><\/p>\n<\/td>\n<\/tr>\n<tr>\n<td><img data-recalc-dims=\"1\" decoding=\"async\" src=\"https:\/\/i0.wp.com\/www.abpnoticias.com\/media\/k2\/items\/cache\/4693ba70fe7ccf8c5461d5f42e16af89_S.jpg?w=747\" border=\"0\" hspace=\"5\" align=\"left\" \/> <\/p>\n<p align=\"justify\"><strong>Ch\u00e1vez colabora con el linchamiento judicial de luchadores colombianos<\/strong><\/p>\n<p align=\"justify\">2011-04-26-abpnoticias-Jos\u00e9 Antonio Guti\u00e9rrez D.- A riesgo de que se me trate de agente de la CIA, infiltrado y otras lindezas, creo necesario hablar claro en esta ocasi\u00f3n y decir con toda honestidad lo que pienso respecto a los recientes eventos en Venezuela-Colombia.<\/p>\n<p align=\"justify\"><a href=\"http:\/\/www.abpnoticias.com\/index.php?option=com_k2&amp;view=item&amp;id=558:ch%C3%A1vez-colabora-con-el-linchamiento-judicial-de-luchadores-colombianos\" target=\"_blank\">Leer mas<\/a><\/p>\n<\/td>\n<\/tr>\n<tr>\n<td><img data-recalc-dims=\"1\" decoding=\"async\" src=\"https:\/\/i0.wp.com\/www.abpnoticias.com\/media\/k2\/items\/cache\/7c8a032eb1fd580d4ed0e1065f1e3688_S.jpg?w=747\" border=\"0\" hspace=\"5\" align=\"left\" \/> <\/p>\n<p align=\"justify\"><strong>Nota de rechazo a la extradici\u00f3n del periodista Joaqu\u00edn P\u00e9rez Becerra, \u00a1por su inmediata liberaci\u00f3n!<\/strong><\/p>\n<p align=\"justify\">2011-04-26-abpnoticias-Partido Comunista Marxista-Leninista (Brasil)-Consternados hemos recibido la noticia acerca de la extradici\u00f3n, por el Gobierno Bolivariano de Venezuela, del periodista Joaqu\u00edn P\u00e9rez Becerra al r\u00e9gimen fascista de las oligarqu\u00edas de Colombia.<\/p>\n<p align=\"justify\"><a href=\"http:\/\/www.abpnoticias.com\/index.php?option=com_k2&amp;view=item&amp;id=557:nota-de-rechazo-a-la-extradici%C3%B3n-del-periodista-joaqu%C3%ADn-p%C3%A9rez-becerra-%C2%A1por-su-inmediata-liberaci%C3%B3n\" target=\"_blank\">Leer mas<\/a><\/p>\n<\/td>\n<\/tr>\n<tr>\n<td><img data-recalc-dims=\"1\" decoding=\"async\" src=\"https:\/\/i0.wp.com\/www.abpnoticias.com\/media\/k2\/items\/cache\/2660be2b2df02c41fc17abdbfc676d66_S.jpg?w=747\" border=\"0\" hspace=\"5\" align=\"left\" \/> <\/p>\n<p align=\"justify\"><strong>Joaqu\u00edn P\u00e9rez Becerra, preso pol\u00edtico Sueco en las mazmorras del Estado Colombiano<\/strong><\/p>\n<p align=\"justify\">2011-04-26-abpnoticias-Patria es Solidaridad- Residenciados en la Republica Bolivariana de Venezuela y seguros de garant\u00edas constitucionales que para la defensa de los derechos humanos y Fundamentales existen en la patria buena, en la patria bonita, la Asociaci\u00f3n de Asuntos humanitarios PATRIA ES SOLIDARIDAD, nos sumamos al llamado popular, de cientos de personas, colectivos, asociaciones, ong\u2019s, comunicadores sociales, partidos, organizaciones en general, dentro y fuera de Venezuela, para exigir las garant\u00edas constitucionales y lograr la libertad a la que tenia derecho el ciudadano sueco y comunicador social, Joaqu\u00edn P\u00e9rez becerra.<\/p>\n<p align=\"justify\"><a href=\"http:\/\/www.abpnoticias.com\/index.php?option=com_k2&amp;view=item&amp;id=556:joaqu%C3%ADn-p%C3%A9rez-becerra-preso-pol%C3%ADtico-sueco-en-las-mazmorras-del-estado-colombiano\" target=\"_blank\">Leer mas<\/a><\/p>\n<\/td>\n<\/tr>\n<tr>\n<td><img data-recalc-dims=\"1\" decoding=\"async\" src=\"https:\/\/i0.wp.com\/www.abpnoticias.com\/media\/k2\/items\/cache\/7dff099a65b026895942a872c251a542_S.jpg?w=747\" border=\"0\" hspace=\"5\" align=\"left\" \/> <\/p>\n<p align=\"justify\"><strong>La entrega ilegal de P\u00e8rez Becerra: Una pu\u00f1alada en el coraz\u00f3n del pueblo colombiano<\/strong><\/p>\n<p align=\"justify\">2011-04-26-abpnoticias-NotiColombia Press- Una pu\u00f1alada certera. Dada por mano amiga, la cual dice ser revolucionaria. Los civiles que persistimos en nuestra apuesta por la paz estamos heridos de muerte. No sabemos si sobreviviremos. Ante tama\u00f1o dolor no hay ning\u00fan medicamento que pueda aliviarlo.<\/p>\n<p align=\"justify\"><a href=\"http:\/\/www.abpnoticias.com\/index.php?option=com_k2&amp;view=item&amp;id=555:la-entrega-ilegal-de-p%C3%A8rez-becerra-una-pu%C3%B1alada-en-el-coraz%C3%B3n-del-pueblo-colombiano\" target=\"_blank\">Leer mas<\/a><\/p>\n<\/td>\n<\/tr>\n<tr>\n<td><img data-recalc-dims=\"1\" decoding=\"async\" src=\"https:\/\/i0.wp.com\/www.abpnoticias.com\/media\/k2\/items\/cache\/16e33b8fd7ad7ca58b03c6bbca1f0b81_S.jpg?w=747\" border=\"0\" hspace=\"5\" align=\"left\" \/> <\/p>\n<p align=\"justify\"><strong>\u00a1Libertad y solidaridad para el periodista de la Agencia de Noticias Colombianas, ANNCOL, Joaqu\u00ecn P\u00e9rez<\/strong><\/p>\n<p align=\"justify\">2011-04-26-abpnoticias-.radio36.com.uy- Soy periodista y no pertenezco a las Farc, dice Joaqu\u00edn P\u00e9rez<\/p>\n<p align=\"justify\"><a href=\"http:\/\/www.abpnoticias.com\/index.php?option=com_k2&amp;view=item&amp;id=554:%C2%A1libertad-y-solidaridad-para-el-periodista-de-la-agencia-de-noticias-colombianas-anncol-joaqu%C3%ACn-p%C3%A9rez\" target=\"_blank\">Leer mas<\/a><\/p>\n<\/td>\n<\/tr>\n<\/tbody>\n<\/table>\n<p align=\"justify\">Fonte: <a href=\"http:\/\/www.abpnoticias.com\/index.php?option=com_acymailing&amp;ctrl=archive&amp;task=view&amp;mailid=37&amp;key=55c68701d08d03b8fd7daa98810dcc9b&amp;sub=3244-1ef70ea7683e9e369f3a31ee206db315\">ABP<\/a><\/p>\n<p align=\"justify\">\n","protected":false},"excerpt":{"rendered":"\n\n\nCr\u00e9dito: ABP\n\n\n\n\n\n\n\n\n27 Abril 2011\n<a class=\"moretag\" href=\"https:\/\/pcb.org.br\/portal2\/1424\"> <\/a>","protected":false},"author":1,"featured_media":0,"comment_status":"open","ping_status":"open","sticky":false,"template":"","format":"standard","meta":{"jetpack_post_was_ever_published":false,"_jetpack_newsletter_access":"","_jetpack_dont_email_post_to_subs":false,"_jetpack_newsletter_tier_id":0,"_jetpack_memberships_contains_paywalled_content":false,"_jetpack_memberships_contains_paid_content":false,"footnotes":"","jetpack_publicize_message":"","jetpack_publicize_feature_enabled":true,"jetpack_social_post_already_shared":false,"jetpack_social_options":{"image_generator_settings":{"template":"highway","default_image_id":0,"font":"","enabled":false},"version":2}},"categories":[34],"tags":[],"class_list":["post-1424","post","type-post","status-publish","format-standard","hentry","category-c39-colombia"],"jetpack_publicize_connections":[],"jetpack_featured_media_url":"","jetpack_shortlink":"https:\/\/wp.me\/p659gw-mY","jetpack-related-posts":[],"jetpack_likes_enabled":true,"jetpack_sharing_enabled":true,"_links":{"self":[{"href":"https:\/\/pcb.org.br\/portal2\/wp-json\/wp\/v2\/posts\/1424","targetHints":{"allow":["GET"]}}],"collection":[{"href":"https:\/\/pcb.org.br\/portal2\/wp-json\/wp\/v2\/posts"}],"about":[{"href":"https:\/\/pcb.org.br\/portal2\/wp-json\/wp\/v2\/types\/post"}],"author":[{"embeddable":true,"href":"https:\/\/pcb.org.br\/portal2\/wp-json\/wp\/v2\/users\/1"}],"replies":[{"embeddable":true,"href":"https:\/\/pcb.org.br\/portal2\/wp-json\/wp\/v2\/comments?post=1424"}],"version-history":[{"count":0,"href":"https:\/\/pcb.org.br\/portal2\/wp-json\/wp\/v2\/posts\/1424\/revisions"}],"wp:attachment":[{"href":"https:\/\/pcb.org.br\/portal2\/wp-json\/wp\/v2\/media?parent=1424"}],"wp:term":[{"taxonomy":"category","embeddable":true,"href":"https:\/\/pcb.org.br\/portal2\/wp-json\/wp\/v2\/categories?post=1424"},{"taxonomy":"post_tag","embeddable":true,"href":"https:\/\/pcb.org.br\/portal2\/wp-json\/wp\/v2\/tags?post=1424"}],"curies":[{"name":"wp","href":"https:\/\/api.w.org\/{rel}","templated":true}]}}