{"id":14391,"date":"2017-05-13T18:17:41","date_gmt":"2017-05-13T21:17:41","guid":{"rendered":"https:\/\/pcb.org.br\/portal2\/?p=14391"},"modified":"2023-02-26T00:40:59","modified_gmt":"2023-02-26T03:40:59","slug":"edmilson-costa-depositar-esperancas-numa-volta-de-lula-e-um-erro-grave","status":"publish","type":"post","link":"https:\/\/pcb.org.br\/portal2\/14391","title":{"rendered":"Edmilson Costa: \u201cdepositar esperan\u00e7as numa volta de Lula \u00e9 um erro grave\u201d"},"content":{"rendered":"<p><img decoding=\"async\" class=\"imagem\" title=\"imagem\" src=\"https:\/\/i0.wp.com\/outraspalavras.net\/blog\/wp-content\/uploads\/2017\/05\/10544774_599502386837999_844410734602566536_n.jpg?resize=583%2C720\" alt=\"imagem\" \/><strong><em>\u201cA aposta deve ser feita na luta de massas, na mudan\u00e7a da correla\u00e7\u00e3o de for\u00e7as, na derrubada do governo, com a coloca\u00e7\u00e3o dos corruptos na cadeia\u201d<\/em><\/strong><!--more--><\/p>\n<p>Por Edmilson Costa*<\/p>\n<p>A Justi\u00e7a no Brasil tem lado e, na grande maioria das vezes, esteve ao lado dos poderosos. No caso espec\u00edfico de Curitiba, entendemos que o juiz Sergio Moro age de forma parcial. Enquanto o Michel Temer, grande parte de seus ministros e parcela expressiva da C\u00e2mara e do Senado, est\u00e3o envolvidos com a corrup\u00e7\u00e3o, o juiz monta esse espet\u00e1culo midi\u00e1tico como se Lula fosse o \u00fanico respons\u00e1vel pela corrup\u00e7\u00e3o no Brasil. Por que n\u00e3o realiza o mesmo espet\u00e1culo com A\u00e9cio Neves, os ministros de Temer e os parlamentares corruptos? Para os amigos a justi\u00e7a, para os inimigos, a lei.<\/p>\n<p>Vivemos uma das mais graves crises de nossa hist\u00f3ria. Combina uma das maiores recess\u00f5es desde a d\u00e9cada de 30, uma crise social com mais de 14 milh\u00f5es de desempregados, uma crise pol\u00edtica profunda, o fim de um longo ciclo que se iniciou em 1978, com a greve da Scania, e fechou com o impeachment e a abertura de um novo ciclo que se iniciou embrionariamente com as jornadas de junho de 2013. O fim desse ciclo marcou tamb\u00e9m a derrota da pol\u00edtica de concilia\u00e7\u00e3o de classes e a emerg\u00eancia de um governo puro sangue da burguesia e do imperialismo, que vem realizando um brutal ataque contra os trabalhadores, a juventude e o povo pobre dos bairros. Em contrapartida, h\u00e1 um enorme descontentamento e indigna\u00e7\u00e3o na grande maioria da popula\u00e7\u00e3o contra esse governo, que se manifesta nas ruas, est\u00e1dios de futebol, shows art\u00edsticos e que se condensou na greve geral de 28 de abril. Portanto, h\u00e1 um processo de lutas sociais em marcha e o centro de nossos esfor\u00e7os dever\u00e1 continuar no sentido da organiza\u00e7\u00e3o e mobiliza\u00e7\u00e3o dos trabalhadores, da juventude e do povo pobre dos bairros, at\u00e9 a queda do governo usurpador. Isso significar ampliar as lutas nas ruas, nos locais de trabalho, moradia e estudo. O resultado das lutas que realizarmos em 2017 ter\u00e1 um papel fundamental no futuro do Pa\u00eds. Portanto, depositar esperan\u00e7as nas elei\u00e7\u00f5es de 2018 ou numa volta de Lula \u00e0 presid\u00eancia \u00e9 um erro grave. Os 13 anos de governo petistas j\u00e1 nos ensinaram o que n\u00e3o devemos repetir. Um eventual governo Lula seria ainda pior que o realizado no passado, com mais frustra\u00e7\u00f5es para os trabalhadores e a juventude. A aposta deve ser feita na luta de massas, na mudan\u00e7a da correla\u00e7\u00e3o de for\u00e7as, na derrubada do governo, com a coloca\u00e7\u00e3o dos corruptos na cadeia, confisco de seus bens e a conquista de um governo que baseado nos interesses populares.<\/p>\n<p><strong><em>*Economista, professor universit\u00e1rio e secret\u00e1rio geral do PCB<\/em><\/strong><\/p>\n<hr \/>\n<p><strong>Nota da p\u00e1gina Outras Palavras:<\/strong><\/p>\n<p><em>Outras Palavras est\u00e1 indagando, a pessoas que pensam e lutam por Outro Brasil, que estrat\u00e9gias permitir\u00e3o resgatar o pa\u00eds da crise (Leia a quest\u00e3o completa <a href=\"http:\/\/outraspalavras.net\/blog\/2017\/05\/10\/brasil-como-virar-pagina\/\">aqui<\/a>\u00a0e veja todas as respostas dos entrevistados <a href=\"http:\/\/outraspalavras.net\/blog\/tag\/virar-a-pagina\/\" target=\"_blank\" rel=\"noopener noreferrer\">aqui<\/a>).<\/em><\/p>\n<hr \/>\n<p>https:\/\/outraspalavras.net\/blog\/2017\/05\/10\/edmilson-costa-depositar-esperancas-numa-volta-de-lula-e-um-erro-grave\/<\/p>\n","protected":false},"excerpt":{"rendered":"\u201cA aposta deve ser feita na luta de massas, na mudan\u00e7a da correla\u00e7\u00e3o de for\u00e7as, na derrubada do governo, com a coloca\u00e7\u00e3o dos \n<a class=\"moretag\" href=\"https:\/\/pcb.org.br\/portal2\/14391\"> <\/a>","protected":false},"author":1,"featured_media":0,"comment_status":"closed","ping_status":"closed","sticky":false,"template":"","format":"standard","meta":{"jetpack_post_was_ever_published":false,"_jetpack_newsletter_access":"","_jetpack_dont_email_post_to_subs":false,"_jetpack_newsletter_tier_id":0,"_jetpack_memberships_contains_paywalled_content":false,"_jetpack_memberships_contains_paid_content":false,"footnotes":"","jetpack_publicize_message":"","jetpack_publicize_feature_enabled":true,"jetpack_social_post_already_shared":true,"jetpack_social_options":{"image_generator_settings":{"template":"highway","default_image_id":0,"font":"","enabled":false},"version":2}},"categories":[7,383],"tags":[],"class_list":["post-14391","post","type-post","status-publish","format-standard","hentry","category-s8-brasil","category-pronunciamentos-da-secretaria-geral"],"jetpack_publicize_connections":[],"jetpack_featured_media_url":"","jetpack_shortlink":"https:\/\/wp.me\/p659gw-3K7","jetpack-related-posts":[],"jetpack_likes_enabled":true,"jetpack_sharing_enabled":true,"_links":{"self":[{"href":"https:\/\/pcb.org.br\/portal2\/wp-json\/wp\/v2\/posts\/14391","targetHints":{"allow":["GET"]}}],"collection":[{"href":"https:\/\/pcb.org.br\/portal2\/wp-json\/wp\/v2\/posts"}],"about":[{"href":"https:\/\/pcb.org.br\/portal2\/wp-json\/wp\/v2\/types\/post"}],"author":[{"embeddable":true,"href":"https:\/\/pcb.org.br\/portal2\/wp-json\/wp\/v2\/users\/1"}],"replies":[{"embeddable":true,"href":"https:\/\/pcb.org.br\/portal2\/wp-json\/wp\/v2\/comments?post=14391"}],"version-history":[{"count":0,"href":"https:\/\/pcb.org.br\/portal2\/wp-json\/wp\/v2\/posts\/14391\/revisions"}],"wp:attachment":[{"href":"https:\/\/pcb.org.br\/portal2\/wp-json\/wp\/v2\/media?parent=14391"}],"wp:term":[{"taxonomy":"category","embeddable":true,"href":"https:\/\/pcb.org.br\/portal2\/wp-json\/wp\/v2\/categories?post=14391"},{"taxonomy":"post_tag","embeddable":true,"href":"https:\/\/pcb.org.br\/portal2\/wp-json\/wp\/v2\/tags?post=14391"}],"curies":[{"name":"wp","href":"https:\/\/api.w.org\/{rel}","templated":true}]}}