{"id":14400,"date":"2017-05-15T13:22:14","date_gmt":"2017-05-15T16:22:14","guid":{"rendered":"https:\/\/pcb.org.br\/portal2\/?p=14400"},"modified":"2017-05-29T16:00:19","modified_gmt":"2017-05-29T19:00:19","slug":"argentina-o-povo-repudiou-com-conviccao-e-muita-forca-a-decisao-da-justica-que-beneficia-genocidas","status":"publish","type":"post","link":"https:\/\/pcb.org.br\/portal2\/14400","title":{"rendered":"Argentina: O povo repudiou com convic\u00e7\u00e3o e muita for\u00e7a a decis\u00e3o da Justi\u00e7a que beneficia genocidas"},"content":{"rendered":"<p><img data-recalc-dims=\"1\" height=\"400\" width=\"620\" decoding=\"async\" class=\"imagem\" title=\"imagem\" src=\"https:\/\/i0.wp.com\/www.resumenlatinoamericano.org\/wp-content\/uploads\/2017\/05\/marcha-vs-2x1-nota-seba-620x400.jpg?resize=620%2C400\" alt=\"imagem\" \/>Por Sebasti\u00e1n Polischuk.<br \/>\nResumen Latinoamericano. 10 de maio de 2017<!--more--><\/p>\n<p>Este 10 de maio de 2017 foi um dia hist\u00f3rico de grande e contundente rep\u00fadio em uma enorme marcha na Pra\u00e7a da Mayo, na Cidade Aut\u00f4noma de Buenos Aires, de mais de meio milh\u00e3o de pessoas, que se expressaram contra a decis\u00e3o da Corte Suprema de Justi\u00e7a que beneficia genocidas e repressores da \u00faltima e mais cruel ditadura argentina sob a denominada Lei 2X1, votada na semana passada pela maioria dos ju\u00edzes. Esta 2X1 foi aprovada na d\u00e9cada de 90 e revogada no ano de 2001, postula que por cada ano de pris\u00e3o preventiva, se estabelecem como se fossem dois de maneira efetiva.<\/p>\n<p>E estes nefastos ju\u00edzes Elena Highton de Nolasco, Carlos Rosenkrantz e Horacio Rosatti, propostos pelo macrismo, consideraram com esta decis\u00e3o esse mesmo benef\u00edcio pode ser aplicado a genocidas, assassinos e torturadores, tal como fizeram ao aplicar esta decis\u00e3o ao genocida que libertaram Luis Mui\u00f1a, contradizendo a pr\u00f3pria lei 2X1, pois nem seque tinha tido pris\u00e3o preventiva tal como ocorre com todos os genocidas.<\/p>\n<p>Trata-se de dar privil\u00e9gios aos assassinos mais cru\u00e9is e sangrentos da hist\u00f3ria argentina, que n\u00e3o s\u00f3 cometeram estes crimes de lesa humanidade, como jamais se arrependeram de t\u00ea-los feito, nem sequer contribu\u00edram com dados sobre as apropria\u00e7\u00f5es de beb\u00eas e dos corpos e informa\u00e7\u00e3o sobre as e os desaparecidos da \u00faltima ditadura c\u00edvico-empresarial-clerical e militar. E, desta maneira, esta decis\u00e3o pode deixar em liberdade cerca de 300 genocidas, como o cura Cristian Von Vernich (que nunca foi expulso da igreja), Alfredo Astiz, Jorge \u201cTigre\u201d Acosta e Miguel Etchecolatz (que tamb\u00e9m \u00e9 apontado como respons\u00e1vel pelo duplo desaparecimento, desta vez na democracia, de Julio L\u00f3pez).<\/p>\n<p>Decis\u00e3o que tamb\u00e9m, como responderam inclusive as Na\u00e7\u00f5es Unidas, atua de maneira totalmente ilegal e desrespeita a ratificada Conven\u00e7\u00e3o sobre a Imprescritibilidade dos Crimes de Guerra e de Lesa Humanidade, a que a Argentina aderiu e ao Estatuto de Toma da Corte Penal Internacional, que declaram que estes delitos s\u00e3o \u201cimprescrit\u00edveis\u201d.<\/p>\n<p>Al\u00e9m disso, como se isto fosse pouco, a maioria dos genocidas, repressores e torturadores continuam gozando de total impunidade. Segundo dados da Procuradoria de Crimes contra a Humanidade, dos 2.780 genocidas acusados de serem c\u00famplices da \u00faltima ditadura, at\u00e9 mar\u00e7o de 2017, apenas 750, ou seja, uns 27% foram condenados; 1.149 dos acusados se encontram em liberdade e 1.044 detidos, dos quais 518 se encontram em pris\u00e3o domiciliar, e 542 dos acusados faleceram (467 deles sem serem sentenciados e 75 ap\u00f3s os ditames de sua condena\u00e7\u00e3o ou absolvi\u00e7\u00e3o &#8211; <a href=\"http:\/\/www.fiscales.gob.ar\/wp-content\/uploads\/2017\/03\/LH_Informe-Estadistico_2017.pdf\" target=\"_blank\" rel=\"noopener noreferrer\">http:\/\/www.fiscales.gob.ar\/wp-<wbr \/>content\/uploads\/2017\/03\/LH_<wbr \/>Informe-Estadistico_2017.pdf<\/a> ,<wbr \/> <a href=\"http:\/\/www.agenciapacourondo.com.ar\/ddhh\/750-genocidas-fueron-condenados-por-delitos-de-lesa-humanidad\" target=\"_blank\" rel=\"noopener noreferrer\">http:\/\/www.agenciapacourondo.<wbr \/>com.ar\/ddhh\/750-genocidas-<wbr \/>fueron-condenados-por-delitos-<wbr \/>de-lesa-humanidad<\/a>, <a href=\"http:\/\/www.8300.com.ar\/2017\/05\/05\/el-declive-moral-de-la-corte-suprema\/\" target=\"_blank\" rel=\"noopener noreferrer\">http:\/\/www.<wbr \/>8300.com.ar\/2017\/05\/05\/el-<wbr \/>declive-moral-de-la-corte-<wbr \/>suprema\/<\/a>) .<\/p>\n<p>Com base em tudo isso foi que o povo argentino somou sua voz em todo o pa\u00eds e na Pra\u00e7a de Mayo, onde se leu um documento similar ao tirado pela maioria das organiza\u00e7\u00f5es de direitos humanos, onde, entre algumas de suas oradoras, estiveram Taty Almeida e Nora Corti\u00f1as, das M\u00e3es da Pra\u00e7a de Mayo \u2013 Linha fundadora, e Estela de Carlotto, das Av\u00f3s da Pra\u00e7a de Mayo. Todas elas expressaram seu agradecimento ao povo argentino que, al\u00e9m de repudiar a decis\u00e3o, obrigou de alguma maneira que deputados e senadores se proponham a limitar essa terr\u00edvel decis\u00e3o da Corte Suprema, que \u00e9 uma porta para a impunidade.<\/p>\n<p>Nora Corti\u00f1as, ao falar diante de milhares e milhares de pessoas na pra\u00e7a, leu algumas frases que ela mesma escreveu, dizendo que:<\/p>\n<p>\u201cPelos meninos e meninas que tiveram sua identidade roubada e foram entregues a fam\u00edlias desconhecidas, quero e queremos justi\u00e7a.<\/p>\n<p>Pelas m\u00e3es,filhos e filhas que foram arremessados vivos ao mar como destino final, quero e queremos justi\u00e7a.<\/p>\n<p>Pelos que foram torturados, assassinados e enterrados em covas desconhecidas, quero e queremos justi\u00e7a.<\/p>\n<p>Pelas fam\u00edlias as quais o desparecimento de seus filhos e filhas arrebataram suas vidas, quero e queremos justi\u00e7a.&#8221;<\/p>\n<p>E Taty Almeida, em rela\u00e7\u00e3o ao forte apoio recebido na pra\u00e7a, se expressou dizendo com contund\u00eancia que: \u201cIsto \u00e9 mais uma demonstra\u00e7\u00e3o de que o povo unido jamais ser\u00e1 vencido. Nesta jornada hist\u00f3rica, o povo e os organismos de direitos humanos reunidos nesta hist\u00f3rica pra\u00e7a, dizem bem forte: Nunca mais! Nunca mais impunidade! Nunca mais torturadores, violadores e apropriadores de meninos e meninas! Nunca mais privil\u00e9gios para os criminosos de lesa humanidade! Nunca mais terrorismos de Estado! Nunca mais genocidas soltos! Nunca mais o sil\u00eancio!&#8221;<\/p>\n<p>E no mesmo sentido o fez Estela de Carlotto, ao afirmar e concluir dizendo que: \u201cAqui estamos nesta pra\u00e7a e nas pra\u00e7as de todo o pa\u00eds levantando nossa voz contra o esquecimento para colocar um limite a esta provoca\u00e7\u00e3o e gritar com todas as for\u00e7as. Senhores ju\u00edzes: nunca mais nenhum genocida solto\u201d.<\/p>\n<p><strong>FOTOS:<\/strong><\/p>\n<p><img data-recalc-dims=\"1\" decoding=\"async\" class=\"imagem100a\" title=\"imagem\" src=\"https:\/\/i0.wp.com\/www.resumenlatinoamericano.org\/wp-content\/uploads\/2017\/05\/19.jpeg?w=747\" alt=\"imagem\" border=\"0\" \/><\/p>\n<p><img data-recalc-dims=\"1\" decoding=\"async\" class=\"imagem100a\" title=\"imagem\" src=\"https:\/\/i0.wp.com\/www.resumenlatinoamericano.org\/wp-content\/uploads\/2017\/05\/20.jpeg?w=747\" alt=\"imagem\" border=\"0\" \/><br \/>\n<img data-recalc-dims=\"1\" decoding=\"async\" class=\"imagem100a\" title=\"imagem\" src=\"https:\/\/i0.wp.com\/www.resumenlatinoamericano.org\/wp-content\/uploads\/2017\/05\/21.jpeg?w=747\" alt=\"imagem\" border=\"0\" \/><br \/>\n<img data-recalc-dims=\"1\" decoding=\"async\" class=\"imagem100a\" title=\"imagem\" src=\"https:\/\/i0.wp.com\/www.resumenlatinoamericano.org\/wp-content\/uploads\/2017\/05\/22.jpeg?w=747\" alt=\"imagem\" border=\"0\" \/><\/p>\n<p><img data-recalc-dims=\"1\" decoding=\"async\" class=\"imagem100a\" title=\"imagem\" src=\"https:\/\/i0.wp.com\/www.resumenlatinoamericano.org\/wp-content\/uploads\/2017\/05\/23.jpeg?w=747\" alt=\"imagem\" border=\"0\" \/><\/p>\n<p><img data-recalc-dims=\"1\" decoding=\"async\" class=\"imagem100a\" title=\"imagem\" src=\"https:\/\/i0.wp.com\/www.resumenlatinoamericano.org\/wp-content\/uploads\/2017\/05\/25.jpeg?w=747\" alt=\"imagem\" border=\"0\" \/><br \/>\n<img data-recalc-dims=\"1\" decoding=\"async\" class=\"imagem100a\" title=\"imagem\" src=\"https:\/\/i0.wp.com\/www.resumenlatinoamericano.org\/wp-content\/uploads\/2017\/05\/27.jpeg?w=747\" alt=\"imagem\" border=\"0\" \/><\/p>\n<p><img data-recalc-dims=\"1\" decoding=\"async\" class=\"imagem100a\" title=\"imagem\" src=\"https:\/\/i0.wp.com\/www.resumenlatinoamericano.org\/wp-content\/uploads\/2017\/05\/28.jpeg?w=747\" alt=\"imagem\" border=\"0\" \/><\/p>\n<p><img data-recalc-dims=\"1\" decoding=\"async\" class=\"imagem100a\" title=\"imagem\" src=\"https:\/\/i0.wp.com\/www.resumenlatinoamericano.org\/wp-content\/uploads\/2017\/05\/41.jpeg?w=747\" alt=\"imagem\" border=\"0\" \/><\/p>\n<p><img data-recalc-dims=\"1\" decoding=\"async\" class=\"imagem100a\" title=\"imagem\" src=\"https:\/\/i0.wp.com\/www.resumenlatinoamericano.org\/wp-content\/uploads\/2017\/05\/29.jpeg?w=747\" alt=\"imagem\" border=\"0\" \/><br \/>\n<img data-recalc-dims=\"1\" decoding=\"async\" class=\"imagem100a\" title=\"imagem\" src=\"https:\/\/i0.wp.com\/www.resumenlatinoamericano.org\/wp-content\/uploads\/2017\/05\/2.jpeg?w=747\" alt=\"imagem\" border=\"0\" \/><\/p>\n<p><img data-recalc-dims=\"1\" decoding=\"async\" class=\"imagem100a\" title=\"imagem\" src=\"https:\/\/i0.wp.com\/www.resumenlatinoamericano.org\/wp-content\/uploads\/2017\/05\/6.jpeg?w=747\" alt=\"imagem\" border=\"0\" \/><\/p>\n<p><img data-recalc-dims=\"1\" decoding=\"async\" class=\"imagem100a\" title=\"imagem\" src=\"https:\/\/i0.wp.com\/www.resumenlatinoamericano.org\/wp-content\/uploads\/2017\/05\/7.jpeg?w=747\" alt=\"imagem\" border=\"0\" \/><\/p>\n<p><img data-recalc-dims=\"1\" decoding=\"async\" class=\"imagem100a\" title=\"imagem\" src=\"https:\/\/i0.wp.com\/www.resumenlatinoamericano.org\/wp-content\/uploads\/2017\/05\/8.jpeg?w=747\" alt=\"imagem\" border=\"0\" \/><\/p>\n<p><img data-recalc-dims=\"1\" decoding=\"async\" class=\"imagem100a\" title=\"imagem\" src=\"https:\/\/i0.wp.com\/www.resumenlatinoamericano.org\/wp-content\/uploads\/2017\/05\/9.jpeg?w=747\" alt=\"imagem\" border=\"0\" \/><\/p>\n<p><img data-recalc-dims=\"1\" decoding=\"async\" class=\"imagem100a\" title=\"imagem\" src=\"https:\/\/i0.wp.com\/www.resumenlatinoamericano.org\/wp-content\/uploads\/2017\/05\/10.jpeg?w=747\" alt=\"imagem\" border=\"0\" \/><\/p>\n<p><img data-recalc-dims=\"1\" decoding=\"async\" class=\"imagem100a\" title=\"imagem\" src=\"https:\/\/i0.wp.com\/www.resumenlatinoamericano.org\/wp-content\/uploads\/2017\/05\/11.jpeg?w=747\" alt=\"imagem\" border=\"0\" \/><\/p>\n<p><img data-recalc-dims=\"1\" decoding=\"async\" class=\"imagem100a\" title=\"imagem\" src=\"https:\/\/i0.wp.com\/www.resumenlatinoamericano.org\/wp-content\/uploads\/2017\/05\/12.jpeg?w=747\" alt=\"imagem\" border=\"0\" \/><\/p>\n<p><img data-recalc-dims=\"1\" decoding=\"async\" class=\"imagem100a\" title=\"imagem\" src=\"https:\/\/i0.wp.com\/www.resumenlatinoamericano.org\/wp-content\/uploads\/2017\/05\/13.jpeg?w=747\" alt=\"imagem\" border=\"0\" \/><\/p>\n<p><img data-recalc-dims=\"1\" decoding=\"async\" class=\"imagem100a\" title=\"imagem\" src=\"https:\/\/i0.wp.com\/www.resumenlatinoamericano.org\/wp-content\/uploads\/2017\/05\/14.jpeg?w=747\" alt=\"imagem\" border=\"0\" \/><\/p>\n<p><img data-recalc-dims=\"1\" decoding=\"async\" class=\"imagem100a\" title=\"imagem\" src=\"https:\/\/i0.wp.com\/www.resumenlatinoamericano.org\/wp-content\/uploads\/2017\/05\/15.jpeg?w=747\" alt=\"imagem\" border=\"0\" \/><\/p>\n<p><img data-recalc-dims=\"1\" decoding=\"async\" class=\"imagem100a\" title=\"imagem\" src=\"https:\/\/i0.wp.com\/www.resumenlatinoamericano.org\/wp-content\/uploads\/2017\/05\/16.jpeg?w=747\" alt=\"imagem\" border=\"0\" \/><\/p>\n<p><img data-recalc-dims=\"1\" decoding=\"async\" class=\"imagem100a\" title=\"imagem\" src=\"https:\/\/i0.wp.com\/www.resumenlatinoamericano.org\/wp-content\/uploads\/2017\/05\/18.jpeg?w=747\" alt=\"imagem\" border=\"0\" \/><br \/>\n<img data-recalc-dims=\"1\" decoding=\"async\" class=\"imagem100a\" title=\"imagem\" src=\"https:\/\/i0.wp.com\/www.resumenlatinoamericano.org\/wp-content\/uploads\/2017\/05\/17.jpeg?w=747\" alt=\"imagem\" border=\"0\" \/><br \/>\n<img data-recalc-dims=\"1\" height=\"448\" width=\"747\" decoding=\"async\" class=\"imagem100a\" title=\"imagem\" src=\"https:\/\/i0.wp.com\/www.resumenlatinoamericano.org\/wp-content\/uploads\/2017\/05\/31-1024x614.jpeg?resize=747%2C448\" alt=\"imagem\" border=\"0\" \/><\/p>\n<p><img data-recalc-dims=\"1\" height=\"448\" width=\"747\" decoding=\"async\" class=\"imagem100a\" title=\"imagem\" src=\"https:\/\/i0.wp.com\/www.resumenlatinoamericano.org\/wp-content\/uploads\/2017\/05\/30-1024x614.jpeg?resize=747%2C448\" alt=\"imagem\" border=\"0\" \/><\/p>\n<p><img data-recalc-dims=\"1\" height=\"420\" width=\"747\" decoding=\"async\" class=\"imagem100a\" title=\"imagem\" src=\"https:\/\/i0.wp.com\/www.resumenlatinoamericano.org\/wp-content\/uploads\/2017\/05\/IMG-20170510-WA0012-1024x576.jpg?resize=747%2C420\" alt=\"imagem\" border=\"0\" \/><\/p>\n<p><img data-recalc-dims=\"1\" height=\"420\" width=\"747\" decoding=\"async\" class=\"imagem100a\" title=\"imagem\" src=\"https:\/\/i0.wp.com\/www.resumenlatinoamericano.org\/wp-content\/uploads\/2017\/05\/IMG-20170510-WA0011-1024x576.jpg?resize=747%2C420\" alt=\"imagem\" border=\"0\" \/><\/p>\n<p><img data-recalc-dims=\"1\" decoding=\"async\" class=\"imagem100a\" title=\"imagem\" src=\"https:\/\/i0.wp.com\/www.resumenlatinoamericano.org\/wp-content\/uploads\/2017\/05\/18359132_10212904487544525_1997490075673710909_o-1.jpg?w=747\" alt=\"imagem\" border=\"0\" \/><\/p>\n<p><img data-recalc-dims=\"1\" decoding=\"async\" class=\"imagem100a\" title=\"imagem\" src=\"https:\/\/i0.wp.com\/www.resumenlatinoamericano.org\/wp-content\/uploads\/2017\/05\/18342123_10212904488304544_2930138420745974172_n.jpg?w=747\" alt=\"imagem\" border=\"0\" \/><\/p>\n<p><img data-recalc-dims=\"1\" height=\"420\" width=\"747\" decoding=\"async\" class=\"imagem100a\" title=\"imagem\" src=\"https:\/\/i0.wp.com\/www.resumenlatinoamericano.org\/wp-content\/uploads\/2017\/05\/43-1024x576.jpeg?resize=747%2C420\" alt=\"imagem\" border=\"0\" \/><\/p>\n<p><img data-recalc-dims=\"1\" height=\"420\" width=\"747\" decoding=\"async\" class=\"imagem100a\" title=\"imagem\" src=\"https:\/\/i0.wp.com\/www.resumenlatinoamericano.org\/wp-content\/uploads\/2017\/05\/39-1024x576.jpeg?resize=747%2C420\" alt=\"imagem\" border=\"0\" \/><\/p>\n<p><img data-recalc-dims=\"1\" height=\"420\" width=\"747\" decoding=\"async\" class=\"imagem100a\" title=\"imagem\" src=\"https:\/\/i0.wp.com\/www.resumenlatinoamericano.org\/wp-content\/uploads\/2017\/05\/32-1024x576.jpeg?resize=747%2C420\" alt=\"imagem\" border=\"0\" \/><\/p>\n<p><img data-recalc-dims=\"1\" height=\"448\" width=\"747\" decoding=\"async\" class=\"imagem100a\" title=\"imagem\" src=\"https:\/\/i0.wp.com\/www.resumenlatinoamericano.org\/wp-content\/uploads\/2017\/05\/33-1024x614.jpeg?resize=747%2C448\" alt=\"imagem\" border=\"0\" \/><\/p>\n<p>Fonte: <a href=\"http:\/\/www.resumenlatinoamericano.org\/2017\/05\/11\/argentina-el-pueblo-rechazo-con-grandisima-fuerza-el-fallo-de-la-justicia-que-beneficia-a-genocidas-fotos-de-la-marcha-en-plaza-de-mayo\/\" target=\"_blank\" rel=\"noopener noreferrer\">http:\/\/www.<wbr \/>resumenlatinoamericano.org\/<wbr \/>2017\/05\/11\/argentina-el-<wbr \/>pueblo-rechazo-con-grandisima-<wbr \/>fuerza-el-fallo-de-la-<wbr \/>justicia-que-beneficia-a-<wbr \/>genocidas-fotos-de-la-marcha-<wbr \/>en-plaza-de-mayo\/<\/a><\/p>\n<p>Tradu\u00e7\u00e3o: Partido Comunista Brasileiro (PCB)<\/p>\n","protected":false},"excerpt":{"rendered":"Por Sebasti\u00e1n Polischuk. Resumen Latinoamericano. 10 de maio de 2017\n<a class=\"moretag\" href=\"https:\/\/pcb.org.br\/portal2\/14400\"> <\/a>","protected":false},"author":1,"featured_media":0,"comment_status":"closed","ping_status":"closed","sticky":false,"template":"","format":"standard","meta":{"jetpack_post_was_ever_published":false,"_jetpack_newsletter_access":"","_jetpack_dont_email_post_to_subs":false,"_jetpack_newsletter_tier_id":0,"_jetpack_memberships_contains_paywalled_content":false,"_jetpack_memberships_contains_paid_content":false,"footnotes":"","jetpack_publicize_message":"","jetpack_publicize_feature_enabled":true,"jetpack_social_post_already_shared":true,"jetpack_social_options":{"image_generator_settings":{"template":"highway","default_image_id":0,"font":"","enabled":false},"version":2}},"categories":[57],"tags":[],"class_list":["post-14400","post","type-post","status-publish","format-standard","hentry","category-c68-argentina"],"jetpack_publicize_connections":[],"jetpack_featured_media_url":"","jetpack_shortlink":"https:\/\/wp.me\/p659gw-3Kg","jetpack-related-posts":[],"jetpack_likes_enabled":true,"jetpack_sharing_enabled":true,"_links":{"self":[{"href":"https:\/\/pcb.org.br\/portal2\/wp-json\/wp\/v2\/posts\/14400","targetHints":{"allow":["GET"]}}],"collection":[{"href":"https:\/\/pcb.org.br\/portal2\/wp-json\/wp\/v2\/posts"}],"about":[{"href":"https:\/\/pcb.org.br\/portal2\/wp-json\/wp\/v2\/types\/post"}],"author":[{"embeddable":true,"href":"https:\/\/pcb.org.br\/portal2\/wp-json\/wp\/v2\/users\/1"}],"replies":[{"embeddable":true,"href":"https:\/\/pcb.org.br\/portal2\/wp-json\/wp\/v2\/comments?post=14400"}],"version-history":[{"count":0,"href":"https:\/\/pcb.org.br\/portal2\/wp-json\/wp\/v2\/posts\/14400\/revisions"}],"wp:attachment":[{"href":"https:\/\/pcb.org.br\/portal2\/wp-json\/wp\/v2\/media?parent=14400"}],"wp:term":[{"taxonomy":"category","embeddable":true,"href":"https:\/\/pcb.org.br\/portal2\/wp-json\/wp\/v2\/categories?post=14400"},{"taxonomy":"post_tag","embeddable":true,"href":"https:\/\/pcb.org.br\/portal2\/wp-json\/wp\/v2\/tags?post=14400"}],"curies":[{"name":"wp","href":"https:\/\/api.w.org\/{rel}","templated":true}]}}