{"id":14446,"date":"2017-05-18T00:55:15","date_gmt":"2017-05-18T03:55:15","guid":{"rendered":"https:\/\/pcb.org.br\/portal2\/?p=14446"},"modified":"2017-05-29T16:02:08","modified_gmt":"2017-05-29T19:02:08","slug":"ocupar-as-ruas-para-derrubar-temer-e-derrotar-as-reformas","status":"publish","type":"post","link":"https:\/\/pcb.org.br\/portal2\/14446","title":{"rendered":"OCUPAR AS RUAS PARA DERRUBAR TEMER E DERROTAR AS REFORMAS!"},"content":{"rendered":"<p><img decoding=\"async\" class=\"imagem\" title=\"imagem\" src=\"https:\/\/lh3.googleusercontent.com\/j69m_50UgSHb6qcmRIHCV_uKV7y-uHMEBYZrYyYnS_Ojk_dtaSIl_s6lm6RxUXCu9ACo4g1ZPznSyxOdAvByx1Bi00H8Qtj5zovYuugjJ1o5IpMqxBmS7qlmZVqaD9r-hpfgtaYW-xZWKMhu34gz99CcXxJriczZLvib-jrzEre6UaBtOLkBXmrD2tj_vWS9kfySyytsUAIl6q7VhO3pKov1MOUg_qSOGSfsrzbwD0DPvsGQP28rIysPltxqK8Aocex0S6s9-XwkI0E47D2SmX2EvdTji_GfCp8bTW5D3iTaMJDYBycI9K6JyUIYmJx-jQ7m4SRMmxfE6fjNbLBv6qYdLPjF3_PTLc4qG2xIisn6zgTgtFNtBaoiEv8yyAY1qGZy8Ff4i9zfs2-oDcfdDqsXeXcbodyLMBSdDedq_uL-sOaPknRwT0Dj2lPN4RgGvw4JKLmvp1Rw8vMQSAwh2mwI4huB9R5hbzdOU2Jpel3UU7hA7JJRrd5GuxV7caGiFQGifFtnpDuMkQgLlEUY1kUpEDS77mcwRYSg6ZAUF_1mJp1iwPE_W3EAaAlszZk13pjqhRMVEJmtoVaxYOk1XpPK7Ii-ONd6ZGgy99_32YcSKLZ_vg1oYFZbvJ0OjNq4SampBWVSHAY0XOQzbYLAH-QStfMAera1VHbjQuj7rw=w582-h346-no\" alt=\"imagem\" \/><strong>NOTA DA COMISS\u00c3O POL\u00cdTICA NACIONAL DO PCB<\/strong><\/p>\n<p>Nesta quarta feira, dia 17\/05, foi tornada p\u00fablica, atrav\u00e9s das organiza\u00e7\u00f5es Globo, a den\u00fancia do dono da JBS, maior produtora de <!--more-->prote\u00edna animal do mundo, contra o golpista Michel Temer e seus aliados. A grava\u00e7\u00e3o comprova a participa\u00e7\u00e3o de Temer na propina mensal dada a Eduardo Cunha em troca do seu &#8220;sil\u00eancio&#8221;. Sem popularidade alguma, enfrentando a resist\u00eancia de diversos setores da sociedade e, em especial, dos trabalhadores em luta contra as medidas antipopulares, Temer parece estar com os dias contados na presid\u00eancia da Rep\u00fablica.<\/p>\n<p>O PCB se soma \u00e0s manifesta\u00e7\u00f5es unit\u00e1rias convocadas pelos movimentos sociais e organiza\u00e7\u00f5es pol\u00edticas de esquerda contra o governo Temer e as &#8220;reformas&#8221; que retiram direitos hist\u00f3ricos da classe trabalhadora. Apesar de constatarmos as tens\u00f5es e contradi\u00e7\u00f5es interburguesas e entre os poderes do Estado burgu\u00eas brasileiro, sabemos que o programa de medidas antipopulares contra os direitos sociais, pol\u00edticos e trabalhistas unifica a burguesia e \u00e9 vital para a manuten\u00e7\u00e3o da acumula\u00e7\u00e3o capitalista no Brasil e no mundo. Hoje os mesmos setores conservadores da sociedade brasileira que apoiaram e colocaram Temer e sua quadrilha no poder, como a Rede Globo, apostam na sua queda e negociam mais uma sa\u00edda pelo alto, um pacto no interior da classe dominante sem participa\u00e7\u00e3o efetiva da classe trabalhadora, provavelmente na dire\u00e7\u00e3o de uma elei\u00e7\u00e3o indireta a ser conduzida pelo corrupto e degenerado parlamento. Querem novo pacto burgu\u00eas que fa\u00e7a avan\u00e7ar o processo de retirada de direitos dos trabalhadores, com a intensifica\u00e7\u00e3o da criminaliza\u00e7\u00e3o dos movimentos populares e mais restri\u00e7\u00e3o \u00e0 participa\u00e7\u00e3o pol\u00edtica dos trabalhadores na j\u00e1 limitada democracia burguesa.<\/p>\n<p>Neste momento, devemos centrar nossa luta contra o programa econ\u00f4mico e social da burguesia e seu sistema pol\u00edtico, profundamente autorit\u00e1rio e excludente, em que viceja a corrup\u00e7\u00e3o end\u00eamica e toda a degenera\u00e7\u00e3o da sociedade capitalista. O PCB acredita que a maior for\u00e7a da classe trabalhadora \u00e9 sua luta organizada, raz\u00e3o pela qual conclama a milit\u00e2ncia comunista a atuar em conjunto com as organiza\u00e7\u00f5es do campo popular e socialista para fortalecer as mobiliza\u00e7\u00f5es nas ruas, nos locais de trabalho, moradia e estudo, com o prop\u00f3sito maior de derrubar o governo Temer e derrotar as contrarreformas. <span class=\"m_5649620068135452516_5yl5\">Com muita unidade e luta \u00e9 hora de a classe trabalhadora construir seu pr\u00f3prio programa para a crise, fortalecer seus movimentos e entidades independentes, na perspectiva do poder popular, rumo ao socialismo.<\/span><\/p>\n<p><strong>Pela revoga\u00e7\u00e3o do congelamento dos gastos p\u00fablicos por 20 anos e da lei das terceiriza\u00e7\u00f5es!<\/strong><\/p>\n<p><strong>Pela retirada dos projetos de reformas trabalhista e da Previd\u00eancia!<\/strong><\/p>\n<p><strong>Pela anula\u00e7\u00e3o das privatiza\u00e7\u00f5es!<\/strong><\/p>\n<p><strong>NENHUM DIREITO A MENOS! FORA TEMER!<\/strong><\/p>\n","protected":false},"excerpt":{"rendered":"NOTA DA COMISS\u00c3O POL\u00cdTICA NACIONAL DO PCB Nesta quarta feira, dia 17\/05, foi tornada p\u00fablica, atrav\u00e9s das organiza\u00e7\u00f5es Globo, a den\u00fancia do dono \n<a class=\"moretag\" href=\"https:\/\/pcb.org.br\/portal2\/14446\"> <\/a>","protected":false},"author":1,"featured_media":0,"comment_status":"closed","ping_status":"closed","sticky":false,"template":"","format":"standard","meta":{"jetpack_post_was_ever_published":false,"_jetpack_newsletter_access":"","_jetpack_dont_email_post_to_subs":false,"_jetpack_newsletter_tier_id":0,"_jetpack_memberships_contains_paywalled_content":false,"_jetpack_memberships_contains_paid_content":false,"footnotes":"","jetpack_publicize_message":"","jetpack_publicize_feature_enabled":true,"jetpack_social_post_already_shared":true,"jetpack_social_options":{"image_generator_settings":{"template":"highway","default_image_id":0,"font":"","enabled":false},"version":2}},"categories":[190,26],"tags":[],"class_list":["post-14446","post","type-post","status-publish","format-standard","hentry","category-fora-temer","category-c25-notas-politicas-do-pcb"],"jetpack_publicize_connections":[],"jetpack_featured_media_url":"","jetpack_shortlink":"https:\/\/wp.me\/p659gw-3L0","jetpack-related-posts":[],"jetpack_likes_enabled":true,"jetpack_sharing_enabled":true,"_links":{"self":[{"href":"https:\/\/pcb.org.br\/portal2\/wp-json\/wp\/v2\/posts\/14446","targetHints":{"allow":["GET"]}}],"collection":[{"href":"https:\/\/pcb.org.br\/portal2\/wp-json\/wp\/v2\/posts"}],"about":[{"href":"https:\/\/pcb.org.br\/portal2\/wp-json\/wp\/v2\/types\/post"}],"author":[{"embeddable":true,"href":"https:\/\/pcb.org.br\/portal2\/wp-json\/wp\/v2\/users\/1"}],"replies":[{"embeddable":true,"href":"https:\/\/pcb.org.br\/portal2\/wp-json\/wp\/v2\/comments?post=14446"}],"version-history":[{"count":0,"href":"https:\/\/pcb.org.br\/portal2\/wp-json\/wp\/v2\/posts\/14446\/revisions"}],"wp:attachment":[{"href":"https:\/\/pcb.org.br\/portal2\/wp-json\/wp\/v2\/media?parent=14446"}],"wp:term":[{"taxonomy":"category","embeddable":true,"href":"https:\/\/pcb.org.br\/portal2\/wp-json\/wp\/v2\/categories?post=14446"},{"taxonomy":"post_tag","embeddable":true,"href":"https:\/\/pcb.org.br\/portal2\/wp-json\/wp\/v2\/tags?post=14446"}],"curies":[{"name":"wp","href":"https:\/\/api.w.org\/{rel}","templated":true}]}}