{"id":1454,"date":"2011-05-06T19:10:07","date_gmt":"2011-05-06T19:10:07","guid":{"rendered":"http:\/\/pcb.org.br\/portal2\/?p=1454"},"modified":"2011-05-06T19:10:07","modified_gmt":"2011-05-06T19:10:07","slug":"manifesto-em-defesa-da-flasko-sob-controle-dos-trabalhadores","status":"publish","type":"post","link":"https:\/\/pcb.org.br\/portal2\/1454","title":{"rendered":"MANIFESTO EM DEFESA DA FLASK\u00d4 SOB CONTROLE DOS TRABALHADORES"},"content":{"rendered":"\n<p>Em 12 de junho completam-se oito anos de ocupa\u00e7\u00e3o e controle oper\u00e1rio na f\u00e1brica Flask\u00f4. Diante da crise capitalista e a decis\u00e3o dos patr\u00f5es de fechar a f\u00e1brica os oper\u00e1rios e as oper\u00e1rias levantaram a cabe\u00e7a e organizaram-se para manter a f\u00e1brica funcionando na luta em defesa dos empregos. Ocupando a f\u00e1brica e tomando seu controle.<\/p>\n<p>Sem o patr\u00e3o e a partir do controle oper\u00e1rio, da democracia oper\u00e1ria, foi reduzida a jornada de trabalho para 30 horas semanais, sem redu\u00e7\u00e3o nos sal\u00e1rios.<\/p>\n<p>Sem o patr\u00e3o, os oper\u00e1rios e as oper\u00e1rias em conjunto com fam\u00edlias da regi\u00e3o organizaram a ocupa\u00e7\u00e3o do terreno da F\u00e1brica e constroem hoje a Vila Oper\u00e1ria e Popular com moradia para mais de 560 fam\u00edlias.<\/p>\n<p>Sem o patr\u00e3o, os oper\u00e1rios e as oper\u00e1rias reativaram um galp\u00e3o abandonado e iniciaram o projeto \u201cF\u00e1brica de Cultura e Esporte\u201d, com teatro, cinema, jud\u00f4, futebol, bal\u00e9 e dan\u00e7a Al\u00e9m de cursos e atividades de forma\u00e7\u00e3o<\/p>\n<p>Desde o in\u00edcio os oper\u00e1rios defenderam a estatiza\u00e7\u00e3o da f\u00e1brica sob controle dos trabalhadores diante das d\u00edvidas dos patr\u00f5es com o estado.<\/p>\n<p>Desde o inicio os oper\u00e1rios e oper\u00e1rias se somaram a luta do conjunto da classe trabalhadora. Defendendo a reforma agr\u00e1ria junto com os trabalhadores do campo, defendendo a luta pelas moradias com os oper\u00e1rios na cidade, defendendo os direitos e a luta contra os patr\u00f5es em dezenas e dezenas de f\u00e1bricas. Defendendo os servi\u00e7os p\u00fablicos como sa\u00fade e educa\u00e7\u00e3o junto ao povo e aos trabalhadores do setor publico.<\/p>\n<p>Lutaram desde o inicio pela reestatiza\u00e7\u00e3o das ferrovias junto aos ferrovi\u00e1rios, pela reestatiza\u00e7\u00e3o da Vale do Rio Doce e da Embraer, por uma Petrobr\u00e1s 100% estatal.<\/p>\n<p>Os oper\u00e1rios e operarias da Flasko organizaram, junto ao Movimento das F\u00e1bricas Ocupadas em conjunto com os oper\u00e1rios da Cipla e Interfibra 8 caravanas a Bras\u00edlia para exigir a estatiza\u00e7\u00e3o da f\u00e1brica. Os oper\u00e1rios e as oper\u00e1rias organizaram confer\u00eancias, semin\u00e1rios, encontros nacionais e internacionais, al\u00e9m de manifesta\u00e7\u00f5es por todo o Brasil sempre discutindo com sua classe os caminhos da luta.<\/p>\n<p>Hoje, desenvolvem campanha para que a Prefeitura de Sumar\u00e9-SP declare a F\u00e1brica e toda a sua \u00e1rea de Interesse Social, dando um passo no caminho da desapropria\u00e7\u00e3o das propriedades do patr\u00e3o para a sua definitiva estatiza\u00e7\u00e3o sob o controle dos trabalhadores.<\/p>\n<p>Por isso convocamos todas as organiza\u00e7\u00f5es oper\u00e1rias, estudantis, sindicatos, partidos e organiza\u00e7\u00f5es pol\u00edticas, personalidades a ajudarem os trabalhadores da Flask\u00f4 a irem at\u00e9 a vit\u00f3ria subscrevendo este manifesto e multiplicando iniciativas de apoio a Declara\u00e7\u00e3o de Interesse Social da Flask\u00f4 permitindo com isso a regulariza\u00e7\u00e3o de 560 moradias na Vila Oper\u00e1ria, permitindo a transforma\u00e7\u00e3o da F\u00e1brica de Cultura e Esportes num verdadeiro centro cultural e esportivo p\u00fablico, e mais do que tudo isso, estatizando a f\u00e1brica, tornando-a p\u00fablica, sob o controle dos oper\u00e1rios que resistem h\u00e1 oito anos com seu suor e luta.<\/p>\n<p>Sumar\u00e9, 25 de abril de 2011.<\/p>\n<p>Primeiros signat\u00e1rios:<\/p>\n<p>Apoios Internacionais<\/p>\n<p>Alan Woods \u2013 Corrente Marxista Internacional \u2013 Gr\u00e3-Bretanha.<\/p>\n<p>Kevin Nance \u2013 United Food and Commercial Workers (UFCW) \u2013 EUA.<\/p>\n<p>Jeremy Dear \u2013 Secret\u00e1rio Geral, National Union of Journalists \u2013 Reino Unido.<\/p>\n<p>John McDonnell \u2013 Membro do Parlamento \u2013 Reino Unido.<\/p>\n<p>Steve Kelly \u2013 Secret\u00e1rio, UNITE, London construction branch \u2013 Reino Unido.<\/p>\n<p>Andy Blake \u2013 Secret\u00e1rio, CWU, London 7 branch \u2013 Reino Unido.<\/p>\n<p>Paul Holmes \u2013 Membro do Comit\u00ea Executivo Nacional, UNISON \u2013 Reino Unido.<\/p>\n<p>Vanderbeke Roland \u2013 Uni\u00e3o dos Trabalhadores do Setor P\u00fablico \u2013 B\u00e9lgica.<\/p>\n<p>Euler Calzadilla \u2013 Frente Bicenten\u00e1rio de Empresas sob Controle Oper\u00e1rio \u2013 Venezuela.<\/p>\n<p>Eduardo Vasco Mur\u00faa \u2013 IMPA e Movimento Nacional de Empresas Recuperadas \u2013 Argentina.<\/p>\n<p>Andr\u00e9s Mamani Corani \u2013 Federa\u00e7\u00e3o Sindical dos Trabalhadores da Bol\u00edvia.<\/p>\n<p>Metin Yeijin \u2013 Jornalista, escritor e documentarista da Turquia.<\/p>\n<p>Andres Ruggeri \u2013 Professor da Faculdade de Filosofia \u2013 Universidade de Buenos Aires, Argentina.<\/p>\n<p>Akram Nadir \u2013 Federa\u00e7\u00e3o dos Conselhos de Trabalhadores Iraquianos.<\/p>\n<p>Al\u00ed Rojas Juventud del PSUV \u2013 Juventud del PSUV Caracas \u2013 Venezuela.<\/p>\n<p>Ricardo Le\u00f3n \u2013 Juventud del PSUV Caracas \u2013 Venezuela.<\/p>\n<p>Ra\u00fal Serrano \u2013 Juventud del PSUV Caracas \u2013 Venezuela.<\/p>\n<p>Nancy Villamizar \u2013 Juventud del PSUV Caracas \u2013 Venezuela.<\/p>\n<p>Sonia Jaimes \u2013 PSUV Caracas \u2013 Venezuela.<\/p>\n<p>Odalis Rodriguez \u2013 PSUV Caracas \u2013 Venezuela.<\/p>\n<p>Antonio Giorgini \u2013 PSUV Caracas \u2013 Venezuela.<\/p>\n<p>Ana Frank Padilla \u2013 Juventud del PSUV Caracas \u2013 Venezuela.<\/p>\n<p>Johansson Fuentes \u2013 Juventud del PSUV Caracas \u2013 Venezuela.<\/p>\n<p>Hernan Urbina \u2013 PSUV Caracas \u2013 Venezuela.<\/p>\n<p>Diana P\u00e9rez \u2013 PSUV Caracas \u2013 Venezuela.<\/p>\n<p>Paolo Brini \u2013 Comit\u00ea central, Fiom Cgil (Sindicato del metal) \u2013 It\u00e1lia.<\/p>\n<p>Antonio Santorelli \u2013 Comit\u00ea central, Fiom Cgil (Sindicato del metal) \u2013 It\u00e1lia.<\/p>\n<p>Samira Giulitti \u2013 Comit\u00ea nacional, Fisac Cgil (sindicato de los seguos) \u2013 It\u00e1lia.<\/p>\n<p>Paolo Grassi \u2013 Comit\u00ea nacional, Nidil Cgil (Sindicato precari) \u2013 It\u00e1lia.<\/p>\n<p>Mario Iavazzi \u2013 Comit\u00ea nacional, FP Cigil, (Sindicato de empleo publico) \u2013 It\u00e1lia.<\/p>\n<p>Diana Terzi \u2013 Comit\u00ea nacional, Flc Cigil, (Sindicato de la ensenanza) \u2013 It\u00e1lia.<\/p>\n<p>Domenico Loffredo \u2013 Comit\u00ea regional Fiom Cgil, Campania \u2013 It\u00e1lia.<\/p>\n<p>Enzo Chianese \u2013 Comit\u00ea regional Fiom Cgil, Campania \u2013 It\u00e1lia.<\/p>\n<p>Orlando Maviglia \u2013 Comit\u00ea regional, Fiom Cgil, Emilia Romagna \u2013 It\u00e1lia.<\/p>\n<p>Giamplacido Ottaviano \u2013 Comit\u00ea regional Fiom Cgil, Emilia Romagna \u2013 It\u00e1lia.<\/p>\n<p>Antonio Forlano \u2013 Comit\u00ea regional Filt Cgil, Lombardia (Sindicato de los transportes) \u2013 It\u00e1lia.<\/p>\n<p>Laura Parozzi \u2013 Comit\u00ea regional Filt Cgil, Lombardia \u2013 It\u00e1lia.<\/p>\n<p>Fortunato Lania \u2013 Comit\u00ea regional Filt Cgil, Lombardia \u2013 It\u00e1lia.<\/p>\n<p>Lorenzo Esp\u00f3sito \u2013 Comit\u00ea regional Fisac Cgil, Lombardia \u2013 It\u00e1lia.<\/p>\n<p>Angelo Raimondi \u2013 Comit\u00ea regional Filcams Lombardia \u2013 It\u00e1lia.<\/p>\n<p>Antonio Esp\u00f3sito \u2013 Comit\u00ea regional Slc Cgil, Campania (Sindicato de telecomunicaciones) \u2013 It\u00e1lia.<\/p>\n<p>Davide Bacchelli \u2013 Comit\u00ea provincial Cgil, Bologna \u2013 It\u00e1lia.<\/p>\n<p>Vincenzo De Blasi \u2013 Comit\u00ea provincial Cgil Ticino Olona \u2013 It\u00e1lia.<\/p>\n<p>Alberto Parmigiani \u2013 Comit\u00ea provincial Fiom Cgil Ticino Olona \u2013 It\u00e1lia.<\/p>\n<p>Nunzio Vurchio \u2013 Comit\u00ea provincial Fiom Cgil, Bologna \u2013 It\u00e1lia.<\/p>\n<p>Giampiero Montanari \u2013 delegado sindical Sasib Fiom Cgil Bologna \u2013 It\u00e1lia.<\/p>\n<p>Giuseppe Violante \u2013 Comit\u00ea provincial Fiom Cgil, Modena \u2013 It\u00e1lia.<\/p>\n<p>Daniele Prampolini \u2013 Comit\u00ea provincial Fiom Cgil Modena \u2013 It\u00e1lia.<\/p>\n<p>Simone Raffaelli \u2013 Comit\u00ea provincial FP Cgil, Bologna \u2013 It\u00e1lia.<\/p>\n<p>Marco Simoni \u2013 Comit\u00ea provincial FP Cgil, Bologna \u2013 It\u00e1lia.<\/p>\n<p>Valerio Interlandi \u2013 Comit\u00ea provincial Nidil Cgil Milano \u2013 It\u00e1lia.<\/p>\n<p>Serenella Ricci \u2013 Comit\u00ea provincial Nidil Cgil Milano \u2013 It\u00e1lia.<\/p>\n<p>Giorgio Chiaranda \u2013 Comit\u00ea provincial Nidil Cgil Ferrara \u2013 It\u00e1lia.<\/p>\n<p>Alberto Bertoli \u2013 delegado sindical, Fiom Cgil, Bergamo \u2013 It\u00e1lia.<\/p>\n<p>Antonino Grimaldi \u2013 delegado sindical, Flai Cgil, Modena \u2013 It\u00e1lia.<\/p>\n<p>Roland Caramelle \u2013 Comit\u00ea provincial Filcams Cgil Trento \u2013 It\u00e1lia.<\/p>\n<p>Paola Polelli \u2013 Delegada sindical, Ups Milano Filt Cgil \u2013 It\u00e1lia.<\/p>\n<p>Antonio Sisto \u2013 Delegado sindical, AFM Bologna Filcams Cgil \u2013 It\u00e1lia.<\/p>\n<p>Clara Bracchi \u2013 Delegado sindical, Silent Gliss Bologna Fiom CgilCarlo Simoni, delegado sindical, Universit\u00e0 Bologna Flc Cgil \u2013 It\u00e1lia.<\/p>\n<p>Matteo Parlati \u2013 Delegado sindical, Ferrari, Fiom Cgil, Modena \u2013 It\u00e1lia.<\/p>\n<p>Davide Tognoni \u2013 Delegado sindical, FP-Cgil Rolo Reggio Emilia) \u2013 It\u00e1lia.<\/p>\n<p>Francesco Santoro \u2013 Delegado sindical, Terim Fiom Cgil, Modena \u2013 It\u00e1lia.<\/p>\n<p>Serafino Pirillo \u2013 Delegado sindical, Bonfiglioli Fiom Cgil Bologna \u2013 It\u00e1lia.<\/p>\n<p>Davide Ledda \u2013 Delegado sindical, CFT Fiom Cgil Parma \u2013 It\u00e1lia.<\/p>\n<p>Organiza\u00e7\u00f5es pol\u00edticas, sindicais, Movimentos e Parlamentares<\/p>\n<p>Serge Goulart \u2013 Dire\u00e7\u00e3o Nacional do PT (Tend\u00eancia Esquerda Marxista).<\/p>\n<p>Ivan Valente \u2013 Deputado Federal do PSOL<\/p>\n<p>Jos\u00e9 Maria de Almeida \u2013 Dire\u00e7\u00e3o Nacional do PSTU.<\/p>\n<p>Ivan Pinheiro &#8211; Secret\u00e1rio Geral do Partido Comunista Brasileiro (PCB).<\/p>\n<p>Geg\u00ea \u2013 Central de Movimentos Populares.<\/p>\n<p>Gilmar Mauro \u2013 Dire\u00e7\u00e3o Nacional do MST.<\/p>\n<p>Dirceu Travesso \u2013 Dire\u00e7\u00e3o Nacional da CSP &#8211; Conlutas \u2013 Central Sindical e Popular.<\/p>\n<p>Renato Sim\u00f5es \u2013 Movimento Nacional de Direitos Humanos e Dire\u00e7\u00e3o Nacional do PT.<\/p>\n<p>Guilherme Sim\u00f5es \u2013 Dire\u00e7\u00e3o Estadual do MTST.<\/p>\n<p>Leonardo Pinho \u2013 Secret\u00e1rio Parlamentar da C\u00e2mara Federal e do F\u00f3rum Paulista de Economia Solid\u00e1ria.<\/p>\n<p>Samadhi Gil C. Pimentel &#8211; Consulta Popular \u2013 Bahia.<\/p>\n<p>Adilson Mariano \u2013 Vereador do PT \u2013 Joinville\/SC.<\/p>\n<p>Roque Jos\u00e9 Ferreira \u2013 Vereador do PT \u2013 Bauru\/ SP.<\/p>\n<p>Breno Cortella \u2013 Vereador do PT \u2013 Araras.<\/p>\n<p>APROPUC \u2013 Associa\u00e7\u00e3o dos Professores da PUC-SP.<\/p>\n<p>Francisco Galv\u00e3o \u2013 Movimento dos Trabalhadores Desempregados.<\/p>\n<p>Severino Nascimento (Faust\u00e3o) \u2013 Dire\u00e7\u00e3o Nacional da CUT.<\/p>\n<p>Jos\u00e9 Carlos Miranda \u2013 Movimento Negro Socialista.<\/p>\n<p>Pedro Arantes \u2013 Coletivo USINA.<\/p>\n<p>Caio Dezorzi \u2013 Diret\u00f3rio Municipal do PT \u2013 S\u00e3o Paulo.<\/p>\n<p>S\u00edlvio Durante \u2013 Membro da Executiva do PT \u2013 Bauru.<\/p>\n<p>Fabr\u00edcio Calos Genaro \u2013 Membro do Diret\u00f3rio Municipal do PT \u2013 Bauru.<\/p>\n<p>\u00c1lvaro Cardoso de Lima (Bambu) \u2013 Diretoria da Confedera\u00e7\u00e3o Nacional dos Qu\u00edmicos (CNT).<\/p>\n<p>Verivaldo Mota da Silva (Galo) \u2013 Diretor Sindicato dos Vidreiros \u2013 S\u00e3o Paulo.<\/p>\n<p>Danilo Ferreira Silva \u2013 Coord. Regional Petroleiros do Estado de SP\/MS\/DF.<\/p>\n<p>An\u00edbal Cavali \u2013 Diretoria do SINTUSP.<\/p>\n<p>Mario Conte \u2013 Sindicato dos M\u00fasicos \u2013 S\u00e3o Paulo.<\/p>\n<p>Arnaldo Ant\u00f4nio Fernandes \u2013 PT \u2013 Bahia.<\/p>\n<p>Valdir Louren\u00e7o de Souza \u2013 Federa\u00e7\u00e3o dos Trabalhadores do Ramo Qu\u00edmico do Estado de S\u00e3o Paulo.<\/p>\n<p>Arley Medeiros \u2013 Federa\u00e7\u00e3o dos Trabalhadores do Ramo Qu\u00edmico do Estado de S\u00e3o Paulo.<\/p>\n<p>Pl\u00ednio M\u00e9rcio Baldoni \u2013 Diretor do Sindicato dos Ferrovi\u00e1rios de Bauru, MS e MT \u2013 CUT.<\/p>\n<p>Adel Daher Filho \u2013 Diretor do Sindicato dos Ferrovi\u00e1rios de Bauru, MS e MT \u2013 CUT.<\/p>\n<p>P\u00e9ricles de Lima \u2013 Presidente CUT Regional Zona da Mata \u2013 MG e Diretor do Simpro \u2013 Juiz de Fora.<\/p>\n<p>Michel Platiny Assis Navarro \u2013 Organiza\u00e7\u00e3o Popular Aymber\u00ea.<\/p>\n<p>Alan Tygel \u2013 SOLTEC, N\u00facleo de Solidariedade T\u00e9cnica \u2013 UFRJ.<\/p>\n<p>Cinthya Pinto da Luz \u2013 Advogada e Coordenadora do Centro de Direitos Humanos \u2013 Joinville \u2013 SC.<\/p>\n<p>Luiz Gustavo Assad Rupp \u2013 Professor de Direito da Univille e Coordenador do Centro de Direitos Humanos \u2013 Joinville \u2013 SC.<\/p>\n<p>Aton Fon Filho \u2013 Rede Social de Justi\u00e7a e Direitos Humanos.<\/p>\n<p>Artistas e Comunicadores<\/p>\n<p>Laerte \u2013 Cartunista.<\/p>\n<p>Carlos Latuff \u2013 Cartunista.<\/p>\n<p>Bira Dantas \u2013 Cartunista.<\/p>\n<p>Coletivo da Revista Mis\u00e9ria \u2013 Campinas.<\/p>\n<p>S\u00e9rgio de Carvalho \u2013 Diretor da Companhia do Lat\u00e3o e Professor do Depto. de Artes C\u00eanicas da ECA \u2013 USP.<\/p>\n<p>Luiz Carlos Moreira \u2013 Diretor do Grupo Engenho Teatral.<\/p>\n<p>Amauri Falseti \u2013 Fundador e Diretor da Paid\u00e9ia Associa\u00e7\u00e3o Cultural.<\/p>\n<p>Companhia do Lat\u00e3o \u2013 S\u00e3o Paulo.<\/p>\n<p>Grupo Cassandra de Teatro \u2013 Sumar\u00e9.<\/p>\n<p>Grupo Engenho Teatral \u2013 S\u00e3o Paulo.<\/p>\n<p>Paid\u00e9ia Associa\u00e7\u00e3o Cultural \u2013 S\u00e3o Paulo.<\/p>\n<p>Companhia Antropof\u00e1gica \u2013 S\u00e3o Paulo.<\/p>\n<p>Brava Companhia de Teatro \u2013 S\u00e3o Paulo.<\/p>\n<p>Coletivo de Comunicadores Populares \u2013 Campinas.<\/p>\n<p>Camar\u00e1 Comunica\u00e7\u00e3o e Educa\u00e7\u00e3o Popular \u2013 Campinas.<\/p>\n<p>Mo\u00eama de Paula Coelho \u2013 Jornalista \u2013 RJ.<\/p>\n<p>Cec\u00edlia Luedemann \u2013 Jornalista e Educadora.<\/p>\n<p>Alexander Maximilian Hilsenbeck Filho \u2013 Jornalista do Passa Palavra.<\/p>\n<p>D\u00e9bora F. Lerrer \u2013 Jornalista e Cientista Social.<\/p>\n<p>Acad\u00eamicos, Intelectuais e Estudantes<\/p>\n<p>Jos\u00e9 Arbex Jr. \u2013 Professor do Depto. de Jornalismo da PUC \u2013 S\u00e3o Paulo e editor da revista Caros Amigos.<\/p>\n<p>Maria Rita Kehl \u2013 Psicanalista.<\/p>\n<p>Ricardo Antunes \u2013 Professor do Depto. de Sociologia \u2013 IFCH \u2013 UNICAMP.<\/p>\n<p>\u00c2ngela M. Carneiro Araujo \u2013 Professora do Depto. de Ci\u00eancia Pol\u00edtica \u2013 IFCH \u2013 UNICAMP.<\/p>\n<p>Oswaldo Coggiola \u2013 Professor do Depto. de Hist\u00f3ria \u2013 FFLCH \u2013 USP.<\/p>\n<p>Jos\u00e9 Martins \u2013 Professor do Depto. de Economia da UFSC e redator do boletim Cr\u00edtica Semanal da<\/p>\n<p>Economia do 13 de Maio N\u00facleo de Educa\u00e7\u00e3o Popular.<\/p>\n<p>Maria Orlanda Pinassi \u2013 Professora do Depto. de Sociologia \u2013 UNESP de Araraquara.<\/p>\n<p>Jorge Luiz Souto Maior \u2013 Professor da Faculdade de Direito \u2013 USP.<\/p>\n<p>Marcus Orione Gon\u00e7alves Correia \u2013 Professor da Faculdade de Direito \u2013 USP.<\/p>\n<p>Andr\u00e9ia Galv\u00e3o \u2013 Professora do Depto. de Ci\u00eancia Pol\u00edtica \u2013 IFCH \u2013 UNICAMP.<\/p>\n<p>Caio Navarro de Toledo \u2013 Professor do Depto. de Ci\u00eancia Pol\u00edtica do IFCH \u2013 UNICAMP.<\/p>\n<p>Ruy Braga \u2013 Professor do Depto. de Sociologia \u2013 FFLCH \u2013 USP.<\/p>\n<p>Lincoln Secco \u2013 Professor do Depto. de Hist\u00f3ria \u2013 FFLCH \u2013 USP.<\/p>\n<p>Jair Pinheiro \u2013 Professor do Depto. de Ci\u00eancias Pol\u00edticas e Econ\u00f4micas \u2013 UNESP de Mar\u00edlia.<\/p>\n<p>Marcelo Badar\u00f3 Mattos \u2013 Professor do Depto. de Hist\u00f3ria da UFF \u2013 Niter\u00f3i-RJ.<\/p>\n<p>Neuza Maria Dal Ri \u2013 Professora do Depto. de Administra\u00e7\u00e3o e Supervis\u00e3o Escolar da UNESP de Mar\u00edlia.<\/p>\n<p>Angelita Matos Souza \u2013 Professora do Depto. de Ci\u00eancias Pol\u00edticas e Econ\u00f4micas \u2013 UNESP de Mar\u00edlia.<\/p>\n<p>Henrique Andr\u00e9 Ramos Wellen \u2013 Professor da Escola de Servi\u00e7o Social da UFRJ.<\/p>\n<p>Jesus Ranieri \u2013 Professor do Depto. de Sociologia \u2013 IFCH \u2013 UNICAMP.<\/p>\n<p>Sidney Chalhoub \u2013 Professor do Depto. de Hist\u00f3ria \u2013 IFCH \u2013 UNICAMP.<\/p>\n<p>Sergio Silva \u2013 Professor do Depto. de Sociologia \u2013 IFCH \u2013 UNICAMP.<\/p>\n<p>L\u00facio Fl\u00e1vio Rodrigues de Almeida \u2013 Professor do Depto. de Pol\u00edtica da PUC-SP.<\/p>\n<p>Bia Abramides \u2013 Professora da Faculdade de Servi\u00e7o Social da PUC \u2013 S\u00e3o Paulo e Presidente da APROPUC.<\/p>\n<p>Luciane Soares da Silva \u2013 Professora do Laborat\u00f3rio de Sociologia \u2013 UENF- Rio de Janeiro.<\/p>\n<p>Jesiel Ferreira de Oliveira Filho \u2013 Professor Adjunto da Universidade Federal de Sergipe.<\/p>\n<p>Eleut\u00e9rio Prado \u2013 Professor do Depto. de Economia \u2013 FEA \u2013 USP.<\/p>\n<p>Henrique Tahan Novaes \u2013 Professor da FFC \u2013 UNESP de Mar\u00edlia.<\/p>\n<p>Alexandre Icibaci Marrocos Almeida \u2013 Professor de Direito \u2013 UNISAL de Americana.<\/p>\n<p>Ivone Dare Rabello \u2013 Professora do Depto. de Teoria Liter\u00e1ria e Literatura Comparada \u2013 FFLCH \u2013 USP.<\/p>\n<p>Ramiro Dulcich \u2013 Vice-diretor do P\u00f3lo Universit\u00e1rio de Rio das Ostras \u2013 UFF \u2013 Rio de Janeiro.<\/p>\n<p>K\u00e1tia Marro \u2013 Professora do P\u00f3lo Universit\u00e1rio de Rio das Ostras \u2013 UFF \u2013 Rio de Janeiro.<\/p>\n<p>Deise Mancebo \u2013 Professora do Programa de Pol\u00edticas P\u00fablicas e Forma\u00e7\u00e3o Humana \u2013 UERJ.<\/p>\n<p>Paulo Jonas de Lima Piva \u2013 Professor do Depto. de Filosofia da Universidade S\u00e3o Judas Tadeu.<\/p>\n<p>Claudete Pagotto &#8211; Professora da Universidade Metodista de S\u00e3o Paulo.<\/p>\n<p>Daniel Feldmann \u2013 Doutorando no Instituto de Economia \u2013 UNICAMP.<\/p>\n<p>Paulo Roberto de Andrade Castro &#8211; Doutorando em Sociologia PPGSA \u2013 UFRJ.<\/p>\n<p>Lygia Sabbag \u2013 Doutoranda do Instituto de Economia \u2013 UNICAMP.<\/p>\n<p>Vin\u00edcius Dantas \u2013 Doutorando em Ecologia &#8211; UFSCAR.<\/p>\n<p>Abner Duarte Alves \u2013 Mestrando na UNILA.<\/p>\n<p>L\u00edvia de C\u00e1ssia Godoi Moraes &#8211; doutoranda em Sociologia \u2013 Unicamp<\/p>\n<p>Eliel Machado \u2013 Estudante da UEL \u2013 Londrina \u2013 Paran\u00e1.<\/p>\n<p>Demais apoiadores:<\/p>\n<p>Fernando Campos \u2013 Soci\u00f3logo e Educador.<\/p>\n<p>L\u00eada Casadei Iorio \u2013 Professora.<\/p>\n<p>Renata Soraia de Paula \u2013 Assistente Social.<\/p>\n<p>Marcos Vin\u00edcio Ildefonso Cunha \u2013 Buriti Sebo Liter\u00e1rio &#8211; Rio de Janeiro.<\/p>\n<p>Luis Octaviano &#8211; Livraria Consequ\u00eancia \u2013 Rio de Janeiro.<\/p>\n<p>Giovana Pereira<\/p>\n<p>Fernanda Santos Ara\u00fajo<\/p>\n<p>Elba Gilda Ravaglio<\/p>\n<p>Ricardo Pereira da Silva<\/p>\n<p>Osmar Gon\u00e7alves Pereira<\/p>\n<p>Caio de Andrea Gomes<\/p>\n<p>Caio Antunes<\/p>\n<p>Juliana Faria Caetano<\/p>\n<p>Ricardo Takayuki Tadokoro<\/p>\n<p>Fonte: por email<\/p>\n","protected":false},"excerpt":{"rendered":"\n\n\nCr\u00e9dito: Fabricas Ocupadas\n\n\n\n\n\n\n\n\nPela imediata declara\u00e7\u00e3o de interesse social da Flask\u00f4, da Vila Oper\u00e1ria e da F\u00e1brica de Cultura e Esportes.\n<a class=\"moretag\" href=\"https:\/\/pcb.org.br\/portal2\/1454\"> <\/a>","protected":false},"author":1,"featured_media":0,"comment_status":"open","ping_status":"open","sticky":false,"template":"","format":"standard","meta":{"jetpack_post_was_ever_published":false,"_jetpack_newsletter_access":"","_jetpack_dont_email_post_to_subs":false,"_jetpack_newsletter_tier_id":0,"_jetpack_memberships_contains_paywalled_content":false,"_jetpack_memberships_contains_paid_content":false,"footnotes":"","jetpack_publicize_message":"","jetpack_publicize_feature_enabled":true,"jetpack_social_post_already_shared":false,"jetpack_social_options":{"image_generator_settings":{"template":"highway","default_image_id":0,"font":"","enabled":false},"version":2}},"categories":[20],"tags":[],"class_list":["post-1454","post","type-post","status-publish","format-standard","hentry","category-c1-popular"],"jetpack_publicize_connections":[],"jetpack_featured_media_url":"","jetpack_shortlink":"https:\/\/wp.me\/p659gw-ns","jetpack-related-posts":[],"jetpack_likes_enabled":true,"jetpack_sharing_enabled":true,"_links":{"self":[{"href":"https:\/\/pcb.org.br\/portal2\/wp-json\/wp\/v2\/posts\/1454","targetHints":{"allow":["GET"]}}],"collection":[{"href":"https:\/\/pcb.org.br\/portal2\/wp-json\/wp\/v2\/posts"}],"about":[{"href":"https:\/\/pcb.org.br\/portal2\/wp-json\/wp\/v2\/types\/post"}],"author":[{"embeddable":true,"href":"https:\/\/pcb.org.br\/portal2\/wp-json\/wp\/v2\/users\/1"}],"replies":[{"embeddable":true,"href":"https:\/\/pcb.org.br\/portal2\/wp-json\/wp\/v2\/comments?post=1454"}],"version-history":[{"count":0,"href":"https:\/\/pcb.org.br\/portal2\/wp-json\/wp\/v2\/posts\/1454\/revisions"}],"wp:attachment":[{"href":"https:\/\/pcb.org.br\/portal2\/wp-json\/wp\/v2\/media?parent=1454"}],"wp:term":[{"taxonomy":"category","embeddable":true,"href":"https:\/\/pcb.org.br\/portal2\/wp-json\/wp\/v2\/categories?post=1454"},{"taxonomy":"post_tag","embeddable":true,"href":"https:\/\/pcb.org.br\/portal2\/wp-json\/wp\/v2\/tags?post=1454"}],"curies":[{"name":"wp","href":"https:\/\/api.w.org\/{rel}","templated":true}]}}