{"id":14553,"date":"2017-05-26T13:56:14","date_gmt":"2017-05-26T16:56:14","guid":{"rendered":"https:\/\/pcb.org.br\/portal2\/?p=14553"},"modified":"2017-06-08T14:15:36","modified_gmt":"2017-06-08T17:15:36","slug":"construir-poder-popular-ou-ser-derrotado-pela-barbarie-do-capital","status":"publish","type":"post","link":"https:\/\/pcb.org.br\/portal2\/14553","title":{"rendered":"Construir Poder Popular ou ser derrotado pela barb\u00e1rie do capital"},"content":{"rendered":"<p><img decoding=\"async\" class=\"imagem\" title=\"imagem\" src=\"https:\/\/lh3.googleusercontent.com\/KCAR2f0wwFZlWIcJ0dnA1rL37HAB9anlnZsg33qlVecrr3Skjo76d4nMPX-o18RyRPCLck8vSAZlUSsN012hb_JTBjD3OLDdVdxgReWxZW85M1Xo05kfo455XkFtiFR4a3NKAd-ncVPv4a1PuVOBFg676ItTvi9n7FWibofmqJUEPAJTh9pjgJCwvueYvtR5S7oxBq9FPeZkrcIlP3b3_Bp80oSeYvopGWK6GKgYuLMTgbNACQDXnhgbXwNKBeVgaDbWcTxVwxZr693_zI9Uzl02shhnEsp9Ar3JX7ArZfgkaIrb5TZW2ajjgiir57nPDzSZ-9obn5cXZW8AGV7LCq_HGWvnbwDdBbBBVEionv8-mmD7E15neNCr_BI411LfOnoGSoAVFOVUQ4J_ZKdSsfCfCYcvDI8X6VDz17VorjHITDZhbVNW-dFPbYrGBakK90RXN55ZWbcMm_05UMp3XQjmpV7uznF5vizL4-C1SCRg6GdR7mVZ62VBRzwh8V1jGE-hWroEeojkqXuJhzhOYRK9N8UVVVzmhCEdUQuIbRWWXORR5hWsThxjwpdsSSEdVkIiWCD8fDFoa0UXUtjBn4HV7THiufQ4tQDQdhSWCMwz8fPzp7Vz7AsnGa1Ojd_OiKB9zc7mZrqVb4Ab1ZfVviNkbylQlXUDJtHzXxqFDA=w505-h379-no\" alt=\"imagem\" \/>Por Odahi Magalh\u00e3es*<\/p>\n<p>Vivemos um momento hist\u00f3rico da luta de classes. As condi\u00e7\u00f5es materiais est\u00e3o dadas e nenhuma negocia\u00e7\u00e3o pol\u00edtica por cima conter\u00e1 por muito tempo o levante vindo das classes populares.<!--more--><\/p>\n<p>A crise do capital, cuja exist\u00eancia \u00e9 a ess\u00eancia da pr\u00f3pria crise, \u00e9 estrutural e mundial. As lutas e revolu\u00e7\u00f5es que levaram a conquistas de direitos e de liberdades, como o sufr\u00e1gio universal, s\u00e3o marcos importantes de nossa hist\u00f3ria, mas se mostraram insuficientes no que diz respeito \u00e0 supera\u00e7\u00e3o dos problemas sociais ainda e mais gravemente existentes.<\/p>\n<p>S\u00f3 o voto n\u00e3o resolve. Precisamos nos organizar de forma coesa enquanto classe trabalhadora e executarmos a luta contra a retirada de direitos, contra todos os tipos de golpismos contra a classe e construir o Poder Popular revolucion\u00e1rio.<\/p>\n<p>No atual est\u00e1gio do capitalismo n\u00e3o h\u00e1 espa\u00e7o para reformas progressistas, s\u00f3 a barb\u00e1rie tem vez.<\/p>\n<p>Ou edificamos esse novo poder, radicalmente oposto ao ora vigente, ou estaremos fadados \u00e0 derrota.<\/p>\n<p>*Odahi Magalh\u00e3es \u00e9 membro da coordena\u00e7\u00e3o nacional do Movimento dos\/as Trabalhadores\/as Rurais Sem Terra (MST) e da Organiza\u00e7\u00e3o Popular (OPA).<\/p>\n<p>Originalmente publicado em <a href=\"http:\/\/cebscomunica.blogspot.com.br\/\" target=\"_blank\" rel=\"noopener noreferrer\">http:\/\/cebscomunica.blogspot.<wbr \/>com.br\/<\/a>.<\/p>\n","protected":false},"excerpt":{"rendered":"Por Odahi Magalh\u00e3es* Vivemos um momento hist\u00f3rico da luta de classes. As condi\u00e7\u00f5es materiais est\u00e3o dadas e nenhuma negocia\u00e7\u00e3o pol\u00edtica por cima conter\u00e1 \n<a class=\"moretag\" href=\"https:\/\/pcb.org.br\/portal2\/14553\"> <\/a>","protected":false},"author":1,"featured_media":0,"comment_status":"closed","ping_status":"closed","sticky":false,"template":"","format":"standard","meta":{"jetpack_post_was_ever_published":false,"_jetpack_newsletter_access":"","_jetpack_dont_email_post_to_subs":false,"_jetpack_newsletter_tier_id":0,"_jetpack_memberships_contains_paywalled_content":false,"_jetpack_memberships_contains_paid_content":false,"footnotes":"","jetpack_publicize_message":"","jetpack_publicize_feature_enabled":true,"jetpack_social_post_already_shared":true,"jetpack_social_options":{"image_generator_settings":{"template":"highway","default_image_id":0,"font":"","enabled":false},"version":2}},"categories":[7],"tags":[],"class_list":["post-14553","post","type-post","status-publish","format-standard","hentry","category-s8-brasil"],"jetpack_publicize_connections":[],"jetpack_featured_media_url":"","jetpack_shortlink":"https:\/\/wp.me\/p659gw-3MJ","jetpack-related-posts":[],"jetpack_likes_enabled":true,"jetpack_sharing_enabled":true,"_links":{"self":[{"href":"https:\/\/pcb.org.br\/portal2\/wp-json\/wp\/v2\/posts\/14553","targetHints":{"allow":["GET"]}}],"collection":[{"href":"https:\/\/pcb.org.br\/portal2\/wp-json\/wp\/v2\/posts"}],"about":[{"href":"https:\/\/pcb.org.br\/portal2\/wp-json\/wp\/v2\/types\/post"}],"author":[{"embeddable":true,"href":"https:\/\/pcb.org.br\/portal2\/wp-json\/wp\/v2\/users\/1"}],"replies":[{"embeddable":true,"href":"https:\/\/pcb.org.br\/portal2\/wp-json\/wp\/v2\/comments?post=14553"}],"version-history":[{"count":0,"href":"https:\/\/pcb.org.br\/portal2\/wp-json\/wp\/v2\/posts\/14553\/revisions"}],"wp:attachment":[{"href":"https:\/\/pcb.org.br\/portal2\/wp-json\/wp\/v2\/media?parent=14553"}],"wp:term":[{"taxonomy":"category","embeddable":true,"href":"https:\/\/pcb.org.br\/portal2\/wp-json\/wp\/v2\/categories?post=14553"},{"taxonomy":"post_tag","embeddable":true,"href":"https:\/\/pcb.org.br\/portal2\/wp-json\/wp\/v2\/tags?post=14553"}],"curies":[{"name":"wp","href":"https:\/\/api.w.org\/{rel}","templated":true}]}}