{"id":14662,"date":"2017-06-04T18:47:06","date_gmt":"2017-06-04T21:47:06","guid":{"rendered":"https:\/\/pcb.org.br\/portal2\/?p=14662"},"modified":"2017-06-20T21:12:51","modified_gmt":"2017-06-21T00:12:51","slug":"em-cubatao-e-ipatinga-a-intersindical-derrotando-a-usiminas","status":"publish","type":"post","link":"https:\/\/pcb.org.br\/portal2\/14662","title":{"rendered":"EM CUBAT\u00c3O E IPATINGA, A INTERSINDICAL DERROTANDO A USIMINAS"},"content":{"rendered":"<p><img decoding=\"async\" class=\"imagem\" title=\"imagem\" src=\"https:\/\/ci4.googleusercontent.com\/proxy\/XV1yuOojN90kQSYp4NjNVxkfoLe6FJUqcFLM5nYANFnED21J0oBYPIMJz73Ygw0YHUAnokScQwrcSuv8dKBciJp0oJNmV6O0Disz5nGnvtcS_tSC5_vrnVkR-TtI2K1Enu0KatatNIhj0eUtxEllgw=s0-d-e1-ft#http:\/\/www.intersindical.org.br\/images\/18879910_1343084065776070_6653999063424525252_o.jpg\" alt=\"imagem\" \/>Acabou nessa madrugada a apura\u00e7\u00e3o da elei\u00e7\u00e3o do Sindicato dos Metal\u00fargicos de Ipatinga e regi\u00e3o\/MG. A CHAPA 1, a Chapa dos Trabalhadores, derrotou a chapa da Usiminas e dos pelegos da For\u00e7a Sindical.<!--more--><\/p>\n<p>A CHAPA 1, a CHAPA DA INTERSINDICAL, junto com os trabalhadores, enfrentou e derrotou novamente a Usiminas, que fez de tudo para tentar tomar o Sindicato das m\u00e3os dos metal\u00fargicos.<\/p>\n<p>Press\u00e3o das chefias que chegaram ao ponto de tentar obrigar os trabalhadores a registrarem seus votos atrav\u00e9s de fotos de celular, mais press\u00e3o para tentar impedir o voto do trabalhador, cal\u00fanias e agress\u00e3o contra companheiros de nossa CHAPA, s\u00e3o alguns dos exemplos que mostram a estrat\u00e9gia patronal para tentar derrotar a CHAPA DOS TRABALHADORES.<\/p>\n<p>Mas os patr\u00f5es n\u00e3o conseguiram. Os trabalhadores na USIMINAS, USIMEC, nas empreiteiras, no setor metalomec\u00e2nico e os metal\u00fargicos aposentados se colocaram em movimento e derrotaram a chapa montada pela usina que tem a seu servi\u00e7o os pelegos da For\u00e7a Sindical.<\/p>\n<p>A luta organizada pelo Sindicato junto com a INTERSINDICAL desde a derrota dos pelegos em 2013, impediu a redu\u00e7\u00e3o de sal\u00e1rios e direitos e o resultado da elei\u00e7\u00e3o demonstraram que o conjunto dos metal\u00fargicos que retomaram o Sindicato como instrumento de luta e organiza\u00e7\u00e3o n\u00e3o v\u00e3o permitir a volta do tempo em que o SINDIPA era a extens\u00e3o do RH das empresas.<\/p>\n<p>Abaixo o resultado da elei\u00e7\u00e3o:<\/p>\n<p><strong>CHAPA 1: 1521 votos<\/strong><\/p>\n<p>Chapa 2: 1116 votos<\/p>\n<p>Juntos com sua classe, os metal\u00fargicos de Ipatinga mantiveram o Sindicato nas m\u00e3os dos trabalhadores para seguir e ampliar a luta por nenhum direito a menos e para avan\u00e7ar em novas conquistas<\/p>\n<p>Esse foi mais um importante momento de enfrentamento da Intersindical contra o Capital. Juntos metal\u00fargicos, sapateiros, t\u00eaxteis, trabalhadores nos Correios, no ramo qu\u00edmico, banc\u00e1rios, professores, trabalhadores da sa\u00fade, radialistas, servidores p\u00fablicos, trabalhadores das mais diversas categorias, lado a lado com os metal\u00fargicos de Ipatinga avan\u00e7am em sua organiza\u00e7\u00e3o e luta contra os ataques dos patr\u00f5es, dos governos e de seus pelegos.<\/p>\n<p><strong>SEGUIMOS FIRMES NA LUTA COM NOSSA CLASSE!<\/strong><\/p>\n<p>Ilustra\u00e7\u00e3o: CHAPA 1, A CHAPA DOS TRABALHADORES, VENCE A ELEI\u00c7\u00c3O DO SINDIPA<\/p>\n<p><b>INTERSINDICAL &#8211; Instrumento de Luta e Organiza\u00e7\u00e3o da Classe Trabalhadora<\/b><\/p>\n<p><a href=\"http:\/\/intersindical.org.br\/\" target=\"_blank\" rel=\"noopener noreferrer\">www.intersindical.org.br<\/a><\/p>\n<p>Nossa p\u00e1gina no Facebook: <b><a href=\"https:\/\/www.facebook.com\/intersindical.org.br\/\" target=\"_blank\" rel=\"noopener noreferrer\">Intersindical &#8211; Instrumento de Luta e Organiza\u00e7\u00e3o da Classe Trabalhadora<\/a><\/b><\/p>\n","protected":false},"excerpt":{"rendered":"Acabou nessa madrugada a apura\u00e7\u00e3o da elei\u00e7\u00e3o do Sindicato dos Metal\u00fargicos de Ipatinga e regi\u00e3o\/MG. A CHAPA 1, a Chapa dos Trabalhadores, derrotou \n<a class=\"moretag\" href=\"https:\/\/pcb.org.br\/portal2\/14662\"> <\/a>","protected":false},"author":1,"featured_media":0,"comment_status":"closed","ping_status":"closed","sticky":false,"template":"","format":"standard","meta":{"jetpack_post_was_ever_published":false,"_jetpack_newsletter_access":"","_jetpack_dont_email_post_to_subs":false,"_jetpack_newsletter_tier_id":0,"_jetpack_memberships_contains_paywalled_content":false,"_jetpack_memberships_contains_paid_content":false,"footnotes":"","jetpack_publicize_message":"","jetpack_publicize_feature_enabled":true,"jetpack_social_post_already_shared":true,"jetpack_social_options":{"image_generator_settings":{"template":"highway","default_image_id":0,"font":"","enabled":false},"version":2}},"categories":[15],"tags":[],"class_list":["post-14662","post","type-post","status-publish","format-standard","hentry","category-s18-sindical"],"jetpack_publicize_connections":[],"jetpack_featured_media_url":"","jetpack_shortlink":"https:\/\/wp.me\/p659gw-3Ou","jetpack-related-posts":[],"jetpack_likes_enabled":true,"jetpack_sharing_enabled":true,"_links":{"self":[{"href":"https:\/\/pcb.org.br\/portal2\/wp-json\/wp\/v2\/posts\/14662","targetHints":{"allow":["GET"]}}],"collection":[{"href":"https:\/\/pcb.org.br\/portal2\/wp-json\/wp\/v2\/posts"}],"about":[{"href":"https:\/\/pcb.org.br\/portal2\/wp-json\/wp\/v2\/types\/post"}],"author":[{"embeddable":true,"href":"https:\/\/pcb.org.br\/portal2\/wp-json\/wp\/v2\/users\/1"}],"replies":[{"embeddable":true,"href":"https:\/\/pcb.org.br\/portal2\/wp-json\/wp\/v2\/comments?post=14662"}],"version-history":[{"count":0,"href":"https:\/\/pcb.org.br\/portal2\/wp-json\/wp\/v2\/posts\/14662\/revisions"}],"wp:attachment":[{"href":"https:\/\/pcb.org.br\/portal2\/wp-json\/wp\/v2\/media?parent=14662"}],"wp:term":[{"taxonomy":"category","embeddable":true,"href":"https:\/\/pcb.org.br\/portal2\/wp-json\/wp\/v2\/categories?post=14662"},{"taxonomy":"post_tag","embeddable":true,"href":"https:\/\/pcb.org.br\/portal2\/wp-json\/wp\/v2\/tags?post=14662"}],"curies":[{"name":"wp","href":"https:\/\/api.w.org\/{rel}","templated":true}]}}