{"id":14670,"date":"2017-06-05T18:26:09","date_gmt":"2017-06-05T21:26:09","guid":{"rendered":"https:\/\/pcb.org.br\/portal2\/?p=14670"},"modified":"2017-06-20T21:13:09","modified_gmt":"2017-06-21T00:13:09","slug":"dia-da-saude-a-necessidade-de-uma-saude-coletiva-e-popular","status":"publish","type":"post","link":"https:\/\/pcb.org.br\/portal2\/14670","title":{"rendered":"Dia da sa\u00fade: a necessidade de uma sa\u00fade coletiva e popular"},"content":{"rendered":"<p><img decoding=\"async\" class=\"imagem\" title=\"imagem\" src=\"https:\/\/ci6.googleusercontent.com\/proxy\/mKhX7-gf8twyOEoA0-PJSajV8xIOpZs_Ra7EiIiRrA9WSKtcUjennYVzDYJtrKaFca6lsoC98ZSB4iHGH7fFRVlpq0l8TNYfa7FC07YXMRNhgKXcIK69uoTdDhlr4Je_jp61axKBpbNQ5T9f2bSbnf--060-Hg=s0-d-e1-ft#http:\/\/ujc.org.br\/wp-content\/uploads\/2017\/06\/18622680_1141701875934132_2757273281174185432_n.jpg\" alt=\"imagem\" \/>03\/06\/2016 &#8211; UJC de Pernambuco<\/p>\n<p>No domingo (21\/05), o Partido Comunista Brasileiro (PCB) e a Uni\u00e3o da Juventude Comunista (UJC), em parceria com o Movimento <!--more-->dos Trabalhadores Sem Teto de Pernambuco (MTST-PE), organizaram o \u201cDia da Sa\u00fade\u201d, realizado na ocupa\u00e7\u00e3o urbana do MTST \u201cCarolina de Jesus\u201d, no bairro do Barro em Recife-PE.<\/p>\n<p>A a\u00e7\u00e3o, que contou com planejamento conjunto entre ocupantes, militantes e simpatizantes do PCB e da UJC (N\u00facleo Nise da Silveira), organizou atividades de alongamento, aferimento de press\u00e3o, atendimento m\u00e9dico ambulatorial, atendimento psicol\u00f3gico, atendimento veterin\u00e1rio, oficinas sobre a produ\u00e7\u00e3o de fitoter\u00e1pico e sa\u00fade bucal, rodas de di\u00e1logo que abordaram tem\u00e1ticas como: viol\u00eancia dom\u00e9stica, educa\u00e7\u00e3o sexual e alimenta\u00e7\u00e3o. Ainda ocorreram. em paralelo, campeonato de futebol na rua, oficina de desenho e \u201cconta\u00e7\u00e3o de hist\u00f3rias\u201d para os pequenos lutadores. Para finalizar as atividades, contamos com apresenta\u00e7\u00e3o cultural do camarada do PCB, Benoni Cod\u00e1cio \u201cNovo\u201d.<\/p>\n<p>O planejamento e organiza\u00e7\u00e3o de a\u00e7\u00f5es como esta partem das dificuldades concretas que os trabalhadores e trabalhadoras t\u00eam de acessar servi\u00e7os de sa\u00fade, sobretudo as fra\u00e7\u00f5es da classe trabalhadora que t\u00eam o acesso negado, pelo \u00edmpeto voraz da acumula\u00e7\u00e3o capitalista, \u00e0 moradia, educa\u00e7\u00e3o, trabalho, entre outros. Este tipo de a\u00e7\u00e3o tamb\u00e9m cumpre um importante papel junto aos(\u00e0s) camaradas que est\u00e3o na universidade, pois coloca a necessidade expl\u00edcita do conhecimento de cada um(a) estar a servi\u00e7o da classe trabalhadora e n\u00e3o das necessidades do mercado, na perspectiva de constru\u00e7\u00e3o de uma Universidade Popular.<\/p>\n<p>A sa\u00fade n\u00e3o \u00e9 mera aus\u00eancia de doen\u00e7as, \u00e9 um processo socialmente determinado, onde a din\u00e2mica da luta de classes ser\u00e1 decisiva na rela\u00e7\u00e3o do processo sa\u00fade\/doen\u00e7a das classes. Os ataques ao sistema de prote\u00e7\u00e3o social que permeou os governos conciliat\u00f3rios petistas s\u00e3o agora agravados, e o Sistema \u00danico de Sa\u00fade (SUS) sofre com o subfinanciamento cr\u00f4nico, que ser\u00e1 aprofundado ainda mais com o congelamento do financiamento p\u00fablico, oriundo da aprova\u00e7\u00e3o da PEC 55 e outras medidas de retirada de direitos das e dos trabalhadores. Associado a isso, cresce o n\u00famero de desempregados, sem teto, sem educa\u00e7\u00e3o, de trabalhadores e trabalhadoras sem certeza do futuro. \u00c9 esse processo de precariza\u00e7\u00e3o que rege a vida da classe trabalhadora atualmente, impondo condi\u00e7\u00f5es degradantes de vida e de desgaste da for\u00e7a de trabalho, que sem d\u00favida, caracterizam a sociedade capitalista como uma \u201csociedade dos adoecimentos\u201d da classe trabalhadora.<\/p>\n<p>Longe de uma vis\u00e3o fatalista, o Dia da Sa\u00fade na ocupa\u00e7\u00e3o \u201cCarolina de Jesus\u201d nos mostra a necessidade de avan\u00e7ar na organiza\u00e7\u00e3o de a\u00e7\u00f5es nos locais de moradia, a\u00e7\u00f5es estas que, al\u00e9m de realizar atividades assistenciais, largamente necess\u00e1rias pelas condi\u00e7\u00f5es de vida da nossa popula\u00e7\u00e3o, abordem e favore\u00e7am a organiza\u00e7\u00e3o dos trabalhadores e trabalhadoras por melhores condi\u00e7\u00f5es de vida, trabalho e sa\u00fade na perspectiva de constru\u00e7\u00e3o do Poder Popular.<\/p>\n<p><strong>Por uma Sa\u00fade Coletiva e Popular!<br \/>\nContra as Reformas da Previd\u00eancia e Trabalhista!<br \/>\nSa\u00fade n\u00e3o \u00e9 Mercadoria!<br \/>\nPelo Poder Popular!<\/strong><\/p>\n<blockquote data-secret=\"zhND1GJ24P\" class=\"wp-embedded-content\"><p><a href=\"http:\/\/ujc.org.br\/dia-da-saude-a-necessidade-de-uma-saude-coletiva-e-popular\/\">Dia da sa\u00fade: a necessidade de uma sa\u00fade coletiva e popular<\/a><\/p><\/blockquote>\n<p><iframe loading=\"lazy\" class=\"wp-embedded-content\" sandbox=\"allow-scripts\" security=\"restricted\" style=\"position: absolute; clip: rect(1px, 1px, 1px, 1px);\" src=\"http:\/\/ujc.org.br\/dia-da-saude-a-necessidade-de-uma-saude-coletiva-e-popular\/embed\/#?secret=zhND1GJ24P\" data-secret=\"zhND1GJ24P\" width=\"600\" height=\"338\" title=\"&#8220;Dia da sa\u00fade: a necessidade de uma sa\u00fade coletiva e popular&#8221; &#8212; UJC\" frameborder=\"0\" marginwidth=\"0\" marginheight=\"0\" scrolling=\"no\"><\/iframe><\/p>\n","protected":false},"excerpt":{"rendered":"03\/06\/2016 &#8211; UJC de Pernambuco No domingo (21\/05), o Partido Comunista Brasileiro (PCB) e a Uni\u00e3o da Juventude Comunista (UJC), em parceria com \n<a class=\"moretag\" href=\"https:\/\/pcb.org.br\/portal2\/14670\"> <\/a>","protected":false},"author":1,"featured_media":0,"comment_status":"closed","ping_status":"closed","sticky":false,"template":"","format":"standard","meta":{"jetpack_post_was_ever_published":false,"_jetpack_newsletter_access":"","_jetpack_dont_email_post_to_subs":false,"_jetpack_newsletter_tier_id":0,"_jetpack_memberships_contains_paywalled_content":false,"_jetpack_memberships_contains_paid_content":false,"footnotes":"","jetpack_publicize_message":"","jetpack_publicize_feature_enabled":true,"jetpack_social_post_already_shared":true,"jetpack_social_options":{"image_generator_settings":{"template":"highway","default_image_id":0,"font":"","enabled":false},"version":2}},"categories":[27],"tags":[],"class_list":["post-14670","post","type-post","status-publish","format-standard","hentry","category-c27-ujc"],"jetpack_publicize_connections":[],"jetpack_featured_media_url":"","jetpack_shortlink":"https:\/\/wp.me\/p659gw-3OC","jetpack-related-posts":[],"jetpack_likes_enabled":true,"jetpack_sharing_enabled":true,"_links":{"self":[{"href":"https:\/\/pcb.org.br\/portal2\/wp-json\/wp\/v2\/posts\/14670","targetHints":{"allow":["GET"]}}],"collection":[{"href":"https:\/\/pcb.org.br\/portal2\/wp-json\/wp\/v2\/posts"}],"about":[{"href":"https:\/\/pcb.org.br\/portal2\/wp-json\/wp\/v2\/types\/post"}],"author":[{"embeddable":true,"href":"https:\/\/pcb.org.br\/portal2\/wp-json\/wp\/v2\/users\/1"}],"replies":[{"embeddable":true,"href":"https:\/\/pcb.org.br\/portal2\/wp-json\/wp\/v2\/comments?post=14670"}],"version-history":[{"count":0,"href":"https:\/\/pcb.org.br\/portal2\/wp-json\/wp\/v2\/posts\/14670\/revisions"}],"wp:attachment":[{"href":"https:\/\/pcb.org.br\/portal2\/wp-json\/wp\/v2\/media?parent=14670"}],"wp:term":[{"taxonomy":"category","embeddable":true,"href":"https:\/\/pcb.org.br\/portal2\/wp-json\/wp\/v2\/categories?post=14670"},{"taxonomy":"post_tag","embeddable":true,"href":"https:\/\/pcb.org.br\/portal2\/wp-json\/wp\/v2\/tags?post=14670"}],"curies":[{"name":"wp","href":"https:\/\/api.w.org\/{rel}","templated":true}]}}