{"id":147,"date":"2009-11-10T20:32:05","date_gmt":"2009-11-10T20:32:05","guid":{"rendered":"http:\/\/pcb.org.br\/portal2\/?p=147"},"modified":"2009-11-10T20:32:05","modified_gmt":"2009-11-10T20:32:05","slug":"a-anexacao-da-colombia-aos-estados-unidos","status":"publish","type":"post","link":"https:\/\/pcb.org.br\/portal2\/147","title":{"rendered":"A ANEXA\u00c7\u00c3O DA COL\u00d4MBIA AOS ESTADOS UNIDOS"},"content":{"rendered":"\n<p>O acordo p\u00f5e em dificuldades a te\u00f3ricos e pol\u00edticos. N\u00e3o \u00e9 honesto guardar sil\u00eancio agora e falar depois sobre soberania, democracia, direitos humanos, liberdade de opini\u00e3o e outras del\u00edcias, quando um pa\u00eds \u00e9 devorado pelo imp\u00e9rio com a mesma facilidade com que um lagarto captura uma mosca. Trata-se do povo colombiano, abnegado, trabalhador e lutador. Procurei no longo calhama\u00e7o uma justifica\u00e7\u00e3o diger\u00edvel e n\u00e3o encontrei raz\u00e3o alguma.<\/p>\n<p>Nas 48 p\u00e1ginas de 21 linhas, cinco s\u00e3o dedicadas a filosofar sobre os antecedentes da vergonhosa absor\u00e7\u00e3o que torna a Col\u00f4mbia em territ\u00f3rio de ultramar. Todas se baseiam nos acordos assinados com os Estados Unidos ap\u00f3s o assassinato do prestigioso l\u00edder progressista Jorge Eli\u00e9cer Gait\u00e1n no dia 9 de abril de 1948 e a cria\u00e7\u00e3o da Organiza\u00e7\u00e3o de Estados Americanos em 30 de abril de 1948, discutida pelos Chanceleres do hemisf\u00e9rio, reunidos em Bogot\u00e1 sob a batuta dos Estados Unidos nos dias tr\u00e1gicos em que a oligarquia colombiana truncou a vida daquele dirigente e desatou a luta armada nesse pa\u00eds.<\/p>\n<p>O Acordo de Assist\u00eancia Militar entre a Rep\u00fablica da Col\u00f4mbia e os Estados Unidos, no m\u00eas de abril de 1952; o vinculado a &#8220;uma Miss\u00e3o do Ex\u00e9rcito, uma Miss\u00e3o Naval e uma Miss\u00e3o A\u00e9rea das For\u00e7as Militares dos Estados Unidos&#8221;, assinado no dia 7 de outubro de 1974; a Conven\u00e7\u00e3o das Na\u00e7\u00f5es Unidas contra o Tr\u00e1fico Il\u00edcito de Entorpecentes e Subst\u00e2ncias Psicotr\u00f3picas, de 1988; a Conven\u00e7\u00e3o das Na\u00e7\u00f5es Unidas contra a Criminalidade Organizada Multinacional, de 2000; a Resolu\u00e7\u00e3o 1373 do Conselho de Seguran\u00e7a de 2001 e a Carta Democr\u00e1tica Interamericana; a de Pol\u00edtica de Defesa e Seguran\u00e7a Democr\u00e1tica, e outras que s\u00e3o invocadas no referido documento. Nenhuma justifica transformar um pa\u00eds de 1.141.748 quil\u00f4metros quadrados, situado no cora\u00e7\u00e3o da Am\u00e9rica do Sul, em uma base militar dos Estados Unidos. A Col\u00f4mbia tem 1,6 vezes o territ\u00f3rio de Texas, segundo Estado da Uni\u00e3o em extens\u00e3o territorial, arrebatado ao M\u00e9xico, e que mais tarde serviu de base para conquistar a sangue e fogo mais da metade desse irm\u00e3o pa\u00eds.<\/p>\n<p>Por outro lado, transcorreram j\u00e1 59 anos desde que soldados colombianos foram enviados at\u00e9 a long\u00ednqua \u00c1sia para combaterem junto \u00e0s tropas ianques contra chineses e coreanos no outubro de 1950. O que o imp\u00e9rio tenta agora \u00e9 envi\u00e1-los a lutar contra seus irm\u00e3os venezuelanos, equatorianos e outros povos bolivarianos e da ALBA para destruir a Revolu\u00e7\u00e3o Venezuelana, como tentaram fazer com a Revolu\u00e7\u00e3o Cubana no m\u00eas de abril de 1961.<\/p>\n<p>Durante mais de um ano e meio, antes da invas\u00e3o, o governo ianque promoveu, armou e utilizou os bandos contra-revolucion\u00e1rios do Escambray, como hoje utiliza os paramilitares colombianos contra a Venezuela.<\/p>\n<p>Quando o ataque de Bahia dos Porcos, os B-26 ianques tripulados por mercen\u00e1rios que operaram desde a Nicar\u00e1gua, seus avi\u00f5es de combate eram transportados para a zona das opera\u00e7\u00f5es num porta-avi\u00f5es e os invasores de origem cubana que desembarcaram naquele ponto vinham escoltados por navios de guerra e pela infantaria de marinha dos Estados Unidos. Hoje seus meios de guerra e suas tropas estar\u00e3o na Col\u00f4mbia n\u00e3o apenas como uma amea\u00e7a para a Venezuela sen\u00e3o para todos os Estados da Am\u00e9rica Central e da Am\u00e9rica do Sul.<\/p>\n<p>\u00c9 verdadeiramente c\u00ednico proclamar que o infame acordo \u00e9 uma necessidade de combate ao tr\u00e1fico de drogas e ao terrorismo internacional. Cuba tem demonstrado que n\u00e3o \u00e9 preciso a presen\u00e7a de tropas estrangeiras para evitar a cultura e o tr\u00e1fico de drogas e para manter a ordem interna, apesar de que os Estados Unidos, a pot\u00eancia mais poderosa da terra, promoveu, financiou e armou durante dezenas de anos as a\u00e7\u00f5es terroristas contra a Revolu\u00e7\u00e3o Cubana.<\/p>\n<p>A paz interna \u00e9 uma prerrogativa elementar de cada Estado; a presen\u00e7a de tropas ianques em qualquer pa\u00eds da Am\u00e9rica Latina visando esse objetivo \u00e9 uma descarada interven\u00e7\u00e3o estrangeira em seus assuntos internos, que inevitavelmente provocar\u00e1 a rejei\u00e7\u00e3o de sua popula\u00e7\u00e3o.<\/p>\n<p>A leitura do documento demonstra que n\u00e3o apenas as bases a\u00e9reas colombianas s\u00e3o postas nas m\u00e3os dos ianques, mas tamb\u00e9m os aeroportos civis e no fim das contas, qualquer instala\u00e7\u00e3o \u00fatil a suas for\u00e7as armadas. O espa\u00e7o radioel\u00e9trico fica tamb\u00e9m \u00e0 disposi\u00e7\u00e3o desse pa\u00eds portador de outra cultura e de outros interesses que n\u00e3o t\u00eam nada a ver com os da popula\u00e7\u00e3o colombiana.<\/p>\n<p>As For\u00e7as Armadas norte-americanas gozar\u00e3o de prerrogativas excepcionais.<\/p>\n<p>Em qualquer parte de Col\u00f4mbia os ocupantes podem cometer crimes contra as fam\u00edlias, os bens e as leis colombianas, sem ter que responder perante as autoridades do pa\u00eds; a n\u00e3o poucos lugares levaram os esc\u00e2ndalos e as doen\u00e7as, como o fizeram com a base militar de Palmerola, nas Honduras. Em Cuba, quando visitavam a neocol\u00f4nia, sentaram-se escarranchados sobre o colo da est\u00e1tua de Jos\u00e9 Mart\u00ed no Parque Central da capital. A limita\u00e7\u00e3o vinculada ao n\u00famero total de soldados pode ser alterada a pedido dos Estados Unidos, sem restri\u00e7\u00e3o alguma. Os porta-avi\u00f5es e navios de guerra que visitem as bases navais concedidas ter\u00e3o quantos tripulantes precisarem, e podem ser milhares em um s\u00f3 de seus grandes porta-avi\u00f5es.<\/p>\n<p>O Acordo ser\u00e1 prorrogado por per\u00edodos sucessivos de 10 anos e ningu\u00e9m pode alter\u00e1-lo sen\u00e3o no fim de cada per\u00edodo, comunicando-o com um ano de anteced\u00eancia. O que far\u00e3o os Estados Unidos se um governo como o de Johnson, Nixon, Reagan, Bush pai ou Bush filho e outros semelhantes recebesse a solicita\u00e7\u00e3o de abandonar Col\u00f4mbia? Os ianques foram capazes de derrocar dezenas de governos em nosso hemisf\u00e9rio. Quanto duraria um governo na Col\u00f4mbia se anunciasse tais prop\u00f3sitos?<\/p>\n<p>Os pol\u00edticos da Am\u00e9rica Latina t\u00eam agora perante si um delicado problema: o dever elementar de explicar seus pontos de vista sobre o documento de anexa\u00e7\u00e3o. Compreendo que o que acontece neste instante decisivo das Honduras ocupe a aten\u00e7\u00e3o dos meios de divulga\u00e7\u00e3o e dos Ministros das rela\u00e7\u00f5es Exteriores deste hemisf\u00e9rio, mas o grav\u00edssimo e transcendente problema que acontece na Col\u00f4mbia n\u00e3o pode passar inadvertido para os governos latino-americanos.<\/p>\n<p>N\u00e3o tenho a menor d\u00favida sobre a rea\u00e7\u00e3o dos povos; sentir\u00e3o o punhal que se crava no mais profundo de seus sentimentos, especialmente no profundo da Col\u00f4mbia: eles opor-se-\u00e3o, jamais se resignar\u00e3o a essa inf\u00e2mia!<\/p>\n<p>O mundo encara hoje graves e urgentes problemas. A mudan\u00e7a clim\u00e1tica amea\u00e7a a toda a humanidade. L\u00edderes da Europa quase imploram de joelhos algum acordo em Copenhague que evite a cat\u00e1strofe. Apresentam como realidade que na C\u00fapula n\u00e3o se alcan\u00e7ar\u00e1 o objetivo de um conv\u00eanio que reduza drasticamente a emiss\u00e3o de gases estufa. Prometem continuar a luta por consegui-lo antes de 2012; existe o risco real de que n\u00e3o se possa conseguir antes que seja demasiado tarde.<\/p>\n<p>Os pa\u00edses do Terceiro Mundo reclamam com raz\u00e3o dos mais desenvolvidos e ricos centenas de milhares de milh\u00f5es de d\u00f3lares anuais para custear as despesas da batalha clim\u00e1tica.<\/p>\n<p>Tem algum sentido que o governo dos Estados Unidos dedique tempo e dinheiro na constru\u00e7\u00e3o de bases militares na Col\u00f4mbia para impor aos nossos povos sua odiosa tirania? Por esse caminho, se um desastre amea\u00e7a o mundo, um desastre maior e mais r\u00e1pido amea\u00e7a o imp\u00e9rio e tudo seria resultado do mesmo sistema de explora\u00e7\u00e3o e saqueio do planeta.<\/p>\n<p>Fidel Castro Ruz<\/p>\n<p>6 de novembro de 2009<\/p>\n","protected":false},"excerpt":{"rendered":"Reflex\u00f5es do Fidel Castro\nQualquer pessoa medianamente informada compreende de imediato que o ado\u00e7ado &#8220;Acordo Complementar para a Coopera\u00e7\u00e3o e a Assist\u00eancia T\u00e9cnica em Defesa e Seguran\u00e7a entre os governos da Col\u00f4mbia e dos Estados Unidos&#8221;, assinado em 30 de outubro e publicado na tarde do dia 2 de novembro equivale \u00e0 anexa\u00e7\u00e3o da Col\u00f4mbia aos Estados Unidos.\n<a class=\"moretag\" href=\"https:\/\/pcb.org.br\/portal2\/147\"> <\/a>","protected":false},"author":1,"featured_media":0,"comment_status":"open","ping_status":"open","sticky":false,"template":"","format":"standard","meta":{"jetpack_post_was_ever_published":false,"_jetpack_newsletter_access":"","_jetpack_dont_email_post_to_subs":false,"_jetpack_newsletter_tier_id":0,"_jetpack_memberships_contains_paywalled_content":false,"_jetpack_memberships_contains_paid_content":false,"footnotes":"","jetpack_publicize_message":"","jetpack_publicize_feature_enabled":true,"jetpack_social_post_already_shared":false,"jetpack_social_options":{"image_generator_settings":{"template":"highway","default_image_id":0,"font":"","enabled":false},"version":2}},"categories":[34],"tags":[],"class_list":["post-147","post","type-post","status-publish","format-standard","hentry","category-c39-colombia"],"jetpack_publicize_connections":[],"jetpack_featured_media_url":"","jetpack_shortlink":"https:\/\/wp.me\/p659gw-2n","jetpack-related-posts":[],"jetpack_likes_enabled":true,"jetpack_sharing_enabled":true,"_links":{"self":[{"href":"https:\/\/pcb.org.br\/portal2\/wp-json\/wp\/v2\/posts\/147","targetHints":{"allow":["GET"]}}],"collection":[{"href":"https:\/\/pcb.org.br\/portal2\/wp-json\/wp\/v2\/posts"}],"about":[{"href":"https:\/\/pcb.org.br\/portal2\/wp-json\/wp\/v2\/types\/post"}],"author":[{"embeddable":true,"href":"https:\/\/pcb.org.br\/portal2\/wp-json\/wp\/v2\/users\/1"}],"replies":[{"embeddable":true,"href":"https:\/\/pcb.org.br\/portal2\/wp-json\/wp\/v2\/comments?post=147"}],"version-history":[{"count":0,"href":"https:\/\/pcb.org.br\/portal2\/wp-json\/wp\/v2\/posts\/147\/revisions"}],"wp:attachment":[{"href":"https:\/\/pcb.org.br\/portal2\/wp-json\/wp\/v2\/media?parent=147"}],"wp:term":[{"taxonomy":"category","embeddable":true,"href":"https:\/\/pcb.org.br\/portal2\/wp-json\/wp\/v2\/categories?post=147"},{"taxonomy":"post_tag","embeddable":true,"href":"https:\/\/pcb.org.br\/portal2\/wp-json\/wp\/v2\/tags?post=147"}],"curies":[{"name":"wp","href":"https:\/\/api.w.org\/{rel}","templated":true}]}}