{"id":14819,"date":"2017-06-20T14:36:10","date_gmt":"2017-06-20T17:36:10","guid":{"rendered":"https:\/\/pcb.org.br\/portal2\/?p=14819"},"modified":"2017-07-03T14:00:44","modified_gmt":"2017-07-03T17:00:44","slug":"e-preciso-votar-na-chapa-1-para-transformar-o-cpers-em-uma-trincheira-de-resistencia","status":"publish","type":"post","link":"https:\/\/pcb.org.br\/portal2\/14819","title":{"rendered":"\u00c9 preciso votar na Chapa 1 para transformar o CPERS em uma trincheira de resist\u00eancia"},"content":{"rendered":"<p><img data-recalc-dims=\"1\" height=\"570\" width=\"747\" decoding=\"async\" class=\"imagem\" title=\"imagem\" src=\"https:\/\/i0.wp.com\/unidadeclassista.org.br\/uc1\/wp-content\/uploads\/2017\/06\/Chapa-1-CPERS-768x586.jpg?resize=747%2C570\" alt=\"imagem\" \/>No final deste m\u00eas de junho, mais precisamente nos dias 27 e 28, os trabalhadores e trabalhadoras em educa\u00e7\u00e3o da rede p\u00fablica de ensino do RS escolher\u00e3o as dire\u00e7\u00f5es do CPERS para o pr\u00f3ximo per\u00edodo. As elei\u00e7\u00f5es internas do CPERS, <!--more-->que \u00e9 um dos maiores sindicatos da Am\u00e9rica Latina, mobilizam milhares de associados e associadas em todo o estado, que votam n\u00e3o s\u00f3 para eleger a dire\u00e7\u00e3o central, como tamb\u00e9m para as dire\u00e7\u00f5es regionais dos n\u00facleos do sindicato.<\/p>\n<p>O contexto em que ocorrem as elei\u00e7\u00f5es deste m\u00eas n\u00e3o poderia ser mais adverso. A onda reacion\u00e1ria, que tomou conta do pa\u00eds desde o ano passado, atinge n\u00edveis assustadores na metade deste ano. Encabe\u00e7ada pelos governos Temer e Sartori, e dirigidas pelos oligop\u00f3lios da m\u00eddia, sobretudo Globo e RBS, as burguesias nacional e ga\u00facha se organizam para impor uma brutal taxa de explora\u00e7\u00e3o sobre classe trabalhadora em geral. As reformas trabalhista e previdenci\u00e1ria, somadas \u00e0 terceiriza\u00e7\u00e3o das rela\u00e7\u00f5es de trabalho, n\u00e3o t\u00eam outro objetivo sen\u00e3o o de jogar todo o peso da crise capitalista nas costas dos trabalhadores. E, desta vez, nem mesmo o setor do funcionalismo p\u00fablico escapar\u00e1 aos ataques.<\/p>\n<p>Desde o in\u00edcio do seu governo, Sartori vem deixando claro qual o programa adotado por ele, que \u00e9 o de desmonte dos servi\u00e7os p\u00fablicos estaduais. Neste sentido, vem impondo um cen\u00e1rio de horror aos servidores, que inclui congelamento total dos sal\u00e1rios desde 2015, parcelamento constante dos vencimentos mensais e do d\u00e9cimo terceiro, desmonte dos planos de carreira, em especial dos trabalhadores em educa\u00e7\u00e3o, e persegui\u00e7\u00e3o implac\u00e1vel aos servidores que se mobilizam contra estes ataques.<\/p>\n<p>Apesar dos incessantes ataques do governo, a atual dire\u00e7\u00e3o do CPERS n\u00e3o tem mobilizado a sua base para enfrentar Sartori nas ruas. A categoria at\u00e9 se mobilizou em 2015, em resposta imediata aos parcelamentos e congelamentos dos sal\u00e1rios. Entretanto, fato j\u00e1 conhecido de todos, a atual dire\u00e7\u00e3o enterrou a maior greve do magist\u00e9rio dos \u00faltimos 20 anos, em uma assembleia completamente lotada, e sem sequer contar os votos da assembleia, deixando a categoria absolutamente enfurecida e desacreditada com o nosso sindicato. O estrago feito pela atual dire\u00e7\u00e3o ao nosso maior instrumento de luta ainda precisa ser analisado com maior profundidade. Entretanto, os efeitos da trai\u00e7\u00e3o da dire\u00e7\u00e3o se fizeram sentir imediatamente: uma onda de desfilia\u00e7\u00e3o do sindicato, acompanhada por grande desmobiliza\u00e7\u00e3o da categoria foi o que vimos desde 2015.<\/p>\n<p>\u00c9 por isso que os trabalhadores em educa\u00e7\u00e3o devem dar uma resposta contundente \u00e0 atual dire\u00e7\u00e3o, representada pela Chapa 2, nas elei\u00e7\u00f5es dos dias 27 e 28. A nossa \u00fanica chance de barrar os ataques de Temer e Sartori encontra-se na mobiliza\u00e7\u00e3o das massas trabalhadoras, e o magist\u00e9rio necessita mais do que nunca de uma dire\u00e7\u00e3o sindical decidida a transformar o CPERS em uma verdadeira trincheira de luta e resist\u00eancia. A atual dire\u00e7\u00e3o n\u00e3o tem a m\u00ednima inten\u00e7\u00e3o de cumprir essa tarefa hist\u00f3rica. Sabemos que a estrat\u00e9gia levada a cabo pela alian\u00e7a CUT\/CTB \u00e9 apenas a de desgastar Sartori gradualmente, para que possam derrot\u00e1-lo nas elei\u00e7\u00f5es em 2018. Mas n\u00f3s precisamos enfrentar decididamente Sartori agora e nas ruas, e n\u00e3o nas urnas no ano que vem.<\/p>\n<p>Diante deste cen\u00e1rio, o magist\u00e9rio n\u00e3o tem outra sa\u00edda que n\u00e3o seja eleger uma nova dire\u00e7\u00e3o para o CPERS, realmente comprometida com a nossa luta, que mobilize as bases, que esteja presente nas escolas, enfrente de forma decidida o ass\u00e9dio moral por parte do governo e das dire\u00e7\u00f5es autorit\u00e1rias, e que demonstre para a categoria disposi\u00e7\u00e3o para levar a nossa luta \u00e0s \u00faltimas consequ\u00eancias.\u00a0 Por isso, conclamamos a todos e todas associadas do CPERS a votar na Chapa 1 para a dire\u00e7\u00e3o central, pois esta \u00e9 a \u00fanica alternativa real \u00e0 atual dire\u00e7\u00e3o burocratizada do CPERS. De nossa parte, saberemos honrar cada voto recebido, atuando com disposi\u00e7\u00e3o de luta e enfrentamento, e construindo junto com a categoria um novo sindicato. Por um CPERS combativo de verdade, votemos todos e todas na Chapa 1!<\/p>\n<p>COMIT\u00ca DE BASE DA UNIDADE CLASSISTA NO CPERS<\/p>\n<blockquote data-secret=\"j3syN25kik\" class=\"wp-embedded-content\"><p><a href=\"http:\/\/unidadeclassista.org.br\/uc1\/2952\">\u00c9 preciso votar na Chapa 1 para transformar o CPERS em uma trincheira de resist\u00eancia<\/a><\/p><\/blockquote>\n<p><iframe loading=\"lazy\" class=\"wp-embedded-content\" sandbox=\"allow-scripts\" security=\"restricted\" style=\"position: absolute; clip: rect(1px, 1px, 1px, 1px);\" src=\"http:\/\/unidadeclassista.org.br\/uc1\/2952\/embed#?secret=j3syN25kik\" data-secret=\"j3syN25kik\" width=\"600\" height=\"338\" title=\"&#8220;\u00c9 preciso votar na Chapa 1 para transformar o CPERS em uma trincheira de resist\u00eancia&#8221; &#8212; Unidade Classista\" frameborder=\"0\" marginwidth=\"0\" marginheight=\"0\" scrolling=\"no\"><\/iframe><\/p>\n","protected":false},"excerpt":{"rendered":"No final deste m\u00eas de junho, mais precisamente nos dias 27 e 28, os trabalhadores e trabalhadoras em educa\u00e7\u00e3o da rede p\u00fablica de \n<a class=\"moretag\" href=\"https:\/\/pcb.org.br\/portal2\/14819\"> <\/a>","protected":false},"author":1,"featured_media":0,"comment_status":"closed","ping_status":"closed","sticky":false,"template":"","format":"standard","meta":{"jetpack_post_was_ever_published":false,"_jetpack_newsletter_access":"","_jetpack_dont_email_post_to_subs":false,"_jetpack_newsletter_tier_id":0,"_jetpack_memberships_contains_paywalled_content":false,"_jetpack_memberships_contains_paid_content":false,"footnotes":"","jetpack_publicize_message":"","jetpack_publicize_feature_enabled":true,"jetpack_social_post_already_shared":true,"jetpack_social_options":{"image_generator_settings":{"template":"highway","default_image_id":0,"font":"","enabled":false},"version":2}},"categories":[31],"tags":[],"class_list":["post-14819","post","type-post","status-publish","format-standard","hentry","category-c31-unidade-classista"],"jetpack_publicize_connections":[],"jetpack_featured_media_url":"","jetpack_shortlink":"https:\/\/wp.me\/p659gw-3R1","jetpack-related-posts":[],"jetpack_likes_enabled":true,"jetpack_sharing_enabled":true,"_links":{"self":[{"href":"https:\/\/pcb.org.br\/portal2\/wp-json\/wp\/v2\/posts\/14819","targetHints":{"allow":["GET"]}}],"collection":[{"href":"https:\/\/pcb.org.br\/portal2\/wp-json\/wp\/v2\/posts"}],"about":[{"href":"https:\/\/pcb.org.br\/portal2\/wp-json\/wp\/v2\/types\/post"}],"author":[{"embeddable":true,"href":"https:\/\/pcb.org.br\/portal2\/wp-json\/wp\/v2\/users\/1"}],"replies":[{"embeddable":true,"href":"https:\/\/pcb.org.br\/portal2\/wp-json\/wp\/v2\/comments?post=14819"}],"version-history":[{"count":0,"href":"https:\/\/pcb.org.br\/portal2\/wp-json\/wp\/v2\/posts\/14819\/revisions"}],"wp:attachment":[{"href":"https:\/\/pcb.org.br\/portal2\/wp-json\/wp\/v2\/media?parent=14819"}],"wp:term":[{"taxonomy":"category","embeddable":true,"href":"https:\/\/pcb.org.br\/portal2\/wp-json\/wp\/v2\/categories?post=14819"},{"taxonomy":"post_tag","embeddable":true,"href":"https:\/\/pcb.org.br\/portal2\/wp-json\/wp\/v2\/tags?post=14819"}],"curies":[{"name":"wp","href":"https:\/\/api.w.org\/{rel}","templated":true}]}}