{"id":14895,"date":"2017-06-28T12:20:16","date_gmt":"2017-06-28T15:20:16","guid":{"rendered":"https:\/\/pcb.org.br\/portal2\/?p=14895"},"modified":"2017-07-13T16:14:56","modified_gmt":"2017-07-13T19:14:56","slug":"greve-geral-do-dia-30-de-junho-manter-a-unidade-na-luta","status":"publish","type":"post","link":"https:\/\/pcb.org.br\/portal2\/14895","title":{"rendered":"GREVE GERAL DO DIA 30 DE JUNHO! MANTER A UNIDADE NA LUTA!"},"content":{"rendered":"<p><img decoding=\"async\" class=\"imagem\" title=\"imagem\" src=\"https:\/\/ci4.googleusercontent.com\/proxy\/4bBoSWb3zwZ6Xsf1q1pKRCkegCUV065lXhNhZTvO29gKICKA4dsFfeA3eqAXYZSISOClgxnzkE4JbdyocvReNw4PIk-M9vQnEn2xGnRHHY2RMfuNnCjmZG1YNTfaE27YbOhqjUqQMF1as0y6iByLAWFn3aEBj7o5RlDMTvGpmiXr1FkSj2cHMAZZBroKOvbJ00z8yIeg9A2CG2yskEb62-drYaZdxfP6jcFX4Om6_v5ACg=s0-d-e1-ft#https:\/\/scontent.fsdu1-1.fna.fbcdn.net\/v\/t1.0-0\/s480x480\/19396636_754675228047550_5861136089534612088_n.jpg?oh=b4de39628cf386bef93a5ff0ce4434da&amp;oe=59DE7DF9\" alt=\"imagem\" \/><strong>FORA TEMER E AS REFORMAS TRABALHISTA E PREVIDENCI\u00c1RIA! FORA PEZ\u00c3O!<\/strong><\/p>\n<p>Frente de Esquerda Socialista<\/p>\n<p><strong>Manifesto \u00e0s Centrais Sindicais<\/strong><!--more--><\/p>\n<p>O governo de Michel Temer (PMDB\/PSDB) vem sendo questionado pelos trabalhadores e trabalhadoras e o conjunto da popula\u00e7\u00e3o, que n\u00e3o aguenta mais pagar a conta da crise econ\u00f4mica. N\u00e3o \u00e9 a toa que segundo as pesquisas, mais de 80% das pessoas rejeitam a Reforma da Previd\u00eancia, enquanto Temer amarga m\u00edseros 4% de popularidade. Ap\u00f3s den\u00fancias graves de corrup\u00e7\u00e3o e tr\u00e1fico de influ\u00eancia feitas pelo empres\u00e1rio Joesley, um clamor popular pela ren\u00fancia do atual presidente ficou ainda mais evidente.<\/p>\n<p>As jornadas de luta unificadas do m\u00eas de mar\u00e7o, a Greve Geral de 28 de abril e a Marcha radicalizada de 24 de maio em Bras\u00edlia, nos mostram o caminho que devemos seguir para a derrubada desse presidente ileg\u00edtimo que pretende destruir os direitos sociais e trabalhistas, duramente conquistados. Esse calend\u00e1rio foi poss\u00edvel devido a uma correta unidade em torno de nove centrais sindicais que encaminhou unitariamente uma nova Greve Geral para o dia 30 de junho. No entanto, a menos de 15 dias desta greve, algumas centrais encaminharam uma divulga\u00e7\u00e3o p\u00fablica, na qual est\u00e1 ausente a Greve Geral do dia 30 de junho, diluindo a mobiliza\u00e7\u00e3o do m\u00eas para um calend\u00e1rio amplo, sem a concentra\u00e7\u00e3o de um dia unificado de greve geral, deixando a base completamente perplexa e desnorteada. O mesmo ocorreu com a nota das maiores centrais sobre a reforma trabalhista, divulgada no dia 21\/06, onde novamente n\u00e3o consta a data da greve geral. Vemos isso como um grav\u00edssimo erro dessas centrais!<\/p>\n<p>A convoca\u00e7\u00e3o para um dia de greve geral com mais de um m\u00eas de anteced\u00eancia foi justificada pelas centrais sindicais para fazer do dia 30 de junho ainda maior que o 28 de abril. Mas o que estamos vendo \u00e9 um movimento para diluir a convoca\u00e7\u00e3o da greve geral em um \u201cJunho de lutas\u201d, enquanto, o pr\u00f3prio calend\u00e1rio unificado aprovado pelas centrais tem sido esvaziado. H\u00e1 tamb\u00e9m categorias estrat\u00e9gicas onde as maiores centrais n\u00e3o chamaram assembl\u00e9ias para debater a greve geral, o que precisa ser revertido.<\/p>\n<p>Essa situa\u00e7\u00e3o nos preocupa muito, pois al\u00e9m de toda a instabilidade do governo, fruto da nossa luta e da press\u00e3o de setores da burguesia, que clamam por reformas URGENTES! Temer acaba de sofrer mais uma derrota, com a rejei\u00e7\u00e3o do relat\u00f3rio do senador Ricardo Ferra\u00e7o (PSDB) da Reforma Trabalhista na Comiss\u00e3o de Assuntos Sociais (CAS) do Senado. N\u00e3o vemos outro caminho para derrubar as contrarreformas desse governo ileg\u00edtimo que n\u00e3o seja o de ocupar as ruas e nesse processo a greve geral tem uma centralidade. Parar a produ\u00e7\u00e3o, os transportes, os servi\u00e7os p\u00fablicos, o com\u00e9rcio, etc \u00e9 uma resposta contundente da classe trabalhadora, um instrumento que n\u00f3s trabalhadores e trabalhadoras temos para dizer que n\u00e3o aceitaremos perder mais nenhum direito. Por isso, n\u00e3o podemos aceitar nenhuma negocia\u00e7\u00e3o com esse governo ileg\u00edtimo que leve a perda de direitos !<\/p>\n<p>Por isso in\u00fameros sindicatos, ativistas sindicais, movimentos sociais e partidos pol\u00edticos realizaram uma plen\u00e1ria aberta na sede do Sindicato dos Profissionais de Educa\u00e7\u00e3o (SEPE-RJ) com intuito de chamar a responsabilidade das dire\u00e7\u00f5es das centrais sindicais, e exigir que as mesmas mantenham greve geral do dia 30 de junho garantindo a unidade do conjunto da classe trabalhadora. N\u00e3o podemos dar nenhum passo atr\u00e1s, sob o risco de ajudar salvar esse governo ileg\u00edtimo. E para a greve geral ser ainda mais forte que a do dia 28 de abril, \u00e9 necess\u00e1rio que sejam constru\u00eddas mobiliza\u00e7\u00f5es na base, com assembleias das categorias, organizadas pelos sindicatos e federa\u00e7\u00f5es e com plen\u00e1rias amplas de mobiliza\u00e7\u00e3o, al\u00e9m da manuten\u00e7\u00e3o dos comit\u00eas de base que tiveram atua\u00e7\u00e3o fundamental nessa jornada de lutas. O tempo urge, \u00e9 necess\u00e1rio manter a greve geral e intensificar a sua convoca\u00e7\u00e3o , unificando os trabalhadores e trabalhadoras, a juventude e toda a popula\u00e7\u00e3o para derrotar Temer e sua pol\u00edtica neoliberal e no Rio de Janeiro, tamb\u00e9m Pez\u00e3o.<\/p>\n<p>Rio de Janeiro, 21 de junho de 2017<\/p>\n<p>SEPE\/RJ, SINTUFF, CSP CONLUTAS, FES, ADUR, ADUFF, Unidade Classista, ANDES, ASDUERJ,SINDPETRO\/RJ, SIDSCOPE, Sindicato dos Comerci\u00e1rios de Nova Igua\u00e7u, Oposi\u00e7\u00e3o dos Correios, Oposi\u00e7\u00e3o Banc\u00e1ria, Oposi\u00e7\u00e3o Sindsprev-RJ, Frente de Oposi\u00e7\u00e3o SINTUFRJ,DCE\/UFRJ, DCE\/UFF, DCE da Rural, F\u00f3rum Sindical e de Lutas de Niter\u00f3i, F\u00f3rum de Sa\u00fade do RJ, Comando de Greve dos T\u00e9cnicos da UERJ, PSOL Carioca, PSTU, PCB, PSOL Niter\u00f3i, PSOL-RJ, MAIS, NOS, SUBVERTA\/PSOL, COMUNA\/PSOL, MES\/PSOL, Comunismo e Liberdade\/PSOL, CST\/PSOL, APS\/PSOL, LRP\/PSOL, Insurg\u00eancia\/PSOL, LS\/PSOL, LSR\/PSOL, Esquerda Marxista\/PSOL, Resist\u00eancia e Luta, SOS EMPREGO, FIST, COMBATE, MNLM, MUDSPM, Unidos Pra Lutar, Setorial LGBTT do PSOL, Comit\u00ea contra as reformas de Nova Igua\u00e7u, MML, Comit\u00ea da grande Tijuca, Centro e Largo do Machado contra as Reformas, F\u00f3rum das Travestis e Transexuais do RJ, Comando de Mobiliza\u00e7\u00e3o da Sa\u00fade Federal, RUA &#8211; Juventude Anticapitalista, Juventude Vamos \u00e0 Luta, Coletivo Estudantil N\u00f3s N\u00e3o Vamos Pagar Nada &#8211; UFF, JUNTOS, Uni\u00e3o da Juventude Comunista \u2013 UJC, Mandatos do Deputado Estadual Fl\u00e1vio Serafini (PSOL\/RJ), do vereador David Miranda (PSOL-Rio de Janeiro), da vereadora Tal\u00edria Petrone (PSOL- Niter\u00f3i), do vereador Renato Cinco (PSOL-Rio de Janeiro), do vereador Paulo Eduardo Gomes (PSOL-Niter\u00f3i) e mandato coletivo do vereador Tarcisio Mota (PSOL- Rio de Janeiro.<br \/>\nEstamos abertos a mais assinaturas no Manifesto.<\/p>\n<p>https:\/\/www.facebook.com\/frentedeesquerdasocialista\/<wbr \/>posts\/757427591105647<\/p>\n","protected":false},"excerpt":{"rendered":"FORA TEMER E AS REFORMAS TRABALHISTA E PREVIDENCI\u00c1RIA! FORA PEZ\u00c3O! Frente de Esquerda Socialista Manifesto \u00e0s Centrais Sindicais\n<a class=\"moretag\" href=\"https:\/\/pcb.org.br\/portal2\/14895\"> <\/a>","protected":false},"author":1,"featured_media":0,"comment_status":"closed","ping_status":"closed","sticky":false,"template":"","format":"standard","meta":{"jetpack_post_was_ever_published":false,"_jetpack_newsletter_access":"","_jetpack_dont_email_post_to_subs":false,"_jetpack_newsletter_tier_id":0,"_jetpack_memberships_contains_paywalled_content":false,"_jetpack_memberships_contains_paid_content":false,"footnotes":"","jetpack_publicize_message":"","jetpack_publicize_feature_enabled":true,"jetpack_social_post_already_shared":true,"jetpack_social_options":{"image_generator_settings":{"template":"highway","default_image_id":0,"font":"","enabled":false},"version":2}},"categories":[190],"tags":[],"class_list":["post-14895","post","type-post","status-publish","format-standard","hentry","category-fora-temer"],"jetpack_publicize_connections":[],"jetpack_featured_media_url":"","jetpack_shortlink":"https:\/\/wp.me\/p659gw-3Sf","jetpack-related-posts":[],"jetpack_likes_enabled":true,"jetpack_sharing_enabled":true,"_links":{"self":[{"href":"https:\/\/pcb.org.br\/portal2\/wp-json\/wp\/v2\/posts\/14895","targetHints":{"allow":["GET"]}}],"collection":[{"href":"https:\/\/pcb.org.br\/portal2\/wp-json\/wp\/v2\/posts"}],"about":[{"href":"https:\/\/pcb.org.br\/portal2\/wp-json\/wp\/v2\/types\/post"}],"author":[{"embeddable":true,"href":"https:\/\/pcb.org.br\/portal2\/wp-json\/wp\/v2\/users\/1"}],"replies":[{"embeddable":true,"href":"https:\/\/pcb.org.br\/portal2\/wp-json\/wp\/v2\/comments?post=14895"}],"version-history":[{"count":0,"href":"https:\/\/pcb.org.br\/portal2\/wp-json\/wp\/v2\/posts\/14895\/revisions"}],"wp:attachment":[{"href":"https:\/\/pcb.org.br\/portal2\/wp-json\/wp\/v2\/media?parent=14895"}],"wp:term":[{"taxonomy":"category","embeddable":true,"href":"https:\/\/pcb.org.br\/portal2\/wp-json\/wp\/v2\/categories?post=14895"},{"taxonomy":"post_tag","embeddable":true,"href":"https:\/\/pcb.org.br\/portal2\/wp-json\/wp\/v2\/tags?post=14895"}],"curies":[{"name":"wp","href":"https:\/\/api.w.org\/{rel}","templated":true}]}}