{"id":15,"date":"2009-11-24T21:43:30","date_gmt":"2009-11-24T21:43:30","guid":{"rendered":"http:\/\/pcb.org.br\/portal2\/?p=15"},"modified":"2009-11-24T21:43:30","modified_gmt":"2009-11-24T21:43:30","slug":"aos-militantes-da-intersindical","status":"publish","type":"post","link":"https:\/\/pcb.org.br\/portal2\/15","title":{"rendered":"Aos Militantes da Intersindical"},"content":{"rendered":"\n<p>1 &#8211; Quando da lament\u00e1vel divis\u00e3o da Intersindical, no ano passado, o PCB optou corretamente por prosseguir os esfor\u00e7os para o fortalecimento deste espa\u00e7o de luta, sem se deixar levar pelo imediatismo da cria\u00e7\u00e3o a qualquer custo de uma central sindical classista.<\/p>\n<p>2 &#8211; Como nossos parceiros na Intersindical, pensamos que a cria\u00e7\u00e3o da central deve ser produto de um processo de unidade de a\u00e7\u00e3o nas lutas cotidianas dos trabalhadores e de acordo com um calend\u00e1rio que n\u00e3o seja burocr\u00e1tico e muito menos se deixe confundir com a agenda eleitoral nacional.<\/p>\n<p>3 &#8211; Por isso, n\u00e3o nos parece prudente marcar a\u00e7odadamente um congresso para criar uma central, ainda mais sem que previamente se defina o car\u00e1ter desta central. Sendo a central uma uni\u00e3o volunt\u00e1ria de for\u00e7as pol\u00edticas e sindicais nenhuma delas pode impor a outras a sua concep\u00e7\u00e3o, sob pena de se tratar de uma falsa unidade.<\/p>\n<p>4 &#8211; Por estas raz\u00f5es, o PCB orienta os companheiros que militam na Unidade Classista e prop\u00f5e aos demais militantes da Intersindical que n\u00e3o participemos do congresso marcado para junho de 2009, com o objetivo prec\u00edpuo de criar uma central, que n\u00e3o se sabe se ser\u00e1 baseada na centralidade do trabalho, como defendemos, ou uma organiza\u00e7\u00e3o ecl\u00e9tica, dilu\u00edda e movimentista.<\/p>\n<p>5 &#8211; Al\u00e9m da falta de defini\u00e7\u00e3o sobre o que se vai criar, o m\u00eas escolhido coincide com o in\u00edcio de elei\u00e7\u00f5es gerais no Brasil, o que pode se constituir em mais um complicador, seja pelos riscos de instrumentaliza\u00e7\u00e3o ou de divis\u00e3o.<\/p>\n<p>6 &#8211; Apesar de n\u00e3o participarmos desse congresso, pelas raz\u00f5es expostas, respeitamos todas as for\u00e7as que o compor\u00e3o, porque sinceramente t\u00eam, como n\u00f3s, a vontade pol\u00edtica de criar uma necess\u00e1ria central sindical classista. Nossas diverg\u00eancias t\u00eam a ver com a metodologia que orienta a convoca\u00e7\u00e3o deste congresso que julgamos equivocado e inoportuno.<\/p>\n<p>7 &#8211; Mas \u00e9 fundamental que a Intersindical mantenha permanente e franco di\u00e1logo com estas for\u00e7as, nossos principais aliados na luta contra o capital, com vistas a iniciativas e a\u00e7\u00f5es unit\u00e1rias de luta, atrav\u00e9s da refunda\u00e7\u00e3o de um espa\u00e7o comum de a\u00e7\u00e3o nos moldes do F\u00f3rum Nacional de Mobiliza\u00e7\u00e3o.<\/p>\n<p>8 &#8211; Na quest\u00e3o da futura central sindical classista unit\u00e1ria de trabalhadores, este di\u00e1logo deve privilegiar os setores que, apesar de n\u00e3o comporem a Intersindical que estamos ajudando a construir, t\u00eam a mesma perspectiva da centralidade do trabalho.<\/p>\n<p>9 &#8211; \u00c9 nesse sentido que propomos aos nossos aliados na Intersindical que envidemos o melhor dos nossos esfor\u00e7os para recompor o campo pol\u00edtico que a originou e ampli\u00e1-lo com outras for\u00e7as classistas. Defendemos que a fun\u00e7\u00e3o principal da Intersindical \u00e9 a de ser, a partir da organiza\u00e7\u00e3o e das lutas nos locais de trabalho, um espa\u00e7o de articula\u00e7\u00e3o e unidade de a\u00e7\u00e3o do sindicalismo que se contrap\u00f5e ao capital, visando \u00e0 constru\u00e7\u00e3o, sem a\u00e7odamento nem acordos de c\u00fapula, de uma ampla e poderosa organiza\u00e7\u00e3o intersindical unit\u00e1ria, que esteja \u00e0 altura das necessidades das lutas da classe.<\/p>\n<p>10 &#8211; Mas estes objetivos s\u00f3 ser\u00e3o alcan\u00e7ados se fortalecermos a Intersindical e a implantarmos de fato na grande maioria dos Estados brasileiros. Assim sendo, conclamamos todos os militantes do PCB e da Unidade Classista que atuam no ambiente sindical a comparecerem ao Encontro Nacional e, mais ainda, a ajudarem a construir efetivamente a Intersindical.<\/p>\n<p>S\u00e3o Paulo, 15 de novembro de 2009<\/p>\n<p>PCB &#8211; Partido Comunista Brasileiro <\/p>\n<p>Comiss\u00e3o Pol\u00edtica Nacional<\/p>\n","protected":false},"excerpt":{"rendered":"(Nota Pol\u00edtica do PCB)\nA Comiss\u00e3o Pol\u00edtica Nacional do PCB sa\u00fada a realiza\u00e7\u00e3o do Encontro Nacional da Intersindical (Instrumento de Luta e Organiza\u00e7\u00e3o da Classe Trabalhadora), a realizar-se nos dias 28 e 29 deste m\u00eas, em S\u00e3o Paulo, e dirige-se a todos os militantes que constroem esta importante ferramenta, no seguinte sentido:\n<a class=\"moretag\" href=\"https:\/\/pcb.org.br\/portal2\/15\"> <\/a>","protected":false},"author":1,"featured_media":0,"comment_status":"open","ping_status":"open","sticky":false,"template":"","format":"standard","meta":{"jetpack_post_was_ever_published":false,"_jetpack_newsletter_access":"","_jetpack_dont_email_post_to_subs":false,"_jetpack_newsletter_tier_id":0,"_jetpack_memberships_contains_paywalled_content":false,"_jetpack_memberships_contains_paid_content":false,"footnotes":"","jetpack_publicize_message":"","jetpack_publicize_feature_enabled":true,"jetpack_social_post_already_shared":false,"jetpack_social_options":{"image_generator_settings":{"template":"highway","default_image_id":0,"font":"","enabled":false},"version":2}},"categories":[26],"tags":[],"class_list":["post-15","post","type-post","status-publish","format-standard","hentry","category-c25-notas-politicas-do-pcb"],"jetpack_publicize_connections":[],"jetpack_featured_media_url":"","jetpack_shortlink":"https:\/\/wp.me\/p659gw-f","jetpack-related-posts":[],"jetpack_likes_enabled":true,"jetpack_sharing_enabled":true,"_links":{"self":[{"href":"https:\/\/pcb.org.br\/portal2\/wp-json\/wp\/v2\/posts\/15","targetHints":{"allow":["GET"]}}],"collection":[{"href":"https:\/\/pcb.org.br\/portal2\/wp-json\/wp\/v2\/posts"}],"about":[{"href":"https:\/\/pcb.org.br\/portal2\/wp-json\/wp\/v2\/types\/post"}],"author":[{"embeddable":true,"href":"https:\/\/pcb.org.br\/portal2\/wp-json\/wp\/v2\/users\/1"}],"replies":[{"embeddable":true,"href":"https:\/\/pcb.org.br\/portal2\/wp-json\/wp\/v2\/comments?post=15"}],"version-history":[{"count":0,"href":"https:\/\/pcb.org.br\/portal2\/wp-json\/wp\/v2\/posts\/15\/revisions"}],"wp:attachment":[{"href":"https:\/\/pcb.org.br\/portal2\/wp-json\/wp\/v2\/media?parent=15"}],"wp:term":[{"taxonomy":"category","embeddable":true,"href":"https:\/\/pcb.org.br\/portal2\/wp-json\/wp\/v2\/categories?post=15"},{"taxonomy":"post_tag","embeddable":true,"href":"https:\/\/pcb.org.br\/portal2\/wp-json\/wp\/v2\/tags?post=15"}],"curies":[{"name":"wp","href":"https:\/\/api.w.org\/{rel}","templated":true}]}}