{"id":1503,"date":"2011-05-23T21:07:11","date_gmt":"2011-05-23T21:07:11","guid":{"rendered":"http:\/\/pcb.org.br\/portal2\/?p=1503"},"modified":"2011-05-23T21:07:11","modified_gmt":"2011-05-23T21:07:11","slug":"sionistas-tentam-criminalizar-o-pcb-e-cassar-o-registro-do-partido-no-tse","status":"publish","type":"post","link":"https:\/\/pcb.org.br\/portal2\/1503","title":{"rendered":"SIONISTAS TENTAM CRIMINALIZAR O PCB E CASSAR O REGISTRO DO PARTIDO NO TSE"},"content":{"rendered":"\n<p>Fomos informados de que uma entidade chamada CONIB (Confedera\u00e7\u00e3o Israelita do Brasil) teria formalizado, no in\u00edcio deste m\u00eas, representa\u00e7\u00e3o contra o PCB (Partido Comunista Brasileiro), junto ao TSE, alegando pr\u00e1tica de \u201cantissemitismo\u201d, por ter a p\u00e1gina do partido na internet publicado artigo denominado \u201cOs Donos do Sistema: o Poder Oculto; de Onde Nasce a Impunidade de Israel\u201d.<\/p>\n<p>Na apresenta\u00e7\u00e3o de seu portal, a entidade se assume sionista, posiciona-se<em> \u201cna linha de frente do combate ao antissemitismo\u201d<\/em> e oferece \u201clinks\u201d para todas as organiza\u00e7\u00f5es sionistas de Israel, dos Estados Unidos e de \u00e2mbito mundial ou nacionais, a imensa maioria de direita.<\/p>\n<p>Apesar de ainda n\u00e3o conhecermos os termos da representa\u00e7\u00e3o (n\u00e3o divulgada pela entidade), inferimos que sua verdadeira inten\u00e7\u00e3o \u00e9 tentar cassar o registro do PCB, como se se fosse poss\u00edvel calar a voz dos verdadeiros comunistas brasileiros. Nosso partido \u2013 o mais antigo do Brasil, fundado em 1922 &#8211; foi escolhido criteriosamente para esta ofensiva por raz\u00f5es que nos orgulham. Al\u00e9m de lutarmos pela supera\u00e7\u00e3o do capitalismo, praticamos com firmeza e independ\u00eancia o internacionalismo prolet\u00e1rio, a solidariedade a todos os povos em luta contra o imperialismo e o sionismo, cujo significado n\u00e3o se refere ao seu conte\u00fado original, mas ao car\u00e1ter atual do movimento, hegemonicamente fascista e imperialista.<\/p>\n<p>A nosso ver, trata-se de uma a\u00e7\u00e3o pol\u00edtica, muito mais do que jur\u00eddica.<\/p>\n<p>O texto que provocou a rea\u00e7\u00e3o da CONIB \u00e9 de autoria do jornalista argentino Manuel Freytas, divulgado originalmente no s\u00edtio eletr\u00f4nico IAR Not\u00edcias, e reproduzido mundialmente em pelo menos mais de trinta portais progressistas e anti-imperialistas, listados ao final desta nota.<\/p>\n<p>Segundo a ap\u00f3crifa nota publicada pela citada CONIB (<a href=\"http:\/\/www.conib.org.br\/\">www.conib.org.br<\/a>), o texto se utiliza <em>\u201cde imagens apelativas, distor\u00e7\u00f5es da realidade e argumentos conspirat\u00f3rios e claramente anti-semitas\u201d, <\/em>revelando <em>\u201calto grau de desconhecimento do cen\u00e1rio pol\u00edtico-econ\u00f4mico internacional\u201d<\/em>, por repetir (agora no s\u00e9culo 21!) chav\u00f5es da obra <em>\u201cOs Protocolos dos S\u00e1bios de Si\u00e3o, farsa montada pela pol\u00edcia czarista da R\u00fassia, no s\u00e9culo 19\u201d<\/em>. Assim, o PCB \u00e9 acusado de <em>\u201cincentivar a discrimina\u00e7\u00e3o e a prolifera\u00e7\u00e3o da intoler\u00e2ncia religiosa, \u00e9tnica e racial em nosso pa\u00eds\u201d.<\/em><\/p>\n<p>Termina a nota afirmando que a representa\u00e7\u00e3o baseia-se na Lei Org\u00e2nica dos Partidos Pol\u00edticos, com a <em>\u201cfinalidade de evitar que abusos e inverdades desencadeiem preconceitos contra a comunidade judaica brasileira\u201d<\/em>.<\/p>\n<p>Diante deste fato, o PCB vem a p\u00fablico se pronunciar:<\/p>\n<p>1 \u2013 O PCB n\u00e3o se intimidar\u00e1 diante da press\u00e3o de organiza\u00e7\u00f5es sionistas de direita e continuar\u00e1 prestando ampla, geral e irrestrita solidariedade ao povo palestino, v\u00edtima da escandalosa impunidade de Israel, tema do artigo considerado ofensivo. Desrespeitando todas as Resolu\u00e7\u00f5es da ONU, o estado israelense continua ampliando a ocupa\u00e7\u00e3o de territ\u00f3rios dos palestinos, derrubando suas casas, criando o chamado \u201cMuro do Apartheid\u201d, invadindo e cercando a Faixa de Gaza, onde impede a entrada de ajuda humanit\u00e1ria (inclusive alimentos e medicamentos), assassinando e prendendo militantes palestinos, mantendo mais de 11.000 deles em condi\u00e7\u00f5es abjetas em seus c\u00e1rceres. Mais do que isso, continuaremos a denunciar que Israel se transformou numa enorme base militar norte-americana no Oriente M\u00e9dio. O pa\u00eds \u00e9 o primeiro destino da ajuda militar estadunidense no mundo e o \u00fanico do Oriente M\u00e9dio a ter direito a armas nucleares, sem permitir a inspe\u00e7\u00e3o internacional que exige de outros pa\u00edses.<\/p>\n<p>2 \u2013 Esta ofensiva contra o PCB se deve ao fato de que apoiamos e participamos dos diversos Comit\u00eas de Solidariedade ao Povo Palestino que se consolidam e se multiplicam pelo Brasil. No nosso portal, este texto foi escolhido aleatoriamente, pois com uma simples pesquisa se pode verificar que ali os artigos e informa\u00e7\u00f5es sobre a luta contra a pol\u00edtica terrorista do Estado de Israel se contam \u00e0s centenas, muitos deles mais contundentes que o escolhido para ofender a liberdade de imprensa consagrada em nosso pa\u00eds e tentar intimidar e criminalizar o PCB. Publicamo-lo exatamente h\u00e1 um ano, mas s\u00f3 agora ele foi \u201cdescoberto\u201d.<\/p>\n<p>3 \u2013 \u00c9 significativo que esta atitude intimidat\u00f3ria (que est\u00e1 se dando em v\u00e1rios pa\u00edses) ocorra no exato momento em que as duas maiores organiza\u00e7\u00f5es pol\u00edticas palestinas (Fatah e Hamas) anunciam a retomada de seus entendimentos e o desejo de dividir a responsabilidade pela administra\u00e7\u00e3o dos territ\u00f3rios palestinos, que foram separados arbitrariamente pelas for\u00e7as militares israelenses com o uso da viol\u00eancia e da ocupa\u00e7\u00e3o.<\/p>\n<p>4 \u2013 A unidade dessas duas organiza\u00e7\u00f5es contraria os planos imperialistas de divis\u00e3o sect\u00e1ria entre os palestinos \u2013 exatamente porque cria melhores condi\u00e7\u00f5es para o reconhecimento internacional do Estado Palestino e para uma negocia\u00e7\u00e3o pela paz na regi\u00e3o -, tudo que Israel n\u00e3o deseja, apesar das reiteradas resolu\u00e7\u00f5es da ONU nesse sentido.<\/p>\n<p>5 \u2013 Esta atitude arbitr\u00e1ria de persegui\u00e7\u00e3o pol\u00edtica coincide tamb\u00e9m com a sataniza\u00e7\u00e3o do mundo mu\u00e7ulmano, este sim v\u00edtima de preconceitos e estigmatiza\u00e7\u00e3o, sem que a m\u00eddia burguesa se utilize de express\u00f5es como \u201canti-islamismo\u201d, \u201canti-xiitismo\u201d, \u201canti-sunitismo\u201d etc. Coincide tamb\u00e9m com a proximidade da Assembleia Geral da ONU que, no pr\u00f3ximo m\u00eas de setembro, discutir\u00e1 o reconhecimento do Estado Palestino.<\/p>\n<p>6 &#8211; Coincide ainda com a movimenta\u00e7\u00e3o imperialista para ampliar seletivamente a agress\u00e3o militar no Norte da \u00c1frica e no Oriente M\u00e9dio, para al\u00e9m do Iraque e do Afeganist\u00e3o. Coincide com a descarada interven\u00e7\u00e3o militar na L\u00edbia, com as provoca\u00e7\u00f5es contra a S\u00edria e o Ir\u00e3, acusados de solid\u00e1rios aos palestinos e de apoio ao \u201cterrorismo\u201d.<\/p>\n<p>7 &#8211; As raivosas declara\u00e7\u00f5es das autoridades israelenses sobre a unidade das citadas organiza\u00e7\u00f5es pol\u00edticas palestinas deixam em evid\u00eancia que Israel n\u00e3o tem qualquer interesse na paz na regi\u00e3o e muito menos na cria\u00e7\u00e3o do Estado Palestino. Fica claro que o objetivo do sionismo \u00e9 ocupar todo o territ\u00f3rio palestino, atrav\u00e9s dos assentamentos ilegais, transformando o antigo territ\u00f3rio palestino no que chamam de Grande Israel, para inviabilizar na pr\u00e1tica uma decis\u00e3o da ONU, de 1948 &#8211; da coexist\u00eancia pac\u00edfica de dois Estados, no territ\u00f3rio at\u00e9 ent\u00e3o exclusivamente palestino -, boicotada pelos israelenses h\u00e1 mais de sessenta anos!<\/p>\n<p>8 \u2013 N\u00e3o tememos qualquer processo judicial, porque conhecemos as leis brasileiras, que t\u00eam como cl\u00e1usula p\u00e9trea constitucional o livre direito de express\u00e3o e a proibi\u00e7\u00e3o da censura.<\/p>\n<p>9 \u2013 Mesmo que prosperasse esta absurda afronta \u00e0s liberdades democr\u00e1ticas, estamos certos de que ter\u00edamos a solidariedade firme e militante de centenas de organiza\u00e7\u00f5es pol\u00edticas e sociais e personalidades democr\u00e1ticas, n\u00e3o s\u00f3 do Brasil, mas de todo o mundo.<\/p>\n<p>10 \u2013 N\u00e3o h\u00e1, em qualquer documento do PCB, qualquer intoler\u00e2ncia religiosa, \u00e9tnica e racial contra qualquer povo ou comunidade. Criticar a direita sionista n\u00e3o significa criticar a comunidade judaica que, no Brasil e no mundo, \u00e9 composta tamb\u00e9m por militantes democratas, humanistas e comunistas, que lutam contra a pol\u00edtica terrorista e imperialista do Estado de Israel e se solidarizam com o povo palestino. O PCB tem uma vasta e orgulhosa tradi\u00e7\u00e3o, desde a sua funda\u00e7\u00e3o at\u00e9 os dias de hoje, de contar com militantes e amigos de origem judaica.<\/p>\n<p>11 &#8211; Os comunistas, em todo o mundo, somos contra qualquer intoler\u00e2ncia religiosa ou \u00e9tnica, contra preconceitos e nacionalismos xen\u00f3fobos, porque lutamos por um mundo de iguais, sem fronteiras, sem Estado, sem for\u00e7as armadas, sem opressores e oprimidos. N\u00e3o entendemos o que a CONIB quer dizer com a express\u00e3o \u201cintoler\u00e2ncia racial\u201d, pois todos os povos pertencem \u00e0 mesma ra\u00e7a humana. A n\u00e3o ser que assim pensem os que se acreditam pertencentes a uma \u201cra\u00e7a superior\u201d, escolhida por alguma divindade.<\/p>\n<p>12 &#8211; Os comunistas do mundo inteiro tiveram papel decisivo na luta contra o nazi-fascismo que vitimou dramaticamente os judeus, mas tamb\u00e9m a muitos outros povos. O povo russo, dirigido pelo Partido Comunista da Uni\u00e3o Sovi\u00e9tica, foi o que entregou mais vidas em defesa da humanidade, mais de 20 milh\u00f5es, principalmente de seus jovens.<\/p>\n<p>13 \u2013 O s\u00edtio do PCB na internet \u00e9 um espa\u00e7o de difus\u00e3o n\u00e3o apenas das opini\u00f5es do Partido, mas de outras organiza\u00e7\u00f5es e personalidades com alguma afinidade pol\u00edtica, porque objetiva tamb\u00e9m prestar informa\u00e7\u00e3o e fomentar o debate sobre quest\u00f5es candentes, nacionais e internacionais. Na primeira p\u00e1gina de nosso portal (<a href=\"http:\/\/www.pcb.org.br\/\">www.pcb.org.br<\/a>), deixamos claro que:<\/p>\n<p><strong>\u201c<em>S\u00f3 publicamos nesta p\u00e1gina textos que coadunam, no fundamental, com a linha pol\u00edtica do PCB, a crit\u00e9rio dos editores (Secretariado Nacional do CC). Quando n\u00e3o assinados por inst\u00e2ncias do CC, os textos publicados refletem a opini\u00e3o dos autores\u201d.<\/em><\/strong><\/p>\n<p>14 &#8211; Com o texto questionado pela central sionista brasileira temos uma identidade pol\u00edtica, na medida em que ele denuncia a impunidade de Israel, os massacres que este Estado comete contra o povo palestino, o seu importante papel econ\u00f4mico e militar no contexto do imperialismo. Publicamo-lo como contribui\u00e7\u00e3o a um debate necess\u00e1rio, ainda que algumas opini\u00f5es ali expostas possam diferir, em alguns aspectos, de nossa an\u00e1lise marxista da luta de classes no \u00e2mbito mundial. Para n\u00f3s, o sionismo n\u00e3o \u00e9 o \u201cComit\u00ea Central\u201d do imperialismo nem o \u00fanico \u201cdono do poder\u201d, mas s\u00f3cio e parte importante de sua engrenagem, uma significativa linha auxiliar com forte lobby internacional, enorme peso na m\u00eddia hegem\u00f4mica, na economia mundial e na m\u00e1quina de guerra imperialista.<\/p>\n<p>15 \u2013 Sem preocupa\u00e7\u00e3o com amea\u00e7as de qualquer tipo, estamos aqui oficialmente oferecendo \u00e0 dire\u00e7\u00e3o da Confedera\u00e7\u00e3o Israelita do Brasil o direito de resposta, no mesmo espa\u00e7o em que divulgamos o artigo criticado, para que a entidade possa se contrapor aos argumentos expostos pelo autor do texto \u201cOs Donos do Sistema\u201d. Como certamente o texto da CONIB ser\u00e1 uma exce\u00e7\u00e3o ao nosso crit\u00e9rio da afinidade pol\u00edtica, nos reservaremos o direito de public\u00e1-lo com coment\u00e1rios de nosso Partido.<\/p>\n<p>16 \u2013 Este convite, al\u00e9m de democr\u00e1tico, atende \u00e0 preocupa\u00e7\u00e3o da CONIB, embora injustificada, de que sua finalidade, ao adotar a medida judicial, \u00e9 <em>\u201cevitar que abusos e inverdades desencadeiem preconceitos contra a comunidade judaica brasileira\u201d.<\/em> Portanto, estejam \u00e0 vontade para enviar ao nosso endere\u00e7o eletr\u00f4nico os seus pontos de vista.<\/p>\n<p>17 \u2013 Esperamos tamb\u00e9m que a rec\u00edproca seja verdadeira, ou seja, que a CONIB publique em sua p\u00e1gina a \u00edntegra da presente nota pol\u00edtica do PCB. Aproveitamos para sugerir que, no documento que nos mandarem, possamos conhecer suas posi\u00e7\u00f5es em rela\u00e7\u00e3o \u00e0s Resolu\u00e7\u00f5es do \u00faltimo Congresso Nacional do PCB, a respeito do tema, e que transcrevemos aqui na \u00edntegra:<\/p>\n<p>\u201c<em><strong>XIV Congresso Nacional do PCB (outubro de 2009):<\/strong><\/em><\/p>\n<p><em><strong>DECLARA\u00c7\u00c3O DE APOIO \u00c0 CONSTRU\u00c7\u00c3O DO ESTADO PALESTINO DEMOCR\u00c1TICO, POPULAR E LAICO, SOBRE O SOLO P\u00c1TRIO HIST\u00d3RICO:<\/strong><\/em><\/p>\n<p><em>1) Pelo fim imediato da ocupa\u00e7\u00e3o israelense nos territ\u00f3rios tomados em 1967, fazendo valer o inalien\u00e1vel direito \u00e0 autodetermina\u00e7\u00e3o do povo palestino sobre estes territ\u00f3rios;<\/em><\/p>\n<p><em>2) Aplica\u00e7\u00e3o de todas as resolu\u00e7\u00f5es internacionais n\u00e3o acatadas pelo sionismo;<\/em><\/p>\n<p><em>3) Garantia aos refugiados (atualmente, 65% da totalidade do povo palestino) de retorno \u00e0s terras de onde foram expulsos (Resolu\u00e7\u00e3o 194 da ONU);<\/em><\/p>\n<p><em>4) Liberta\u00e7\u00e3o imediata dos cerca de 11.000 prisioneiros, entre eles Ahmad Saadat, Secret\u00e1rio Geral da FPLP, e outros dirigentes da esquerda;<\/em><\/p>\n<p><em>5) Reconstru\u00e7\u00e3o da OLP, ou seja, reconstru\u00e7\u00e3o da unidade pol\u00edtica necess\u00e1ria \u00e0s tarefas que est\u00e3o colocadas para o bravo povo palestino, com garantia de participa\u00e7\u00e3o democr\u00e1tica de todas as for\u00e7as pol\u00edticas representativas dos palestinos;<\/em><\/p>\n<p><em>6) Apoio irrestrito a todas as formas de resist\u00eancia do povo palestino;<\/em><\/p>\n<p><em>7) Destrui\u00e7\u00e3o do muro do apartheid, conforme resolu\u00e7\u00e3o do Tribunal de Haia;<\/em><\/p>\n<p><em>8) Demoli\u00e7\u00e3o e retirada de todos os assentamentos judaicos na Cisjord\u00e2nia\/Jerusal\u00e9m;<\/em><\/p>\n<p><em>9) Fim imediato do bloqueio assassino a Gaza;<\/em><\/p>\n<p><em>10) Pelo fomento de campanha internacional para levar os criminosos de guerra sionistas aos tribunais de justi\u00e7a, dentre os quais, o Tribunal Internacional de Haia. <\/em><\/p>\n<p><em>11) Estabelecimento de s\u00f3lida rela\u00e7\u00e3o entre os partidos comunistas irm\u00e3os para concretizar a\u00e7\u00f5es de solidariedade e, em especial, apoio log\u00edstico \u00e0 materializa\u00e7\u00e3o desta luta;<\/em><\/p>\n<p><em>12) Apoio a todas as iniciativas que visem estreitar la\u00e7os entre os partidos da esquerda palestina, em especial a Frente Democr\u00e1tica pela Liberta\u00e7\u00e3o da Palestina (FDLP), a Frente Popular de Liberta\u00e7\u00e3o da Palestina (FPLP), Partido do Povo Palestino, em unidade concreta program\u00e1tica e de a\u00e7\u00e3o.<\/em><\/p>\n<p><em>POR UM ESTADO PALESTINO DEMOCR\u00c1TICO, POPULAR, LAICO, SOBRE O SOLO P\u00c1TRIO HIST\u00d3RICO! PELA TOTAL INDEPEND\u00caNCIA E AUTONOMIA DOS TERRIT\u00d3RIOS OCUPADOS EM 1967! PELO RETORNO DOS REFUGIADOS E JERUSAL\u00c9M CAPITAL! LIBERTA\u00c7\u00c3O DE TODOS OS 11.000 PRISIONEIROS PALESTINOS! PELA CONDENA\u00c7\u00c3O INTERNACIONAL DOS CRIMINOSOS DE GUERRA!<\/em>\u201d<\/p>\n<p>18 \u2013 Mas voltando ao artigo que gerou a representa\u00e7\u00e3o, para que as cr\u00edticas da CONIB se centrem na contesta\u00e7\u00e3o \u00e0s informa\u00e7\u00f5es ali prestadas &#8211; ao inv\u00e9s de se esconderem sob o manto autorit\u00e1rio do carimbo \u201cantissemita\u201d -, sugerimos que releiam o texto, sem sectarismo nem preconceito. Ver\u00e3o que ele pode ter equ\u00edvocos na forma de sua correta condena\u00e7\u00e3o ao Estado de Israel, mas n\u00e3o tem qualquer intoler\u00e2ncia religiosa ou \u00e9tnica.<\/p>\n<p>19 \u2013 O texto, em nenhum momento, atinge o povo judeu, mas \u00e0 sua lideran\u00e7a hegem\u00f4nica &#8211; direitista, sionista e terrorista &#8211; deixando claro que nem todos os judeus concordam com seus m\u00e9todos e que h\u00e1 v\u00e1rios intelectuais, organiza\u00e7\u00f5es e militantes judeus que condenam e protestam contra o genoc\u00eddio em Gaza e outras viol\u00eancias do Estado de Israel.<\/p>\n<p>20 \u2013 Leiamos novamente algumas passagens do artigo de Manuel Freytas:<\/p>\n<p>\u201c<em>Israel n\u00e3o invadiu nem perpetrou um genoc\u00eddio militar em Gaza com a religi\u00e3o judia, sen\u00e3o com avi\u00f5es F-16, bombas de r\u00e1cimo, helic\u00f3pteros Apache, tanques, artilharia pesada, barcos, sistemas informatizados, e uma estrat\u00e9gia e um plano de exterm\u00ednio militar em grande escala. Quem questione esse massacre \u00e9 condenado por &#8220;anti-semita&#8221; pelo poder judeu mundial distribu\u00eddo pelo mundo\u201d.<\/em><\/p>\n<p>\u201c<em>O lobby sionista pr\u00f3-israelense n\u00e3o reza nas sinagogas, sen\u00e3o na Catedral de Wall Street: um detalhe a ter em conta, para n\u00e3o confundir a religi\u00e3o com o mito e com o neg\u00f3cio\u201d.<\/em><\/p>\n<p>\u201c<em>As campanhas de den\u00fancia de antissemitismo com as quais Israel e organiza\u00e7\u00f5es judias buscam neutralizar as cr\u00edticas contra o massacre, abordam a quest\u00e3o como se o sionismo judeu (sustent\u00e1culo do Estado de Israel) fosse uma quest\u00e3o &#8220;racial&#8221; ou religiosa, e n\u00e3o um sistema de dom\u00ednio imperial que abarca interativamente o plano econ\u00f4mico, pol\u00edtico, social e cultural, superando a quest\u00e3o da ra\u00e7a ou das cren\u00e7as religiosas\u201d.<\/em><\/p>\n<p>\u201c<em>A esse poder (o lobby sionista internacional), e n\u00e3o ao Estado de Israel, \u00e9 o que temem os presidentes, pol\u00edticos, jornalistas e intelectuais que calam ou deformam diariamente os genoc\u00eddios de Israel no Oriente M\u00e9dio, temerosos de ficarem sepultados em vida, sob a l\u00e1pide do &#8220;antissemitismo<\/em>&#8220;.<\/p>\n<p>22 &#8211; Estejam certos de que n\u00e3o calar\u00e3o nem sepultar\u00e3o o PCB em vida, tarefa que n\u00e3o foi poss\u00edvel nem para as mais cru\u00e9is ditaduras de direita que marcaram a hist\u00f3ria do nosso pa\u00eds. Prenderam, exilaram, assassinaram, desapareceram com muitos comunistas, no Brasil e no mundo, por lutarem contra a opress\u00e3o, pela autodetermina\u00e7\u00e3o dos povos, pelas liberdades democr\u00e1ticas e contra o nazi-fascismo.<\/p>\n<p>Exigimos respeito!<\/p>\n<p><strong>Partido Comunista Brasileiro<\/strong><\/p>\n<p><strong>Comiss\u00e3o Pol\u00edtica Nacional<\/strong><\/p>\n<p><strong>Maio de 2011<\/strong><\/p>\n<p><em><strong>Observa\u00e7\u00f5es:<\/strong><\/em><\/p>\n<p><em>1 \u2013 Este e outros artigos de Manuel Freytas s\u00e3o publicados, entre muitos outros, nos seguintes s\u00edtios:<\/em><\/p>\n<p><a href=\"http:\/\/www.resumenlatinoamericano.org\/index.php?option=com_content&amp;task=view&amp;id=1966&amp;Itemid=99999999&amp;lang=es\" target=\"_blank\"><em>http:\/\/www.resumenlatinoamericano.org\/index.php?option=com_content&amp;task=view&amp;id=1966&amp;Itemid=99999999&amp;lang=es<\/em><\/a><\/p>\n<p><a href=\"http:\/\/www.aporrea.org\/actualidad\/n158685.html\" target=\"_blank\"><em>http:\/\/www.aporrea.org\/actualidad\/n158685.html<\/em><\/a><\/p>\n<p><a href=\"http:\/\/colombia.indymedia.org\/news\/2010\/06\/115437.php\" target=\"_blank\"><em>http:\/\/colombia.indymedia.org\/news\/2010\/06\/115437.php<\/em><\/a><\/p>\n<p><a href=\"http:\/\/www.voltairenet.org\/article165990.html#article165990\" target=\"_blank\"><em>http:\/\/www.voltairenet.org\/article165990.html#article165990<\/em><\/a><\/p>\n<p><a href=\"http:\/\/cafehistoria.ning.com\/profiles\/blogs\/os-donos-do-sistema-este\" target=\"_blank\"><em>http:\/\/cafehistoria.ning.com\/profiles\/blogs\/os-donos-do-sistema-este<\/em><\/a><\/p>\n<p><a href=\"http:\/\/port.pravda.ru\/busines\/14-06-2010\/29887-impunidade_israel-0\/\" target=\"_blank\"><em>http:\/\/port.pravda.ru\/busines\/14-06-2010\/29887-impunidade_israel-0\/<\/em><\/a><\/p>\n<p><a href=\"http:\/\/engforum.pravda.ru\/index.php?\/topic\/210736-o-poder-oculto-de-onde-nasce-a-impunidade-de-israel\/\" target=\"_blank\"><em>http:\/\/engforum.pravda.ru\/index.php?\/topic\/210736-o-poder-oculto-de-onde-nasce-a-impunidade-de-israel\/<\/em><\/a><\/p>\n<p><a href=\"http:\/\/www.rebelion.org\/mostrar.php?tipo=5&amp;id=Manuel%20Freytas&amp;inicio=0\" target=\"_blank\"><em>http:\/\/www.rebelion.org\/mostrar.php?tipo=5&amp;id=Manuel%20Freytas&amp;inicio=0<\/em><\/a><em> )<\/em><\/p>\n<p><a href=\"http:\/\/www.cubadebate.cu\/noticias\/2010\/06\/14\/afirma-la-cruz-roja-que-el-bloqueo-israeli-es-ilegal\/\" target=\"_blank\"><em>http:\/\/www.cubadebate.cu\/noticias\/2010\/06\/14\/afirma-la-cruz-roja-que-el-bloqueo-israeli-es-ilegal\/<\/em><\/a><\/p>\n<p><a href=\"http:\/\/visionesalternativas.com\/index.php?option=com_deeppockets&amp;task=contShow&amp;id=95278&amp;Itemid=\" target=\"_blank\"><em>http:\/\/visionesalternativas.com\/index.php?option=com_deeppockets&amp;task=contShow&amp;id=95278&amp;Itemid=<\/em><\/a><\/p>\n<p><a href=\"http:\/\/www.consulvenefunchal.com\/index.php?option=com_content&amp;task=view&amp;id=2698&amp;Itemid=64\" target=\"_blank\"><em>http:\/\/www.consulvenefunchal.com\/index.php?option=com_content&amp;task=view&amp;id=2698&amp;Itemid=64<\/em><\/a><\/p>\n<p><a href=\"http:\/\/alertaroja.net\/index.php\/alertaroja\/2010\/06\/04\/el-poder-oculto-de-donde-nace-la-impunid\" target=\"_blank\"><em>http:\/\/alertaroja.net\/index.php\/alertaroja\/2010\/06\/04\/el-poder-oculto-de-donde-nace-la-impunid<\/em><\/a><\/p>\n<p><a href=\"http:\/\/xatoo.blogspot.com\/2010\/07\/o-poder-oculto-de-onde-nasce-impunidade.html\" target=\"_blank\"><em>http:\/\/xatoo.blogspot.com\/2010\/07\/o-poder-oculto-de-onde-nasce-impunidade.html<\/em><\/a><\/p>\n<p><a href=\"http:\/\/www.senadoragloriainesramirez.org\/index.php\/2010\/06\/el-poder-oculto-de-donde-nace-la-impunidad-de-israel\/\" target=\"_blank\"><em>http:\/\/www.senadoragloriainesramirez.org\/index.php\/2010\/06\/el-poder-oculto-de-donde-nace-la-impunidad-de-israel\/<\/em><\/a><\/p>\n<p><a href=\"http:\/\/radiotrinchera.org\/articulos\/el-poder-oculto-de-donde-nace-la-impunidad-de-israel\/rt\/\" target=\"_blank\"><em>http:\/\/radiotrinchera.org\/articulos\/el-poder-oculto-de-donde-nace-la-impunidad-de-israel\/rt\/<\/em><\/a><\/p>\n<p><a href=\"http:\/\/www.tinku.org\/content\/view\/504\/6\/\" target=\"_blank\"><em>http:\/\/www.tinku.org\/content\/view\/504\/6\/<\/em><\/a><\/p>\n<p><a href=\"http:\/\/www.elciudadano.cl\/2010\/06\/21\/%C2%BFde-donde-nace-la-impunidad-de-israel\/\" target=\"_blank\"><em>http:\/\/www.elciudadano.cl\/2010\/06\/21\/%C2%BFde-donde-nace-la-impunidad-de-israel\/<\/em><\/a><\/p>\n<p><a href=\"http:\/\/www.atinachile.cl\/content\/view\/851974\/LA-INMUNIDIDAD-DE-ISRAEL-Y-EL-PREMIO-NOBEL.html\" target=\"_blank\"><em>http:\/\/www.atinachile.cl\/content\/view\/851974\/LA-INMUNIDIDAD-DE-ISRAEL-Y-EL-PREMIO-NOBEL.html<\/em><\/a><\/p>\n<p><a href=\"http:\/\/www.porpalestina.com\/index.php?option=com_content&amp;view=article&amp;id=959:los-duenos-del-sistema&amp;catid=16:artlos&amp;Itemid=27\" target=\"_blank\"><em>http:\/\/www.porpalestina.com\/index.php?option=com_content&amp;view=article&amp;id=959:los-duenos-del-sistema&amp;catid=16:artlos&amp;Itemid=27<\/em><\/a><\/p>\n<p><a href=\"http:\/\/www.burbuja.info\/inmobiliaria\/temas-calientes\/219139-vittorio-arrigoni-asesinado-por-la-mafia-sionista-3.html\" target=\"_blank\"><em>http:\/\/www.burbuja.info\/inmobiliaria\/temas-calientes\/219139-vittorio-arrigoni-asesinado-por-la-mafia-sionista-3.html<\/em><\/a><\/p>\n<p><a href=\"http:\/\/www.infoeducasares.com.ar\/?p=928\" target=\"_blank\"><em>http:\/\/www.infoeducasares.com.ar\/?p=928<\/em><\/a><\/p>\n<p><a href=\"http:\/\/noticiaoficial.com\/canales\/aporrea\/el-poder-oculto-de-donde-nace-la-impunidad-de-israel\/\" target=\"_blank\"><em>http:\/\/noticiaoficial.com\/canales\/aporrea\/el-poder-oculto-de-donde-nace-la-impunidad-de-israel\/<\/em><\/a><\/p>\n<p><a href=\"http:\/\/shiandalus.blogspot.com\/2010\/06\/el-poder-oculto-de-donde-nace-la.html\" target=\"_blank\"><em>http:\/\/shiandalus.blogspot.com\/2010\/06\/el-poder-oculto-de-donde-nace-la.html<\/em><\/a><\/p>\n<p><a href=\"http:\/\/bloguerosrevolucion.ning.com\/profiles\/blogs\/el-poder-oculto-de-donde-nace?xg_source=activity\" target=\"_blank\"><em>http:\/\/bloguerosrevolucion.ning.com\/profiles\/blogs\/el-poder-oculto-de-donde-nace?xg_source=activity<\/em><\/a><\/p>\n<p><a href=\"http:\/\/afrodescendientes.com\/2010\/07\/03\/el-poder-oculto-de-donde-nace-la-impunidad-de-israel-%E2%80%A8por-manuel-freytas\/\" target=\"_blank\"><em>http:\/\/afrodescendientes.com\/2010\/07\/03\/el-poder-oculto-de-donde-nace-la-impunidad-de-israel-%E2%80%A8por-manuel-freytas\/<\/em><\/a><\/p>\n<p><a href=\"http:\/\/estavoz.blogspot.com\/2010\/08\/el-poder-oculto-de-donde-nace-la.html\" target=\"_blank\"><em>http:\/\/estavoz.blogspot.com\/2010\/08\/el-poder-oculto-de-donde-nace-la.html<\/em><\/a><\/p>\n<p><a href=\"http:\/\/chicodias.wordpress.com\/2010\/06\/14\/sionismo-um-poder-mundial\/\" target=\"_blank\"><em>http:\/\/chicodias.wordpress.com\/2010\/06\/14\/sionismo-um-poder-mundial\/<\/em><\/a><\/p>\n<p><a href=\"http:\/\/neovisao.blogspot.com\/2010\/09\/os-donos-do-sistema-o-poder-oculto-de.html\" target=\"_blank\"><em>http:\/\/neovisao.blogspot.com\/2010\/09\/os-donos-do-sistema-o-poder-oculto-de.html<\/em><\/a><\/p>\n<p><a href=\"http:\/\/ingoldwetrustt.blogspot.com\/2010\/06\/o-poder-oculto-de-onde-nasce-impunidade.html\" target=\"_blank\"><em>http:\/\/ingoldwetrustt.blogspot.com\/2010\/06\/o-poder-oculto-de-onde-nasce-impunidade.html<\/em><\/a><\/p>\n<p><a href=\"http:\/\/agal-gz.org\/blogues\/index.php\/canta\/2010\/06\/13\/os-donos-do-sistema-o-poder-oculto-de-onde-nasce-a-impunidade-de-israel-1\" target=\"_blank\"><em>http:\/\/agal-gz.org\/blogues\/index.php\/canta\/2010\/06\/13\/os-donos-do-sistema-o-poder-oculto-de-onde-nasce-a-impunidade-de-israel-1<\/em><\/a><\/p>\n<p><a href=\"http:\/\/anjaoudemonia.blogspot.com\/2010\/09\/os-homens-por-tras-das-cortinas.html\" target=\"_blank\"><em>http:\/\/anjaoudemonia.blogspot.com\/2010\/09\/os-homens-por-tras-das-cortinas.html<\/em><\/a><\/p>\n<p><em>2 &#8211; Segundo levantamento feito pela Federa\u00e7\u00e3o \u00c1rabe-Palestina, apenas em 2011, a CIA destinou 120 milh\u00f5es de d\u00f3lares, para financiar o sistema de difama\u00e7\u00e3o da religi\u00e3o isl\u00e2mica no Brasil. <\/em><\/p>\n<p><em>3 \u2013 O mesmo texto usado pelo sionismo contra o PCB \u00e9 usado como pretexto para o mesmo tipo de a\u00e7\u00e3o intimidat\u00f3ria na Venezuela, num relat\u00f3rio denominado \u201cAntisemitismo en Venezuela\u201d, de autoria de uma organiza\u00e7\u00e3o \u00e0 qual a CONIB \u00e9 ligada, chamada ADL (Anti-Defamation League), que em portugu\u00eas significa Liga contra a Difama\u00e7\u00e3o. Apesar do nome gen\u00e9rico da entidade, ela s\u00f3 criminaliza e intimida o que considera difama\u00e7\u00e3o \u201canti-semita\u201d. Veja a p\u00e1gina 16 do s\u00edtio http:\/\/www.adl.org.<\/em><\/p>\n<p><em>4 \u2013 neste momento, Israel est\u00e1 usando os c\u00e9us da Gr\u00e9cia, por autoriza\u00e7\u00e3o do governo local, para treinar seus pilotos e testar seus avi\u00f5es militares para um poss\u00edvel ataque ao Ir\u00e3, cuja topografia tem caracter\u00edsticas semelhantes \u00e0s do pa\u00eds hel\u00eanico.<\/em><\/p>\n<p><em>5 \u2013 nos pr\u00f3ximos dias, estaremos publicando aqui nesta p\u00e1gina v\u00e1rios textos de judeus progressistas e comunistas, inclusive israelenses, contra o sionismo e a utiliza\u00e7\u00e3o do carimbo \u201cantissemitismo\u201d como forma de censurar den\u00fancias contra o Estado de Israel.<\/em><\/p>\n","protected":false},"excerpt":{"rendered":"\n\n\nCr\u00e9dito: t2.gstatic.com\n\n\n\n\n\n\n\n\n(Nota Pol\u00edtica do PCB)\n<a class=\"moretag\" href=\"https:\/\/pcb.org.br\/portal2\/1503\"> <\/a>","protected":false},"author":1,"featured_media":0,"comment_status":"open","ping_status":"open","sticky":false,"template":"","format":"standard","meta":{"jetpack_post_was_ever_published":false,"_jetpack_newsletter_access":"","_jetpack_dont_email_post_to_subs":false,"_jetpack_newsletter_tier_id":0,"_jetpack_memberships_contains_paywalled_content":false,"_jetpack_memberships_contains_paid_content":false,"footnotes":"","jetpack_publicize_message":"","jetpack_publicize_feature_enabled":true,"jetpack_social_post_already_shared":false,"jetpack_social_options":{"image_generator_settings":{"template":"highway","default_image_id":0,"font":"","enabled":false},"version":2}},"categories":[26],"tags":[],"class_list":["post-1503","post","type-post","status-publish","format-standard","hentry","category-c25-notas-politicas-do-pcb"],"jetpack_publicize_connections":[],"jetpack_featured_media_url":"","jetpack_shortlink":"https:\/\/wp.me\/p659gw-of","jetpack-related-posts":[],"jetpack_likes_enabled":true,"jetpack_sharing_enabled":true,"_links":{"self":[{"href":"https:\/\/pcb.org.br\/portal2\/wp-json\/wp\/v2\/posts\/1503","targetHints":{"allow":["GET"]}}],"collection":[{"href":"https:\/\/pcb.org.br\/portal2\/wp-json\/wp\/v2\/posts"}],"about":[{"href":"https:\/\/pcb.org.br\/portal2\/wp-json\/wp\/v2\/types\/post"}],"author":[{"embeddable":true,"href":"https:\/\/pcb.org.br\/portal2\/wp-json\/wp\/v2\/users\/1"}],"replies":[{"embeddable":true,"href":"https:\/\/pcb.org.br\/portal2\/wp-json\/wp\/v2\/comments?post=1503"}],"version-history":[{"count":0,"href":"https:\/\/pcb.org.br\/portal2\/wp-json\/wp\/v2\/posts\/1503\/revisions"}],"wp:attachment":[{"href":"https:\/\/pcb.org.br\/portal2\/wp-json\/wp\/v2\/media?parent=1503"}],"wp:term":[{"taxonomy":"category","embeddable":true,"href":"https:\/\/pcb.org.br\/portal2\/wp-json\/wp\/v2\/categories?post=1503"},{"taxonomy":"post_tag","embeddable":true,"href":"https:\/\/pcb.org.br\/portal2\/wp-json\/wp\/v2\/tags?post=1503"}],"curies":[{"name":"wp","href":"https:\/\/api.w.org\/{rel}","templated":true}]}}