{"id":15064,"date":"2017-07-18T14:57:24","date_gmt":"2017-07-18T17:57:24","guid":{"rendered":"https:\/\/pcb.org.br\/portal2\/?p=15064"},"modified":"2017-08-05T14:09:47","modified_gmt":"2017-08-05T17:09:47","slug":"jayme-caicedo-o-partido-comunista-e-independente-das-farc","status":"publish","type":"post","link":"https:\/\/pcb.org.br\/portal2\/15064","title":{"rendered":"Jayme Caicedo: \u201cO Partido Comunista \u00e9 independente das FARC\u201d"},"content":{"rendered":"<p><img data-recalc-dims=\"1\" decoding=\"async\" class=\"imagem\" title=\"imagem\" src=\"https:\/\/i0.wp.com\/2.bp.blogspot.com\/-1O_jKi3sBhs\/WWc8-lXMItI\/AAAAAAAANbM\/7D3jnFAjWB0Say8EOxRPUVVItit7MfTwgCLcBGAs\/s1600\/Jaime--Caycedo-en-21-congreso-13.jpg?w=747&#038;ssl=1\" alt=\"imagem\" \/><strong>EL TIEMPO <\/strong><\/p>\n<p>O Partido Comunista, o mais antigo basti\u00e3o da esquerda na Col\u00f4mbia (foi fundado em 1930), mas que hoje n\u00e3o possui pessoa jur\u00eddica por falta de votos, iniciou, na quinta-feira passada, seu XXII Congresso.<!--more--><\/p>\n<p>Os comunistas, que por d\u00e9cadas foram vistos por seus cr\u00edticos como bra\u00e7o pol\u00edtico da guerrilha, pensam na possibilidade de participar da coaliz\u00e3o que surja junto das FARC como partido pol\u00edtico.<\/p>\n<p>Segundo Jaime Caycedo, Secret\u00e1rio Geral desse coletivo desde 1996, a ideia agora \u00e9 promover uma converg\u00eancia democr\u00e1tica progressista e avan\u00e7ada, com o compromisso de defender o processo de paz. Estes s\u00e3o seus desafios.<\/p>\n<p><strong><em>O que vai acontecer no congresso que come\u00e7a hoje (13\/07)?<\/em><\/strong><\/p>\n<p>Os temas principais t\u00eam rela\u00e7\u00e3o com a an\u00e1lise da situa\u00e7\u00e3o pol\u00edtica do pa\u00eds, principalmente no que se refere ao processo de paz, o di\u00e1logo com o ELN e, \u00e9 claro, a unidade das for\u00e7as democr\u00e1ticas que apoiam a paz numa perspectiva de unidade de a\u00e7\u00e3o pol\u00edtica e de converg\u00eancias para um governo democr\u00e1tico, em 2018, que permita colocar em marcha o acordo com as FARC e as reformas que o acompanham.<\/p>\n<p><strong><em>Sobre a campanha de 2018, o que v\u00e3o discutir?<\/em><\/strong><\/p>\n<p>A ideia \u00e9 uma converg\u00eancia muito ampla, para al\u00e9m da esquerda, com setores que estejam convencidos de que \u00e9 preciso produzir mudan\u00e7as e reformas que sustentem as garantias de n\u00e3o repeti\u00e7\u00e3o e de vida para toda a popula\u00e7\u00e3o.<\/p>\n<p><strong><em>E no que se refere \u00e0 campanha para o Congresso?<\/em><\/strong><\/p>\n<p>A ideia \u00e9 formar uma lista de unidade muito ampla para o Senado, assim como para a C\u00e2mara.<\/p>\n<p><strong><em>Nesse sentido, voc\u00eas se veem numa coaliz\u00e3o com o partido que surja das FARC?<\/em><\/strong><\/p>\n<p>O partido que surgir das FARC ser\u00e1 um partido que far\u00e1 parte dos setores democr\u00e1ticos da esquerda na Col\u00f4mbia, n\u00e3o ter\u00e1 nenhuma rela\u00e7\u00e3o com as armas e, portanto, cabe dentro da converg\u00eancia democr\u00e1tica progressista e avan\u00e7ada que temos o compromisso de defender.<\/p>\n<p><strong><em>Qu\u00e3o pr\u00f3ximo \u00e9 o Partido Comunista das FARC?<\/em><\/strong><\/p>\n<p>Viemos de uma etapa muito dif\u00edcil da vida colombiana na qual a rebeldia teve uma raz\u00e3o de ser como luta armada, por\u00e9m, o partido \u00e9 totalmente independente das FARC.<\/p>\n<p><strong><em>Com as FARC como partido seria poss\u00edvel se aproximar?<\/em><\/strong><\/p>\n<p>Agora existe uma nova situa\u00e7\u00e3o no pa\u00eds. Os acordos de paz tornam poss\u00edvel que essa guerrilha se converta em um movimento pol\u00edtico legal e, portanto, pensamos que \u00e9 preciso reconhecer que n\u00f3s, sendo todos da esquerda, poder\u00edamos fazer alian\u00e7as e acordos com eles e, mais adiante, talvez, ter um movimento unificado.<\/p>\n<p><strong><em>Qual candidato presidencial voc\u00ea v\u00ea mais pr\u00f3ximo de seu partido?<\/em><\/strong><\/p>\n<p>Convidamos todos os pr\u00e9-candidatos que est\u00e3o apoiando o processo de paz n\u00f3s para a abertura de nosso Congresso, como Humberto de la Calle, Gustavo Petro, Jorge Enrique Robledo, Piedad C\u00f3rdoba, Clara L\u00f3pez, Sergio Fajardo, entre outros. Estamos trabalhando na ideia de reunir olhares que nos permitam buscar as coincid\u00eancias, que permitam nos entendermos na procura de um governo democr\u00e1tico que desenvolva esta transi\u00e7\u00e3o em 2018.<\/p>\n<p><strong><em>Por que este partido estava quase desaparecendo?<\/em><\/strong><\/p>\n<p>Esse foi o prop\u00f3sito da direita, do uribismo, dos setores paramilitares e de todo o ambiente da guerra contra-insurgente. Estamos, precisamente, superando essa etapa na qual se pensava que o Partido Comunista deveria desaparecer.<\/p>\n<p>Fonte: <a href=\"http:\/\/www.pacocol.org\/index.php\/noticias\/nacional\/1761-el-partido-comunista-es-independiente-de-las-farc-jaime-caycedo\" target=\"_blank\" rel=\"noopener\">http:\/\/www.pacocol.org\/index.<wbr \/>php\/noticias\/nacional\/1761-el-<wbr \/>partido-comunista-es-<wbr \/>independiente-de-las-farc-<wbr \/>jaime-caycedo<\/a><\/p>\n<p>Tradu\u00e7\u00e3o: Partido Comunista Brasileiro (PCB)<\/p>\n","protected":false},"excerpt":{"rendered":"EL TIEMPO O Partido Comunista, o mais antigo basti\u00e3o da esquerda na Col\u00f4mbia (foi fundado em 1930), mas que hoje n\u00e3o possui pessoa \n<a class=\"moretag\" href=\"https:\/\/pcb.org.br\/portal2\/15064\"> <\/a>","protected":false},"author":1,"featured_media":0,"comment_status":"closed","ping_status":"closed","sticky":false,"template":"","format":"standard","meta":{"jetpack_post_was_ever_published":false,"_jetpack_newsletter_access":"","_jetpack_dont_email_post_to_subs":false,"_jetpack_newsletter_tier_id":0,"_jetpack_memberships_contains_paywalled_content":false,"_jetpack_memberships_contains_paid_content":false,"footnotes":"","jetpack_publicize_message":"","jetpack_publicize_feature_enabled":true,"jetpack_social_post_already_shared":true,"jetpack_social_options":{"image_generator_settings":{"template":"highway","default_image_id":0,"font":"","enabled":false},"version":2}},"categories":[34],"tags":[],"class_list":["post-15064","post","type-post","status-publish","format-standard","hentry","category-c39-colombia"],"jetpack_publicize_connections":[],"jetpack_featured_media_url":"","jetpack_shortlink":"https:\/\/wp.me\/p659gw-3UY","jetpack-related-posts":[],"jetpack_likes_enabled":true,"jetpack_sharing_enabled":true,"_links":{"self":[{"href":"https:\/\/pcb.org.br\/portal2\/wp-json\/wp\/v2\/posts\/15064","targetHints":{"allow":["GET"]}}],"collection":[{"href":"https:\/\/pcb.org.br\/portal2\/wp-json\/wp\/v2\/posts"}],"about":[{"href":"https:\/\/pcb.org.br\/portal2\/wp-json\/wp\/v2\/types\/post"}],"author":[{"embeddable":true,"href":"https:\/\/pcb.org.br\/portal2\/wp-json\/wp\/v2\/users\/1"}],"replies":[{"embeddable":true,"href":"https:\/\/pcb.org.br\/portal2\/wp-json\/wp\/v2\/comments?post=15064"}],"version-history":[{"count":0,"href":"https:\/\/pcb.org.br\/portal2\/wp-json\/wp\/v2\/posts\/15064\/revisions"}],"wp:attachment":[{"href":"https:\/\/pcb.org.br\/portal2\/wp-json\/wp\/v2\/media?parent=15064"}],"wp:term":[{"taxonomy":"category","embeddable":true,"href":"https:\/\/pcb.org.br\/portal2\/wp-json\/wp\/v2\/categories?post=15064"},{"taxonomy":"post_tag","embeddable":true,"href":"https:\/\/pcb.org.br\/portal2\/wp-json\/wp\/v2\/tags?post=15064"}],"curies":[{"name":"wp","href":"https:\/\/api.w.org\/{rel}","templated":true}]}}