{"id":15088,"date":"2017-07-20T11:31:48","date_gmt":"2017-07-20T14:31:48","guid":{"rendered":"https:\/\/pcb.org.br\/portal2\/?p=15088"},"modified":"2017-08-05T14:10:21","modified_gmt":"2017-08-05T17:10:21","slug":"resistencia-saaraui-20-dos-24-presos-politicos-de-gdiem-izik-recebem-duras-condenacoes","status":"publish","type":"post","link":"https:\/\/pcb.org.br\/portal2\/15088","title":{"rendered":"Resist\u00eancia Saarau\u00ed: 20 dos 24 presos pol\u00edticos de Gdiem Izik recebem duras condena\u00e7\u00f5es"},"content":{"rendered":"<p><img decoding=\"async\" class=\"imagem\" title=\"imagem\" src=\"https:\/\/ci3.googleusercontent.com\/proxy\/Hyq2Wr4jBrFTBGRU7DXW3WQwMR7FTtbESjk6fR6B-4HBdOm5S8_bHgpdgBGKDK4FWQcOYR5Dkhco1zqAvy_10-yBKGn7lQ5NveU=s0-d-e1-ft#http:\/\/www.emsahara.com\/IMG\/arton3727.jpg?1500444070\" alt=\"imagem\" \/>SPS 19\/07\/2017<\/p>\n<p>20 dos 24 presos pol\u00edticos de Gdiem Izik receberam duras condena\u00e7\u00f5es, o que demonstrou ser um castigo marroquinho \u00e0 resist\u00eancia saarau\u00ed. (EM)<!--more--><\/p>\n<p><strong><b>Sal\u00e9. (Equipe Media<\/b><\/strong>) \u2013 O Tribunal marroquino sem provas contra os presos saarauis e sob o olhar de diferentes observadores internacionais, na madrugada de hoje, quarta-feira dia 19 de julho de 2017, emitiu senten\u00e7as extremas contra 20 dos 24 ativistas saarau\u00eds de direitos humanos e jornalistas do grupo de Gdiem Izik.<\/p>\n<p>Hoje \u00e9 um dia negro para a justi\u00e7a universal, ap\u00f3s v\u00e1rias sess\u00f5es do julgamento levado adiante contra os presos pol\u00edticos saarau\u00eds, o qual teve in\u00edcio em 26 de dezembro de 2016, e \u00e9 considerado um dos julgamentos mais longos da hist\u00f3ria; adiado in\u00fameras vezes sem justificativa alguma, ficando na pen\u00faltima sess\u00e3o adiada a retirada dos presos saarau\u00eds e sua defesa devido \u00e0 quantidade de irregularidade, somando-se a falta de garantias processuais para levar um julgamento juso e transparente; e depois de permanecerem sete anos na pris\u00e3o, os presos de Gdiem Izik souberam, nesta madrugada, as senten\u00e7as determinadas pelo Tribunal de Apela\u00e7\u00e3o em Sal\u00e9, Reino do Marrocos.<\/p>\n<p><strong>Por\u00e9m, qual \u00e9 o seu verdadeiro delito?<\/strong><\/p>\n<p>O \u00fanico delito que os presos pol\u00edticos sarau\u00eds cometeram \u00e9 o de lutar pacificamente pela defesa dos direitos humanos e a independ\u00eancia do Saara Ocidental. Estes ativistas e jornalistas defensores dos direitos humanos, no ano de 2010, participaram do acampamento de Gdiem Izik organizado nas fronteiras de El Aai\u00fan ocupado &#8211; uns 16 km da capital \u2013 onde se concentraram mais de 20.000 saarau\u00eds para denunciar as faltas de direitos sociais, pol\u00edticos e econ\u00f4micos aos quais s\u00e3o sumetidos desde o ano de 1975, quando o Reino do Marrocos ocupou ilegalmente o territ\u00f3rio saarau\u00ed.O acampamento da Dignidade foi desmantelado brutalmente pela Gendarmeria e o Ex\u00e9rcito de ocupa\u00e7\u00e3o marroquina, na madrugada de 8 e 9 de novembro de 2010. Nesse mesmo momento, n\u00e3o s\u00f3 se i<em>mp\u00f4s um bloqueio informativo para que ningu\u00e9m se interasse do que realmente acontecia, mas que militarizou todo o territ\u00f3rio<\/em> ocupado, e come\u00e7ou a persegui\u00e7\u00e3o dos ativistas e defensores dos direitos humanos no Saara Ocidental. O que terminou primeiro com condena\u00e7\u00f5es elevadas impostas por um Tribunal Militar e, depois de 7 anos presos e gra\u00e7as \u00e0s press\u00f5es de algumas organiza\u00e7\u00f5es internacionais, no ano de 2016 come\u00e7ou o julgamento no Tribunal de Apela\u00e7\u00f5es em Sal\u00e9.<\/p>\n<p>Por\u00e9m, aqueles avisos sobre as viola\u00e7\u00f5es sistem\u00e1ticas aos direitos humanos que sofreram todos estes anos os presos saarau\u00eds, foram reavivadas, quando come\u00e7ou, em 2017, a continuidade deste julgamento farsa. Comprovou-se, atrav\u00e9s dos observadores internacionais que participaram do julgamento, que todas as acusa\u00e7\u00f5es baseadas em supostas \u201cconfiss\u00f5es e declara\u00e7\u00f5es\u201d foram obtidas sob terr\u00edveis torturas e outros tratamentros cru\u00e9is e desumanos por parte das for\u00e7as policiais marroquinas durante os interrogat\u00f3rios. Nem sequer os presos sabem os conte\u00fados dos sum\u00e1rios. Essas viola\u00e7\u00f5es contra os presos saarau\u00eds foram denunciadas por organiza\u00e7\u00f5es internacionais como: Human Rights Watch (HRW), Anistia Internacional (AI), Centro Robert F. Kennedy (RFK) e Acci\u00f3n de los Cristianos para la Abolici\u00f3n de la Tortura (ACAT), entre outras.<\/p>\n<p>Lista dos presos saarau\u00eds e suas condena\u00e7\u00f5es.<\/p>\n<p><strong>Pris\u00e3o Perpetua:<\/strong><\/p>\n<ul>\n<li>Ahmed Sbai;<\/li>\n<li>Brahim Ismaili;<\/li>\n<li>Abdalahi Lejfauni;<\/li>\n<li>Larosi Abdelyalil;<\/li>\n<li>Mohamed Bachir Butanguiza;<\/li>\n<li>Mohamed Bani;<\/li>\n<li>Abhah Abdalahi Ahmed Sidi.<\/li>\n<\/ul>\n<p><strong>30 anos de pris\u00e3o:<\/strong><\/p>\n<ul>\n<li>Naama Asfari;<\/li>\n<li>Mohamed Burial;<\/li>\n<li>Chiej Banga.<\/li>\n<\/ul>\n<p><strong>25 anos de pris\u00e3o:<\/strong><\/p>\n<ul>\n<li>Hasan Dah;<\/li>\n<li>El husain Ezaui;<\/li>\n<li>Mohamed Lamin Haddi;<\/li>\n<li>Mohamed Embarek Lafkir;<\/li>\n<li>Mohamed -Juna Babait;<\/li>\n<li>Sidahmed Lamyaied.<\/li>\n<\/ul>\n<p><strong>20 anos de pris\u00e3o:<\/strong><\/p>\n<ul>\n<li>Mohamed Tahlil;<\/li>\n<li>El Bachir Khada;<\/li>\n<li>Abdalahi Taubali.<\/li>\n<\/ul>\n<p>Postos em liberdade:<br \/>\nDeich Daf foi posto em liberdade. Condenado a seis anos, por\u00e9m a senten\u00e7a \u00e9 inferior ao tempo que passou no c\u00e1rcere.<br \/>\nBakay Arabi foi posto em liberdade. Condenado a quatro anos e cinco meses, a senten\u00e7a \u00e9 inferior ao tempo que passou no c\u00e1rcere.<\/p>\n<p>Fonte: <a href=\"http:\/\/www.emsahara.com\/article3727.html\" target=\"_blank\" rel=\"noopener\">http:\/\/www.emsahara.com\/<wbr \/>article3727.html<\/a><\/p>\n","protected":false},"excerpt":{"rendered":"SPS 19\/07\/2017 20 dos 24 presos pol\u00edticos de Gdiem Izik receberam duras condena\u00e7\u00f5es, o que demonstrou ser um castigo marroquinho \u00e0 resist\u00eancia saarau\u00ed. \n<a class=\"moretag\" href=\"https:\/\/pcb.org.br\/portal2\/15088\"> <\/a>","protected":false},"author":1,"featured_media":0,"comment_status":"closed","ping_status":"closed","sticky":false,"template":"","format":"standard","meta":{"jetpack_post_was_ever_published":false,"_jetpack_newsletter_access":"","_jetpack_dont_email_post_to_subs":false,"_jetpack_newsletter_tier_id":0,"_jetpack_memberships_contains_paywalled_content":false,"_jetpack_memberships_contains_paid_content":false,"footnotes":"","jetpack_publicize_message":"","jetpack_publicize_feature_enabled":true,"jetpack_social_post_already_shared":true,"jetpack_social_options":{"image_generator_settings":{"template":"highway","default_image_id":0,"font":"","enabled":false},"version":2}},"categories":[9],"tags":[],"class_list":["post-15088","post","type-post","status-publish","format-standard","hentry","category-s10-internacional"],"jetpack_publicize_connections":[],"jetpack_featured_media_url":"","jetpack_shortlink":"https:\/\/wp.me\/p659gw-3Vm","jetpack-related-posts":[],"jetpack_likes_enabled":true,"jetpack_sharing_enabled":true,"_links":{"self":[{"href":"https:\/\/pcb.org.br\/portal2\/wp-json\/wp\/v2\/posts\/15088","targetHints":{"allow":["GET"]}}],"collection":[{"href":"https:\/\/pcb.org.br\/portal2\/wp-json\/wp\/v2\/posts"}],"about":[{"href":"https:\/\/pcb.org.br\/portal2\/wp-json\/wp\/v2\/types\/post"}],"author":[{"embeddable":true,"href":"https:\/\/pcb.org.br\/portal2\/wp-json\/wp\/v2\/users\/1"}],"replies":[{"embeddable":true,"href":"https:\/\/pcb.org.br\/portal2\/wp-json\/wp\/v2\/comments?post=15088"}],"version-history":[{"count":0,"href":"https:\/\/pcb.org.br\/portal2\/wp-json\/wp\/v2\/posts\/15088\/revisions"}],"wp:attachment":[{"href":"https:\/\/pcb.org.br\/portal2\/wp-json\/wp\/v2\/media?parent=15088"}],"wp:term":[{"taxonomy":"category","embeddable":true,"href":"https:\/\/pcb.org.br\/portal2\/wp-json\/wp\/v2\/categories?post=15088"},{"taxonomy":"post_tag","embeddable":true,"href":"https:\/\/pcb.org.br\/portal2\/wp-json\/wp\/v2\/tags?post=15088"}],"curies":[{"name":"wp","href":"https:\/\/api.w.org\/{rel}","templated":true}]}}