{"id":15161,"date":"2017-07-29T13:53:20","date_gmt":"2017-07-29T16:53:20","guid":{"rendered":"https:\/\/pcb.org.br\/portal2\/?p=15161"},"modified":"2017-08-14T19:10:07","modified_gmt":"2017-08-14T22:10:07","slug":"cuba-sempre-e-26","status":"publish","type":"post","link":"https:\/\/pcb.org.br\/portal2\/15161","title":{"rendered":"Cuba: Sempre \u00e9 26"},"content":{"rendered":"<p><img data-recalc-dims=\"1\" decoding=\"async\" class=\"imagem\" title=\"imagem\" src=\"https:\/\/i0.wp.com\/www.resumenlatinoamericano.org\/wp-content\/uploads\/2017\/07\/WhatsApp-Image-2017-07-26-at-00.47.32.jpeg?w=747\" alt=\"imagem\" \/>por Graciela Ram\u00edrez<\/p>\n<p>Toda Cuba comemora o 64\u00b0 Anivers\u00e1rio do assalto aos quart\u00e9is de Moncada e Manuel de Cespedes. A fa\u00e7anha daqueles jovens encabe\u00e7ados por Fidel e Abel Santamaria gerou a tomada do c\u00e9u por assalto para mudar para sempre o destino que o imp\u00e9rio \u2013 a apenas 90 milhas de dist\u00e2ncia \u2013 tinha imposto a Cuba.<!--more--><\/p>\n<p>Fidel sempre dizia que foi Jose Mart\u00ed o verdadeiro inspirador do 26 de julho.<\/p>\n<p>Muitos daqueles jovens que se levantaram contra a sangrenta ditadura de Batista pagaram com sua vida, ap\u00f3s sofrer terr\u00edvel tortura, a a\u00e7\u00e3o heroica que marcaria o come\u00e7o da Revolu\u00e7\u00e3o Cubana, que ocorreria tr\u00eas anos depois.<\/p>\n<p>Uma noite como esta, de intenso ver\u00e3o, sa\u00edram os moncadistas do modesto apartamento que alugavam os Santamaria, muito pr\u00f3ximo da Universidade de Havana, na rua 25 e O.<\/p>\n<p>Quando se tem ocasi\u00e3o de conhec\u00ea-lo, hoje convertido em Museu Abel Santamaria, emociona pensar que a pequena salinha, o refrigerador a querosene, o \u00fanico quarto e o \u00fanico banheiro, albergaram a tantos martianos de entre 20 e 25 anos. E na \u00fanica cama dispon\u00edvel, no sof\u00e1 onde n\u00e3o cabiam as longas pernas de Fidel, e no solo com apenas uma manta, passaram muitas madrugadas. As armas que iam sendo adquiridas atrav\u00e9s de coletas, sempre clandestinas e solid\u00e1rias, eram guardadas em um saco, escondidas no banheiro. No museu, nos contam que antes do assalto a pol\u00edtica suspeitou do movimento que tinha o apartamento, supostamente de estudo, t\u00e3o pr\u00f3ximo \u00e0 Alma Mater. Quando um dos assaltantes avisou Haydee Santamaria que a pol\u00edcia revistaria o lugar, rapidamente tomou o saco das armas e o pendurou pela janela do banheiro, que dava para o exterior, evitando que as armas ca\u00edssem nas m\u00e3os da pol\u00edcia e se frustrasse a a\u00e7\u00e3o.<\/p>\n<p>Essa mesma Haydee, Yeye como todos a chamavam, foi encarcerada e reprimida junto a Melba Hernandez. Fidel falava dela emocionado, ao reconhecer os enormes valores de Haydee. Ap\u00f3s o assassinato de seu namorado, os assassinos batistianos arrancaram os olhos de seu irm\u00e3o Abel.<\/p>\n<p>Para destru\u00ed-la moralmente, os torturadores intimaram que Haydee confessasse quem era o autor e dirigente m\u00e1ximo do assalto ao Monacada.<\/p>\n<p>Haydee respondeu: \u201cse voc\u00eas arrancaram os olhos de meu irm\u00e3o e ele n\u00e3o disse, como pretendem que eu diga?\u201d.<\/p>\n<p>Recrutaram-se 1.200 homens e mulheres que colaboraram em diferentes tarefas. Deles, participou das a\u00e7\u00f5es um total de 167. Seis morreram combatendo, 55 foram assassinados selvagemente. Outros, entre eles Ra\u00fal e Fidel, sofreram a pris\u00e3o e muitas priva\u00e7\u00f5es na Ilha de Pinos. A mesma localidade em que Jose Mart\u00ed, sendo apenas um jovem, tamb\u00e9m foi sido detido.<\/p>\n<p>Essa \u00e9 parte da hist\u00f3ria her\u00f3ica que come\u00e7ou uma madrugada como a de hoje e que vive no cora\u00e7\u00e3o, nas ideias e \u00e9 parte dos princ\u00edpios desta Revolu\u00e7\u00e3o heroica, dos humildes, para os humildes e pelos humildes. Levar a bra\u00e7adeira vermelha e preta do 26\/7 \u00e9 parte do orgulho de uma na\u00e7\u00e3o que, desde a luta dos mambises at\u00e9 hoje, decidiu ser livre, justa, soberana, anticolonialista, anti-imperialista e Socialista.<\/p>\n<p>Ondula a bandeira cubana nas portas, balc\u00f5es e edif\u00edcios junto \u00e0 bandeira do 26 de Julho. Os rostos de Mart\u00ed, Fidel, Abel e Vilma se multiplicam em toda Cuba. Pela primeira vez em 64 anos, esta celebra\u00e7\u00e3o ter\u00e1 Fidel \u2013 como sempre o teve \u2013 bem \u00e0 esquerda e no centro do cora\u00e7\u00e3o.<\/p>\n<p>Fonte: <a href=\"http:\/\/www.resumenlatinoamericano.org\/2017\/07\/26\/cuba-siempre-es-26-resumen-latinoamericano-en-pinar-del-rio-sede-de-la-conmemoracion-del-ataque-al-moncada\/\"> http:\/\/www.resumenlatinoamericano.org\/2017\/07\/26\/cuba-siempre-es-26-resumen-latinoamericano-en-pinar-del-rio-sede-de-la-conmemoracion-del-ataque-al-moncada\/<\/a><\/p>\n<p>Tradu\u00e7\u00e3o: Partido Comunista Brasileiro (PCB)<\/p>\n","protected":false},"excerpt":{"rendered":"por Graciela Ram\u00edrez Toda Cuba comemora o 64\u00b0 Anivers\u00e1rio do assalto aos quart\u00e9is de Moncada e Manuel de Cespedes. A fa\u00e7anha daqueles jovens \n<a class=\"moretag\" href=\"https:\/\/pcb.org.br\/portal2\/15161\"> <\/a>","protected":false},"author":1,"featured_media":0,"comment_status":"closed","ping_status":"closed","sticky":false,"template":"","format":"standard","meta":{"jetpack_post_was_ever_published":false,"_jetpack_newsletter_access":"","_jetpack_dont_email_post_to_subs":false,"_jetpack_newsletter_tier_id":0,"_jetpack_memberships_contains_paywalled_content":false,"_jetpack_memberships_contains_paid_content":false,"footnotes":"","jetpack_publicize_message":"","jetpack_publicize_feature_enabled":true,"jetpack_social_post_already_shared":true,"jetpack_social_options":{"image_generator_settings":{"template":"highway","default_image_id":0,"font":"","enabled":false},"version":2}},"categories":[48],"tags":[],"class_list":["post-15161","post","type-post","status-publish","format-standard","hentry","category-c58-cuba"],"jetpack_publicize_connections":[],"jetpack_featured_media_url":"","jetpack_shortlink":"https:\/\/wp.me\/p659gw-3Wx","jetpack-related-posts":[],"jetpack_likes_enabled":true,"jetpack_sharing_enabled":true,"_links":{"self":[{"href":"https:\/\/pcb.org.br\/portal2\/wp-json\/wp\/v2\/posts\/15161","targetHints":{"allow":["GET"]}}],"collection":[{"href":"https:\/\/pcb.org.br\/portal2\/wp-json\/wp\/v2\/posts"}],"about":[{"href":"https:\/\/pcb.org.br\/portal2\/wp-json\/wp\/v2\/types\/post"}],"author":[{"embeddable":true,"href":"https:\/\/pcb.org.br\/portal2\/wp-json\/wp\/v2\/users\/1"}],"replies":[{"embeddable":true,"href":"https:\/\/pcb.org.br\/portal2\/wp-json\/wp\/v2\/comments?post=15161"}],"version-history":[{"count":0,"href":"https:\/\/pcb.org.br\/portal2\/wp-json\/wp\/v2\/posts\/15161\/revisions"}],"wp:attachment":[{"href":"https:\/\/pcb.org.br\/portal2\/wp-json\/wp\/v2\/media?parent=15161"}],"wp:term":[{"taxonomy":"category","embeddable":true,"href":"https:\/\/pcb.org.br\/portal2\/wp-json\/wp\/v2\/categories?post=15161"},{"taxonomy":"post_tag","embeddable":true,"href":"https:\/\/pcb.org.br\/portal2\/wp-json\/wp\/v2\/tags?post=15161"}],"curies":[{"name":"wp","href":"https:\/\/api.w.org\/{rel}","templated":true}]}}