{"id":1524,"date":"2011-06-02T23:59:02","date_gmt":"2011-06-02T23:59:02","guid":{"rendered":"http:\/\/pcb.org.br\/portal2\/?p=1524"},"modified":"2011-06-02T23:59:02","modified_gmt":"2011-06-02T23:59:02","slug":"a-peste-integralista-no-brasil","status":"publish","type":"post","link":"https:\/\/pcb.org.br\/portal2\/1524","title":{"rendered":"A Peste Integralista no Brasil"},"content":{"rendered":"\n<p>\u00c9 direito constitucional crer que os homossexuais queimar\u00e3o no inferno. Ou que os negros descendem de macacos e os arianos, de cisnes brancos. \u00c9 l\u00edcito crer que o fato de Karl Marx ter escrito O capital comprova que o judeu s\u00f3 pensa em dinheiro. Ningu\u00e9m pode ser reprimido por pensar que a mulher \u00e9 um ser incompleto. Sequer h\u00e1 crime em sentir-se atra\u00eddo por crian\u00e7a. As concep\u00e7\u00f5es e as pulsa\u00e7\u00f5es individuais s\u00e3o direitos individuais inarred\u00e1veis, por ex\u00f3ticas e desviadas que sejam.<\/p>\n<p>\u00c9 socialmente inaceit\u00e1vel que homof\u00f3bicos, racistas, ped\u00f3filos, mis\u00f3ginos e assemelhados afirmem positivamente suas concep\u00e7\u00f5es e impulsos, com palavras ou a\u00e7\u00f5es, ferindo comunidades fr\u00e1geis ou descriminadas e, atrav\u00e9s delas, \u00e0 sociedade como um todo. Realidade que a lei toma crescentemente consci\u00eancia, ao punir em forma cada vez mais ampla o racismo antinegro, o anti-semitismo, o sexismo, a pedofilia e, ultimamente, a homofobia.<\/p>\n<p>Preceitos religiosos n\u00e3o justificam atos anti-sociais. Quem incentivar ou praticar o b\u00edblico \u201cOlho por olho, dente por dente\u201d terminar\u00e1 diante do delegado. Ningu\u00e9m defende hoje a condena\u00e7\u00e3o \u00e0 morte do ad\u00faltero e da ad\u00faltera \u2013 que despovoaria nosso pa\u00eds! Todos concordam que n\u00e3o ter\u00edamos vereadora, governadora ou presidenta, se segu\u00edssemos a ordem da B\u00edblia que as mulheres \u201csejam submissas aos maridos\u201d e \u201cfiquem caladas nas assembl\u00e9ias [&#8230;]\u201d!<\/p>\n<p>O integralismo \u2013 evang\u00e9lico, cat\u00f3lico, mul\u00e7umano, judaico, etc. \u2013 n\u00e3o nasce da vontade de respeitar estritamente preceito religioso. Ele exacerba a consci\u00eancia alienada e ferida das popula\u00e7\u00f5es, para propagandear conservadorismo que viabiliza seus objetivos pol\u00edticos, ideol\u00f3gicos e econ\u00f4micos. A fam\u00edlia real saudita \u00e9 a mais pia, a mais conservadora e a mais rica do Oriente. <strong>Edir Macedo construiu reino nesta terra prometendo a salva\u00e7\u00e3o na outra. <\/strong>Se fosse pelo papa, ele seguiria mandando sobre Roma, onde ningu\u00e9m teria votado neste domingo!<\/p>\n<p>O proselitismo integralista luta para formatar a sociedade segundo o seu arb\u00edtrio e a sua autoridade, apoiado no que diz ser a vontade divina inquestion\u00e1vel. Ancora seu reacionarismo na nega\u00e7\u00e3o obscurantista da racionalidade como padr\u00e3o de conviv\u00eancia e de organiza\u00e7\u00e3o social. <strong>Os integralismos comungam na defesa da superioridade da revela\u00e7\u00e3o, sobre a raz\u00e3o;<\/strong> da autoridade, sobre a autonomia; da tradi\u00e7\u00e3o, sobre o progresso. Em sua milit\u00e2ncia, recebem o apoio magn\u00e2nimo dos grandes interesses econ\u00f4micos, no Brasil e atrav\u00e9s do mundo, interessados na conserva\u00e7\u00e3o dos privil\u00e9gios social.<\/p>\n<p>No Brasil, o integralismo mobiliza-se contra o div\u00f3rcio; contra a interrup\u00e7\u00e3o volunt\u00e1ria da gravidez; contra o reconhecimento civil da homoafetividade; contra a escola laica, p\u00fablica, de qualidade; contra os direitos plenos da mulher, etc. Tudo em defesa de ordem natural, determinada pelos c\u00e9us, onde reinam indiscutidos o patriarca, sobre a mulher e os filhos; o patr\u00e3o, sobre os trabalhadores; os governadores, sobre os governados; o pastor e o sacerdote, sobre os fi\u00e9is.<\/p>\n<p><strong>No Brasil, avan\u00e7a a galope desenfreado o integralismo religioso, expandindo sua peste, suas sombras e suas tristezas sobre a m\u00eddia, sobre a educa\u00e7\u00e3o, sobre a pol\u00edtica, sobre o lazer, sobre a educa\u00e7\u00e3o, etc., com o apoio oportunista e interessado dos representantes e autoridades p\u00fablicas.<\/strong> Recua o laicismo acanhado, parido em 1889 pela Rep\u00fablica elitista, e apenas estendido, \u00e0 custa de duras lutas, neste pouco mais de meio s\u00e9culo.<\/p>\n<p>*M\u00e1rio Maestri, 62 anos, historiador, \u00e9 professor do Curso e do Programa de P\u00f3s-Gradua\u00e7\u00e3o em Hist\u00f3ria da UPF. E-mail: maestri@via-rs.net<\/p>\n<p>Fonte: http:\/\/diarioliberdade.org\/index.php?option=com_content&amp;view=article&amp;id=16094<\/p>\n","protected":false},"excerpt":{"rendered":"\n\n\nCr\u00e9dito: Di\u00e1rio Liberdade\n\n\n\n\n\n\n\n\nM\u00e1rio Maestri*\n<a class=\"moretag\" href=\"https:\/\/pcb.org.br\/portal2\/1524\"> <\/a>","protected":false},"author":1,"featured_media":0,"comment_status":"open","ping_status":"open","sticky":false,"template":"","format":"standard","meta":{"jetpack_post_was_ever_published":false,"_jetpack_newsletter_access":"","_jetpack_dont_email_post_to_subs":false,"_jetpack_newsletter_tier_id":0,"_jetpack_memberships_contains_paywalled_content":false,"_jetpack_memberships_contains_paid_content":false,"footnotes":"","jetpack_publicize_message":"","jetpack_publicize_feature_enabled":true,"jetpack_social_post_already_shared":false,"jetpack_social_options":{"image_generator_settings":{"template":"highway","default_image_id":0,"font":"","enabled":false},"version":2}},"categories":[88],"tags":[],"class_list":["post-1524","post","type-post","status-publish","format-standard","hentry","category-c101-criminalizacao"],"jetpack_publicize_connections":[],"jetpack_featured_media_url":"","jetpack_shortlink":"https:\/\/wp.me\/p659gw-oA","jetpack-related-posts":[],"jetpack_likes_enabled":true,"jetpack_sharing_enabled":true,"_links":{"self":[{"href":"https:\/\/pcb.org.br\/portal2\/wp-json\/wp\/v2\/posts\/1524","targetHints":{"allow":["GET"]}}],"collection":[{"href":"https:\/\/pcb.org.br\/portal2\/wp-json\/wp\/v2\/posts"}],"about":[{"href":"https:\/\/pcb.org.br\/portal2\/wp-json\/wp\/v2\/types\/post"}],"author":[{"embeddable":true,"href":"https:\/\/pcb.org.br\/portal2\/wp-json\/wp\/v2\/users\/1"}],"replies":[{"embeddable":true,"href":"https:\/\/pcb.org.br\/portal2\/wp-json\/wp\/v2\/comments?post=1524"}],"version-history":[{"count":0,"href":"https:\/\/pcb.org.br\/portal2\/wp-json\/wp\/v2\/posts\/1524\/revisions"}],"wp:attachment":[{"href":"https:\/\/pcb.org.br\/portal2\/wp-json\/wp\/v2\/media?parent=1524"}],"wp:term":[{"taxonomy":"category","embeddable":true,"href":"https:\/\/pcb.org.br\/portal2\/wp-json\/wp\/v2\/categories?post=1524"},{"taxonomy":"post_tag","embeddable":true,"href":"https:\/\/pcb.org.br\/portal2\/wp-json\/wp\/v2\/tags?post=1524"}],"curies":[{"name":"wp","href":"https:\/\/api.w.org\/{rel}","templated":true}]}}