{"id":15260,"date":"2017-08-10T18:13:59","date_gmt":"2017-08-10T21:13:59","guid":{"rendered":"https:\/\/pcb.org.br\/portal2\/?p=15260"},"modified":"2017-08-16T14:13:10","modified_gmt":"2017-08-16T17:13:10","slug":"agronegocio-caloteiro","status":"publish","type":"post","link":"https:\/\/pcb.org.br\/portal2\/15260","title":{"rendered":"Agroneg\u00f3cio caloteiro"},"content":{"rendered":"<p><img data-recalc-dims=\"1\" decoding=\"async\" class=\"imagem\" title=\"imagem\" src=\"https:\/\/i0.wp.com\/1.bp.blogspot.com\/-wC2-ROXGMYg\/UazD5UhN1MI\/AAAAAAAAVZ8\/bS8fWzIXG7o\/s1600\/INDIO%2BAGRONEGOCIO.jpg?w=747\" alt=\"imagem\" \/>O presidente Temer tira de n\u00f3s e d\u00e1 para os latifundi\u00e1rios e grandes empres\u00e1rios ruralistas.\u00a0Enquanto isso, cortes or\u00e7ament\u00e1rios se avolumam e colocam em risco o funcionamento do \u00f3rg\u00e3o indigenista, que beira a insolv\u00eancia, escreve Cleber Buzatto, Secret\u00e1rio Executivo do Cimi, em artigo publicado por Conselho Indigenista Mission\u00e1rio &#8211; Cimi, 08-08-2017.<!--more--><\/p>\n<p>Eis o artigo.<\/p>\n<p>O presidente Temer fez publicar, em acordo com a bancada ruralista, em 1\u00ba. de agosto, um dia antes da C\u00e2mara dos Deputados proibir o Supremo Tribunal Federal (STF) de investig\u00e1-lo, a Medida Provis\u00f3ria (MP) 793\/17 que instituiu o mais novo e montanhoso calote do agroneg\u00f3cio contra n\u00f3s, cidad\u00e3os brasileiros. Na pr\u00e1tica, a MP promove uma transfer\u00eancia de renda na ordem aproximada de 12 bilh\u00f5es de reais do Estado brasileiro para o agroneg\u00f3cio.<\/p>\n<p>Importante salientar que a MP n\u00e3o foi pensada para beneficiar o pequeno agricultor, que produz leite, por exemplo, mas sim os grandes latifundi\u00e1rios e as grandes corpora\u00e7\u00f5es empresariais do agroneg\u00f3cio que adquirem e comercializam o leite, gr\u00e3os, carnes e outras commodities agr\u00edcolas. Para estes, a MP perdoa juros e multas de d\u00edvidas com o Fundo de Assist\u00eancia ao Trabalhador Rural (Funrural), o que causar\u00e1 uma perda de arrecada\u00e7\u00e3o de 7,6 bilh\u00f5es segundo n\u00fameros da Secretaria da Receita Federal.<\/p>\n<p>Al\u00e9m disso, com a redu\u00e7\u00e3o da al\u00edquota do Funrural em cerca de 40%, tamb\u00e9m definida pela MP, as perdas da Uni\u00e3o, somente no per\u00edodo de 2018 a 2020, ser\u00e3o de 4,36 bilh\u00f5es. O governo ainda protelou o prazo de pagamento do saldo devedor em atraso para os pr\u00f3ximos 14 anos e meio. A Receita Federal n\u00e3o divulgou estimativa de perdas com a redu\u00e7\u00e3o da al\u00edquota relativa a este per\u00edodo. Portanto, os preju\u00edzos que teremos com o calote alongado do Agroneg\u00f3cio ser\u00e3o muito superiores aos 12 bilh\u00f5es.<\/p>\n<p>Para piorar ainda mais o revoltante e pouco divulgado esc\u00e2ndalo, n\u00e3o h\u00e1 qualquer garantia de que os devedores pagar\u00e3o tais d\u00e9bitos ao longo do novo per\u00edodo estabelecido. O mais prov\u00e1vel, ao contr\u00e1rio, \u00e9 que continuem sem pagar suas contas e voltem para a lista dos devedores em atraso, esperando pelo pr\u00f3ximo Refis, j\u00e1 que este tem sido o modus operandi de grande parte dos latifundi\u00e1rios e de grandes corpora\u00e7\u00f5es empresariais do setor. Beneficiados com cr\u00e9ditos multibilion\u00e1rios e subsidiados, o agroneg\u00f3cio acumula d\u00edvidas na ordem de 1 trilh\u00e3o de reais com os cofres p\u00fablicos.<br \/>\nEm outras palavras, o presidente Temer tira de n\u00f3s e d\u00e1 para os latifundi\u00e1rios e grandes empres\u00e1rios ruralistas.<\/p>\n<p>Enquanto isso, cortes or\u00e7ament\u00e1rios se avolumam e colocam em risco o funcionamento do \u00f3rg\u00e3o indigenista, que beira a insolv\u00eancia. A Funda\u00e7\u00e3o Nacional do \u00cdndio (Funai), por falta de pessoal e de recursos financeiros, fecha unidades locais e regionais e abandona Frentes de Prote\u00e7\u00e3o, deixando ao l\u00e9u povos isolados e de recente contato. Tudo o que madeireiros e latifundi\u00e1rios grileiros esperavam para avan\u00e7ar sobre as terras ind\u00edgenas e, muito provavelmente, promover novas ondas de \u2018limpezas \u00e9tnicas\u2019 por meio de chacinas an\u00e1logas \u00e0s cometidas no passado recente de nosso pa\u00eds.<\/p>\n<p>De calote em calote, o agroneg\u00f3cio reafirma seus costumes e radical car\u00e1ter caloteiro.<\/p>\n<p>http:\/\/www.ihu.unisinos.br\/78-noticias\/570451-agronegocio-caloteiro<\/p>\n","protected":false},"excerpt":{"rendered":"O presidente Temer tira de n\u00f3s e d\u00e1 para os latifundi\u00e1rios e grandes empres\u00e1rios ruralistas.\u00a0Enquanto isso, cortes or\u00e7ament\u00e1rios se avolumam e colocam em \n<a class=\"moretag\" href=\"https:\/\/pcb.org.br\/portal2\/15260\"> <\/a>","protected":false},"author":1,"featured_media":0,"comment_status":"closed","ping_status":"closed","sticky":false,"template":"","format":"standard","meta":{"jetpack_post_was_ever_published":false,"_jetpack_newsletter_access":"","_jetpack_dont_email_post_to_subs":false,"_jetpack_newsletter_tier_id":0,"_jetpack_memberships_contains_paywalled_content":false,"_jetpack_memberships_contains_paid_content":false,"footnotes":"","jetpack_publicize_message":"","jetpack_publicize_feature_enabled":true,"jetpack_social_post_already_shared":true,"jetpack_social_options":{"image_generator_settings":{"template":"highway","default_image_id":0,"font":"","enabled":false},"version":2}},"categories":[190,118],"tags":[],"class_list":["post-15260","post","type-post","status-publish","format-standard","hentry","category-fora-temer","category-c131-reforma-agraria"],"jetpack_publicize_connections":[],"jetpack_featured_media_url":"","jetpack_shortlink":"https:\/\/wp.me\/p659gw-3Y8","jetpack-related-posts":[],"jetpack_likes_enabled":true,"jetpack_sharing_enabled":true,"_links":{"self":[{"href":"https:\/\/pcb.org.br\/portal2\/wp-json\/wp\/v2\/posts\/15260","targetHints":{"allow":["GET"]}}],"collection":[{"href":"https:\/\/pcb.org.br\/portal2\/wp-json\/wp\/v2\/posts"}],"about":[{"href":"https:\/\/pcb.org.br\/portal2\/wp-json\/wp\/v2\/types\/post"}],"author":[{"embeddable":true,"href":"https:\/\/pcb.org.br\/portal2\/wp-json\/wp\/v2\/users\/1"}],"replies":[{"embeddable":true,"href":"https:\/\/pcb.org.br\/portal2\/wp-json\/wp\/v2\/comments?post=15260"}],"version-history":[{"count":0,"href":"https:\/\/pcb.org.br\/portal2\/wp-json\/wp\/v2\/posts\/15260\/revisions"}],"wp:attachment":[{"href":"https:\/\/pcb.org.br\/portal2\/wp-json\/wp\/v2\/media?parent=15260"}],"wp:term":[{"taxonomy":"category","embeddable":true,"href":"https:\/\/pcb.org.br\/portal2\/wp-json\/wp\/v2\/categories?post=15260"},{"taxonomy":"post_tag","embeddable":true,"href":"https:\/\/pcb.org.br\/portal2\/wp-json\/wp\/v2\/tags?post=15260"}],"curies":[{"name":"wp","href":"https:\/\/api.w.org\/{rel}","templated":true}]}}