{"id":15313,"date":"2017-08-16T13:59:22","date_gmt":"2017-08-16T16:59:22","guid":{"rendered":"https:\/\/pcb.org.br\/portal2\/?p=15313"},"modified":"2017-08-20T15:47:38","modified_gmt":"2017-08-20T18:47:38","slug":"nota-do-pcb-pb-sobre-a-terceirizacao-nas-escolas-de-ensino-publico-estadual","status":"publish","type":"post","link":"https:\/\/pcb.org.br\/portal2\/15313","title":{"rendered":"NOTA DO PCB-PB SOBRE A TERCEIRIZA\u00c7\u00c3O NAS ESCOLAS DE ENSINO P\u00daBLICO ESTADUAL"},"content":{"rendered":"<p><img data-recalc-dims=\"1\" decoding=\"async\" class=\"imagem\" title=\"imagem\" src=\"https:\/\/i0.wp.com\/3.bp.blogspot.com\/-PlLBDaHQFxU\/UWFyV3CRtLI\/AAAAAAAAH7g\/LjDhmWw4_tM\/s1600\/escola.png?w=747&#038;ssl=1\" alt=\"imagem\" \/><!--more-->O governador Ricardo Coutinho lan\u00e7a mais uma medida privatista na gest\u00e3o p\u00fablica, agora no \u00e2mbito da educa\u00e7\u00e3o, deixando claros os nexos da sua administra\u00e7\u00e3o com as novas formas de produ\u00e7\u00e3o de lucro do capital, cujo modelo visa a transforma\u00e7\u00e3o de direitos sociais (seguridade social, educa\u00e7\u00e3o, sa\u00fade, seguran\u00e7a) em bens de consumo. A exemplo do que j\u00e1 ocorreu na sa\u00fade, quando se entregou a administra\u00e7\u00e3o de um dos maiores hospitais p\u00fablicos do Estado, o Hospital Estadual de Emerg\u00eancia e Trauma Senador Humberto Lucena, \u00e0 organiza\u00e7\u00e3o social Cruz Vermelha, foi publicado em Di\u00e1rio Oficial um edital com vistas a selecionar uma organiza\u00e7\u00e3o social (OS) para gerir os servi\u00e7os educacionais de 652 unidades escolares do Estado. Essas unidades se inserem nos oito lotes que ser\u00e3o \u201cvendidos\u201d \u00e0s organiza\u00e7\u00f5es sociais, contemplando as 14 Ger\u00eancias Regionais de Educa\u00e7\u00e3o (GREs) e a estimativa \u00e9 de que o governo gaste cerca de R$ 10 milh\u00f5es no processo de terceiriza\u00e7\u00e3o. Todo esse processo de terceiriza\u00e7\u00e3o encontra-se respaldado na Lei N\u00ba 9.454, que o pr\u00f3prio governador sancionou em 06 de outubro de 2011. Essa terceiriza\u00e7\u00e3o \u00e9 a continuidade de um processo que vem se desenvolvendo desde o in\u00edcio da gest\u00e3o de Ricardo Coutinho, que se convencionou de reordena\u00e7\u00e3o escolar, em que j\u00e1 foram fechadas mais de 200 escolas. De acordo com a nova medida, a organiza\u00e7\u00e3o social selecionada dever\u00e1 atuar desde a organiza\u00e7\u00e3o pedag\u00f3gica da escola passando pela administra\u00e7\u00e3o dos recursos humanos e materiais. \u00c9 uma medida que fere de morte direitos duramente conquistados pelo movimento de educadores progressistas, que l\u00e1 nos idos do final da d\u00e9cada de 80 do s\u00e9culo passado lutaram para elevar o n\u00edvel de participa\u00e7\u00e3o da comunidade escolar nos destinos pedag\u00f3gicos da escola.<\/p>\n<p>Dessa luta se conquistou o direito \u00e0 elei\u00e7\u00e3o dos diretores escolares, \u00e0 cria\u00e7\u00e3o de inst\u00e2ncias colegiadas para o acompanhamento do projeto pol\u00edtico pedag\u00f3gico da escola, colocando a possibilidade do controle social da escola nas m\u00e3os dos sujeitos que nela atuam, professores, alunos e pais\/respons\u00e1veis. N\u00e3o podemos retroagir a patamares inferiores de organiza\u00e7\u00e3o dos processos pedag\u00f3gicos na escola, rebaixando ainda mais a possibilidade de a comunidade escolar pensar e fazer da escola um espa\u00e7o de resist\u00eancia \u00e0 luta anticapitalista. Para n\u00f3s, comunistas, temos claro que o direito pleno \u00e0 educa\u00e7\u00e3o, na perspectiva da emancipa\u00e7\u00e3o humana, s\u00f3 vir\u00e1 no processo de luta radical da sociedade na supera\u00e7\u00e3o das rela\u00e7\u00f5es de explora\u00e7\u00e3o que caracterizam o capitalismo. No entanto, os avan\u00e7os j\u00e1 conquistados precisam ser mantidos, o que vai requerer a mobiliza\u00e7\u00e3o dos trabalhadores da educa\u00e7\u00e3o e da juventude aguerrida. N\u00e3o acreditamos em sa\u00eddas pactuadas e\/ou negociadas com o capital, pois esse visar\u00e1 sempre o lucro, que \u00e9 inerente a sua l\u00f3gica. Compreendemos que vivemos um momento hist\u00f3rico importante para a organiza\u00e7\u00e3o e mobiliza\u00e7\u00e3o da classe trabalhadora. Para tanto, devemos seguir mobilizados e organizados junto aos movimentos de resist\u00eancia ao desmonte dos direitos conquistados.<\/p>\n<p>Nenhum direito, nenhum servi\u00e7o, nenhum emprego a menos!<\/p>\n","protected":false},"excerpt":{"rendered":"<a class=\"moretag\" href=\"https:\/\/pcb.org.br\/portal2\/15313\"> <\/a>","protected":false},"author":1,"featured_media":0,"comment_status":"closed","ping_status":"closed","sticky":false,"template":"","format":"standard","meta":{"jetpack_post_was_ever_published":false,"_jetpack_newsletter_access":"","_jetpack_dont_email_post_to_subs":false,"_jetpack_newsletter_tier_id":0,"_jetpack_memberships_contains_paywalled_content":false,"_jetpack_memberships_contains_paid_content":false,"footnotes":"","jetpack_publicize_message":"","jetpack_publicize_feature_enabled":true,"jetpack_social_post_already_shared":true,"jetpack_social_options":{"image_generator_settings":{"template":"highway","default_image_id":0,"font":"","enabled":false},"version":2}},"categories":[26],"tags":[],"class_list":["post-15313","post","type-post","status-publish","format-standard","hentry","category-c25-notas-politicas-do-pcb"],"jetpack_publicize_connections":[],"jetpack_featured_media_url":"","jetpack_shortlink":"https:\/\/wp.me\/p659gw-3YZ","jetpack-related-posts":[],"jetpack_likes_enabled":true,"jetpack_sharing_enabled":true,"_links":{"self":[{"href":"https:\/\/pcb.org.br\/portal2\/wp-json\/wp\/v2\/posts\/15313","targetHints":{"allow":["GET"]}}],"collection":[{"href":"https:\/\/pcb.org.br\/portal2\/wp-json\/wp\/v2\/posts"}],"about":[{"href":"https:\/\/pcb.org.br\/portal2\/wp-json\/wp\/v2\/types\/post"}],"author":[{"embeddable":true,"href":"https:\/\/pcb.org.br\/portal2\/wp-json\/wp\/v2\/users\/1"}],"replies":[{"embeddable":true,"href":"https:\/\/pcb.org.br\/portal2\/wp-json\/wp\/v2\/comments?post=15313"}],"version-history":[{"count":0,"href":"https:\/\/pcb.org.br\/portal2\/wp-json\/wp\/v2\/posts\/15313\/revisions"}],"wp:attachment":[{"href":"https:\/\/pcb.org.br\/portal2\/wp-json\/wp\/v2\/media?parent=15313"}],"wp:term":[{"taxonomy":"category","embeddable":true,"href":"https:\/\/pcb.org.br\/portal2\/wp-json\/wp\/v2\/categories?post=15313"},{"taxonomy":"post_tag","embeddable":true,"href":"https:\/\/pcb.org.br\/portal2\/wp-json\/wp\/v2\/tags?post=15313"}],"curies":[{"name":"wp","href":"https:\/\/api.w.org\/{rel}","templated":true}]}}