{"id":15474,"date":"2017-08-24T15:46:54","date_gmt":"2017-08-24T18:46:54","guid":{"rendered":"https:\/\/pcb.org.br\/portal2\/?p=15474"},"modified":"2017-09-01T14:04:38","modified_gmt":"2017-09-01T17:04:38","slug":"privatizacao-da-eletrobras-e-uma-tragedia-diz-dirigente-do-mab","status":"publish","type":"post","link":"https:\/\/pcb.org.br\/portal2\/15474","title":{"rendered":"Privatiza\u00e7\u00e3o da Eletrobras \u00e9 uma trag\u00e9dia, diz dirigente do MAB"},"content":{"rendered":"<p><img data-recalc-dims=\"1\" decoding=\"async\" class=\"imagem\" title=\"imagem\" src=\"https:\/\/i0.wp.com\/farm5.staticflickr.com\/4381\/36346060340_022e26240b_z.jpg?w=747&#038;ssl=1\" alt=\"imagem\" \/><!--more-->Governo enviou proposta de venda de a\u00e7\u00f5es da empresa ao Programa de Parceria e Investimentos na \u00faltima segunda (21)<\/p>\n<p>Jos\u00e9 Eduardo Bernardes<\/p>\n<p>A proposta do governo golpista de Michel Temer (PMDB)\u00a0de privatizar a Eletrobras \u00e9 uma &#8220;trag\u00e9dia&#8221; e vai afetar diretamente o consumidor. A avalia\u00e7\u00e3o \u00e9 de Gilberto Cervinski, coordenador nacional do Movimento dos Atingidos por Barragem (MAB).<\/p>\n<p>O\u00a0coordenador comenta a proposta do governo Temer, enviada nesta segunda-feira (21), para que o Minist\u00e9rio de Minas e Energia entregue ao Programa de Parcerias e Investimentos a tarefa de vender a\u00e7\u00f5es da Eletrobr\u00e1s, empresa respons\u00e1vel pela gera\u00e7\u00e3o, distribui\u00e7\u00e3o e transmiss\u00e3o de energia el\u00e9trica.<\/p>\n<p>&#8220;O que eles est\u00e3o propondo \u00e9 uma trag\u00e9dia. Vai explodir, vai dar um choque, se voc\u00ea pegar e analisar, \u00e9 um impacto muito grande, do ponto de vista na conta de luz&#8221;, disse.<\/p>\n<p><strong>Gest\u00e3o<\/strong><\/p>\n<p>Ao todo, a empresa administra 47 hidrel\u00e9tricas, 270 subesta\u00e7\u00f5es de energia, seis distribuidoras e possui 70 mil quil\u00f4metros de linhas de transmiss\u00e3o. Essas linhas atendem 12 milh\u00f5es de habitantes em seis estados.<\/p>\n<p>Cervinski explica que as empresas administradas pela Eletrobr\u00e1s j\u00e1 tiveram seus gastos amortizados, principalmente pela contribui\u00e7\u00e3o arrecadada com as tarifas de luz pagas pelos usu\u00e1rios. Com a privatiza\u00e7\u00e3o, ele afirma que o povo voltar\u00e1 a pagar contas mais altas para cobrir novos gastos estimulados pelo pr\u00f3prio mercado.<\/p>\n<p><strong>Consumidor<\/strong><\/p>\n<p>O governo espera arrecadar R$ 20 bilh\u00f5es com a privatiza\u00e7\u00e3o. A Eletrobr\u00e1s j\u00e1 tem suas a\u00e7\u00f5es na bolsa de valores, ou seja, \u00e9 uma empresa de capital misto. O governo brasileiro det\u00e9m grande parte dessas a\u00e7\u00f5es, cerca de 40%, que garantem a soberania do setor el\u00e9trico nacional.<\/p>\n<p>Para Luiz Pinguelli Rosa, ex-presidente da empresa na primeira gest\u00e3o de Luiz In\u00e1cio Lula da Silva, s\u00e3o os usu\u00e1rios que v\u00e3o arcar com os custos da privatiza\u00e7\u00e3o.<\/p>\n<p>&#8220;Certamente vai aumentar a tarifa. Porque voc\u00ea vai revalorizar ativos amortizados, que ter\u00e3o que ser remunerados de novo para compensar o investidor. Deve ser algo em torno de 8% a 10%&#8221;, disse.<\/p>\n<p>Pinguelli lembra ainda que apesar do governo afirmar que a t\u00e1tica \u00e9 utilizada para cobrir um rombo nas contas, revelada na semana passada, e que chega a R$ 159 bilh\u00f5es, a escolha do governo golpista de privatizar a Eletrobras \u00e9 ideol\u00f3gica.<\/p>\n<p>&#8220;Esses caras aprenderam desde criancinha que t\u00eam que privatizar tudo que estiver na frente deles. Ent\u00e3o isso \u00e9 uma regra deles. V\u00e3o obter algum fundo para compensar o rombo gigantesco que foi produzido, mas muito pouco. Soberania nacional n\u00e3o existe na cabe\u00e7a do Temer. Ele \u00e9 uma esp\u00e9cie de governo lacaio&#8221;, criticou.<\/p>\n<p>Em nota, a Eletrobras afirmou que ainda n\u00e3o h\u00e1 aprova\u00e7\u00e3o da proposta enviada por Temer, nem modelo definido de como poder\u00e1 ocorrer a privatiza\u00e7\u00e3o.<\/p>\n<p class=\"m_9069200212148103030editor\">Edi\u00e7\u00e3o: Simone Freire<\/p>\n<p>Ilustra\u00e7\u00e3o: A usina de Itaipu \u00e9 uma daquelas que ser\u00e3o atingidas pela privatiza\u00e7\u00e3o. Ag\u00eancia Brasil<\/p>\n<p>https:\/\/www.brasildefato.com.br\/2017\/08\/22\/cervinski-privatizacao-da-eletrobras-vai-afetar-diretamente-o-consumidor\/<\/p>\n","protected":false},"excerpt":{"rendered":"<a class=\"moretag\" href=\"https:\/\/pcb.org.br\/portal2\/15474\"> <\/a>","protected":false},"author":1,"featured_media":0,"comment_status":"closed","ping_status":"closed","sticky":false,"template":"","format":"standard","meta":{"jetpack_post_was_ever_published":false,"_jetpack_newsletter_access":"","_jetpack_dont_email_post_to_subs":false,"_jetpack_newsletter_tier_id":0,"_jetpack_memberships_contains_paywalled_content":false,"_jetpack_memberships_contains_paid_content":false,"footnotes":"","jetpack_publicize_message":"","jetpack_publicize_feature_enabled":true,"jetpack_social_post_already_shared":true,"jetpack_social_options":{"image_generator_settings":{"template":"highway","default_image_id":0,"font":"","enabled":false},"version":2}},"categories":[190,20,105],"tags":[],"class_list":["post-15474","post","type-post","status-publish","format-standard","hentry","category-fora-temer","category-c1-popular","category-c118-privatizacao"],"jetpack_publicize_connections":[],"jetpack_featured_media_url":"","jetpack_shortlink":"https:\/\/wp.me\/p659gw-41A","jetpack-related-posts":[],"jetpack_likes_enabled":true,"jetpack_sharing_enabled":true,"_links":{"self":[{"href":"https:\/\/pcb.org.br\/portal2\/wp-json\/wp\/v2\/posts\/15474","targetHints":{"allow":["GET"]}}],"collection":[{"href":"https:\/\/pcb.org.br\/portal2\/wp-json\/wp\/v2\/posts"}],"about":[{"href":"https:\/\/pcb.org.br\/portal2\/wp-json\/wp\/v2\/types\/post"}],"author":[{"embeddable":true,"href":"https:\/\/pcb.org.br\/portal2\/wp-json\/wp\/v2\/users\/1"}],"replies":[{"embeddable":true,"href":"https:\/\/pcb.org.br\/portal2\/wp-json\/wp\/v2\/comments?post=15474"}],"version-history":[{"count":0,"href":"https:\/\/pcb.org.br\/portal2\/wp-json\/wp\/v2\/posts\/15474\/revisions"}],"wp:attachment":[{"href":"https:\/\/pcb.org.br\/portal2\/wp-json\/wp\/v2\/media?parent=15474"}],"wp:term":[{"taxonomy":"category","embeddable":true,"href":"https:\/\/pcb.org.br\/portal2\/wp-json\/wp\/v2\/categories?post=15474"},{"taxonomy":"post_tag","embeddable":true,"href":"https:\/\/pcb.org.br\/portal2\/wp-json\/wp\/v2\/tags?post=15474"}],"curies":[{"name":"wp","href":"https:\/\/api.w.org\/{rel}","templated":true}]}}