{"id":1556,"date":"2011-06-13T22:21:30","date_gmt":"2011-06-13T22:21:30","guid":{"rendered":"http:\/\/pcb.org.br\/portal2\/?p=1556"},"modified":"2011-06-13T22:21:30","modified_gmt":"2011-06-13T22:21:30","slug":"solidaridade-com-o-partido-comunista-brasileiro","status":"publish","type":"post","link":"https:\/\/pcb.org.br\/portal2\/1556","title":{"rendered":"SOLIDARIDADE COM O PARTIDO COMUNISTA BRASILEIRO"},"content":{"rendered":"\n<p>\u00c1rea Internacional &#8211; internacional@pcpe.es \u2013 www.pcpe.es<\/p>\n<p align=\"JUSTIFY\">O Partido Comunista dos Povos da Espanha expressa sua solidariedade com o Partido Comunista Brasileiro com rela\u00e7\u00e3o ao ataque pol\u00edtico-jur\u00eddico promovido pelo sionismo organizado. A entidade sionista, Confedera\u00e7\u00e3o Israelita do Brasil, formalizou uma acusa\u00e7\u00e3o criminal de \u201canti-semitismo\u201d contra o PCB, baseando-se na publica\u00e7\u00e3o, em sua p\u00e1gina na web, de um artigo do jornalista argentino Manuel Freytas, cujo tema central \u00e9 a escandalosa impunidade do estado de Israel.<\/p>\n<p align=\"JUSTIFY\">Essa acusa\u00e7\u00e3o, que possui como objetivo intimidar os comunistas brasileiros e conseguir a anula\u00e7\u00e3o do registro do Partido no Tribunal Superior Eleitoral (TSE), carece de fundamenta\u00e7\u00e3o, j\u00e1 que usa como base um artigo de opini\u00e3o, publicado pela web comunista, que n\u00e3o se refere, em nenhum momento, \u00e0 comunidade judia. O artigo condena os brutais massacres perpetrados contra o povo palestino pelo Estado sionista, convertido numa gigantesca base militar-nuclear do imperialismo no Oriente M\u00e9dio. Portanto, o artigo n\u00e3o trata da comunidade judia, muitos dos quais militam no Brasil no PCB, mas do estado terrorista de Israel, como destacamento da vanguarda do capitalismo, dotado de um forte lobby internacional e com enorme peso nos meios de comunica\u00e7\u00e3o hegem\u00f4nicos, na economia mundial e na m\u00e1quina de guerra imperialista.<\/p>\n<p align=\"JUSTIFY\">A acusa\u00e7\u00e3o feita ao PCB entra em contradi\u00e7\u00e3o com as cl\u00e1usulas da Constitui\u00e7\u00e3o brasileira, referidas \u00e0 liberdade de express\u00e3o. Politicamente, esse ataque se inscreve na ofensiva imperial-sionista contra os povos \u00e1rabes (guerra imperialista) e na campanha lan\u00e7ada pelas diversas inst\u00e2ncias do capitalismo internacional contra os Partidos Comunistas e Oper\u00e1rios, que na crise estrutural do modelo capitalista se apresentam como os \u00fanicos portadores de propostas de sa\u00edda a favor da classe trabalhadora e dos povos, e como os \u00fanicos capazes de organizar o fim desse sistema de explora\u00e7\u00e3o.<\/p>\n<p align=\"JUSTIFY\">N\u00f3s, comunistas espanh\u00f3is, expressamos nossa solidariedade e apoio ao irm\u00e3o Partido Comunista Brasileiro e ao her\u00f3ico povo palestino, em sua luta contra o Estado terrorista de Israel.<\/p>\n<p align=\"JUSTIFY\">Viva o Internacionalismo Prolet\u00e1rio!<\/p>\n<p align=\"JUSTIFY\">Madri, 26 de maio de 2011<\/p>\n<p align=\"JUSTIFY\">\u00c1stor Garc\u00eda<\/p>\n<p align=\"JUSTIFY\">Respons\u00e1vel pela \u00c1rea Internacional do CC do PCPE<\/p>\n","protected":false},"excerpt":{"rendered":"\n\n\nCr\u00e9dito: PCPE\n\n\n\n\n\n\n\n\nCOMIT\u00c9 CENTRAL\n<a class=\"moretag\" href=\"https:\/\/pcb.org.br\/portal2\/1556\"> <\/a>","protected":false},"author":1,"featured_media":0,"comment_status":"open","ping_status":"open","sticky":false,"template":"","format":"standard","meta":{"jetpack_post_was_ever_published":false,"_jetpack_newsletter_access":"","_jetpack_dont_email_post_to_subs":false,"_jetpack_newsletter_tier_id":0,"_jetpack_memberships_contains_paywalled_content":false,"_jetpack_memberships_contains_paid_content":false,"footnotes":"","jetpack_publicize_message":"","jetpack_publicize_feature_enabled":true,"jetpack_social_post_already_shared":false,"jetpack_social_options":{"image_generator_settings":{"template":"highway","default_image_id":0,"font":"","enabled":false},"version":2}},"categories":[71],"tags":[],"class_list":["post-1556","post","type-post","status-publish","format-standard","hentry","category-c84-solidariedade"],"jetpack_publicize_connections":[],"jetpack_featured_media_url":"","jetpack_shortlink":"https:\/\/wp.me\/p659gw-p6","jetpack-related-posts":[],"jetpack_likes_enabled":true,"jetpack_sharing_enabled":true,"_links":{"self":[{"href":"https:\/\/pcb.org.br\/portal2\/wp-json\/wp\/v2\/posts\/1556","targetHints":{"allow":["GET"]}}],"collection":[{"href":"https:\/\/pcb.org.br\/portal2\/wp-json\/wp\/v2\/posts"}],"about":[{"href":"https:\/\/pcb.org.br\/portal2\/wp-json\/wp\/v2\/types\/post"}],"author":[{"embeddable":true,"href":"https:\/\/pcb.org.br\/portal2\/wp-json\/wp\/v2\/users\/1"}],"replies":[{"embeddable":true,"href":"https:\/\/pcb.org.br\/portal2\/wp-json\/wp\/v2\/comments?post=1556"}],"version-history":[{"count":0,"href":"https:\/\/pcb.org.br\/portal2\/wp-json\/wp\/v2\/posts\/1556\/revisions"}],"wp:attachment":[{"href":"https:\/\/pcb.org.br\/portal2\/wp-json\/wp\/v2\/media?parent=1556"}],"wp:term":[{"taxonomy":"category","embeddable":true,"href":"https:\/\/pcb.org.br\/portal2\/wp-json\/wp\/v2\/categories?post=1556"},{"taxonomy":"post_tag","embeddable":true,"href":"https:\/\/pcb.org.br\/portal2\/wp-json\/wp\/v2\/tags?post=1556"}],"curies":[{"name":"wp","href":"https:\/\/api.w.org\/{rel}","templated":true}]}}