{"id":1578,"date":"2011-06-18T02:52:40","date_gmt":"2011-06-18T02:52:40","guid":{"rendered":"http:\/\/pcb.org.br\/portal2\/?p=1578"},"modified":"2011-06-18T02:52:40","modified_gmt":"2011-06-18T02:52:40","slug":"otan-arrasta-portugal-na-deriva-militarista","status":"publish","type":"post","link":"https:\/\/pcb.org.br\/portal2\/1578","title":{"rendered":"OTAN arrasta Portugal na deriva militarista"},"content":{"rendered":"\n<p>A OTAN anunciou a decis\u00e3o de transferir para Portugal o \u201ccomando operacional\u201d da For\u00e7a Mar\u00edtima de Reac\u00e7\u00e3o R\u00e1pida \u2018StrikforOTAN\u2019, a formid\u00e1vel estrutura agressiva actualmente em ac\u00e7\u00e3o contra a L\u00edbia. Para al\u00e9m de mais este sinal de servil alinhamento com o imperialismo, ficam por apurar quais as condi\u00e7\u00f5es e as consequ\u00eancias directas que a anunciada instala\u00e7\u00e3o deste \u201ccomando operacional\u201d implicam para o nosso pa\u00eds, assunto que o discreto ministro e os distra\u00eddos analistas silenciam.<\/p>\n<p>Uma reuni\u00e3o de alto n\u00edvel da OTAN acontece, com prometidas implica\u00e7\u00f5es para o nosso pa\u00eds, contudo as not\u00edcias s\u00e3o escassas e disfar\u00e7adamente procuram iludir as suas graves consequ\u00eancias. Os pol\u00edticos e os \u00f3rg\u00e3os de comunica\u00e7\u00e3o ao servi\u00e7o dos partidos burgueses sabem e fazem como de costume. Falar muito acerca de nada, e dizem meia verdade acerca do que realmente importa.<\/p>\n<p>Passado meio ano sobre a cimeira de Lisboa, no quadro de declaradamente mais ambiciosa e agressiva estrat\u00e9gia global, o conselho de ministros da OTAN reuniu dias 8 e 9 de Junho na sede em Bruxelas para decidir sobre reformas na sua estrutura de comando.<\/p>\n<p>A agenda daquele conselho de ministros testemunha a voca\u00e7\u00e3o imperial dessa \u201calian\u00e7a\u201d. A\u00ed foram avaliadas as situa\u00e7\u00f5es militares das guerras no Afeganist\u00e3o, Iraque e L\u00edbia, de que os EUA e seus aliados s\u00e3o promotores e parte; a situa\u00e7\u00e3o na Coreia e o posicionamento assertivo da China no Mar da China e nas rotas mar\u00edtimas do Oriente; as rela\u00e7\u00f5es com a R\u00fassia, a prolifera\u00e7\u00e3o nuclear e a defesa bal\u00edstica anti-m\u00edssil na Europa (\u201ca guerra das estrelas\u201d).<\/p>\n<p>A OTAN procedeu a reforma da sua estrutura de comando estrat\u00e9gico e operacional, tendo em particular anunciado a decis\u00e3o de transferir para Portugal o \u201ccomando operacional\u201d da For\u00e7a Mar\u00edtima de Reac\u00e7\u00e3o R\u00e1pida \u2018StrikforOTAN\u2019, at\u00e9 agora sedeado em N\u00e1poles. Este \u2018comando operacional\u2019 abarca a Sexta Frota dos Estados Unidos da Am\u00e9rica e for\u00e7as navais de outros estados membros. O comando desta For\u00e7a \u00e9 assumido pelo pr\u00f3prio comandante da Sexta Frota, e reporta directamente com o Comandante Supremo das For\u00e7as Aliadas \u2018SACEUR\u2019 em Bruxelas.<\/p>\n<p>A Sexta Frota opera sobre a Europa e \u00c1frica, com os aliados da OTAN e em outras \u201ccoopera\u00e7\u00f5es estrat\u00e9gicas\u201d que os EUA v\u00e3o impondo ou cultivando com outros estados. A Sexta Frota fornece o bra\u00e7o naval para os comandos dos EUA para a Europa (EUCOM) e para a \u00c1frica (AFRICOM). A partir do navio almirante Mount Whitney, o seu comandante det\u00e9m o \u201ccomando operacional\u201d da For\u00e7a Mar\u00edtima de Reac\u00e7\u00e3o R\u00e1pida da OTAN.<\/p>\n<p>Constitu\u00edda por 40 navios, quase duzentos avi\u00f5es e 20 mil homens, a Sexta Frota disp\u00f5e de diversas bases de apoio naval e a\u00e9reo no Mar Mediterr\u00e2neo \u2013 incluindo Rota (Espanha), Souda Bay (Creta, Gr\u00e9cia) Gaeta e Sigonella (L\u00e1cio e Sic\u00edlia, It\u00e1lia). Tem operado sobretudo no Mediterr\u00e2neo e no Golfo da Guin\u00e9, e tem intervindo em numerosas ac\u00e7\u00f5es, de que se destacam a agress\u00e3o \u00e0 Jugosl\u00e1via em 1999, ao Iraque em 2003, e presentemente \u00e0 L\u00edbia.<\/p>\n<p>Com efeito, o comandante da Sexta Frota, na qualidade tamb\u00e9m de comandante da for\u00e7a de interven\u00e7\u00e3o conjunta EUA-OTAN, superintende a opera\u00e7\u00e3o denominada \u201cOdyssey Dawn\u201d que, desde 31 de Mar\u00e7o, vem conduzindo os criminosos e ilegais bombardeamentos sobre a L\u00edbia, muito para al\u00e9m de qualquer interpreta\u00e7\u00e3o plaus\u00edvel da Resolu\u00e7\u00e3o 1973 do Conselho de Seguran\u00e7a, que invocava a protec\u00e7\u00e3o da popula\u00e7\u00e3o civil, no j\u00e1 declarado prop\u00f3sito de for\u00e7ar a \u201cmudan\u00e7a de regime\u201d a qualquer pre\u00e7o.<\/p>\n<p>\u00c9 essa a formid\u00e1vel estrutura agressiva de que se prop\u00f5e instalar o \u201ccomando operacional\u201d em Portugal.<\/p>\n<p>Um governo em gest\u00e3o, ileg\u00edtima e indignamente n\u00e3o s\u00f3 aceitou como at\u00e9 argumentou a favor de t\u00e3o grave submiss\u00e3o, por interm\u00e9dio do ministro da Defesa ainda em fun\u00e7\u00f5es. O que abusa e ofende a consci\u00eancia e a seguran\u00e7a do povo portugu\u00eas, num passo que tamb\u00e9m viola a letra e o esp\u00edrito da Constitui\u00e7\u00e3o da Rep\u00fablica Portuguesa.<\/p>\n<p>Para al\u00e9m do referido \u201ccomando operacional\u201d, a OTAN pretende tamb\u00e9m transferir para Portugal a Escola de Sistemas de Comunica\u00e7\u00e3o e Informa\u00e7\u00f5es, agora sediada em Roma; e manter em Monsanto o Centro de Li\u00e7\u00f5es Aprendidas e An\u00e1lise Conjunta (\u2018JALLC\u2019) e encerrar o \u201ccomando conjunto\u201d h\u00e1 muito instalado em Oeiras.<\/p>\n<p>Esta posi\u00e7\u00e3o de indigna sujei\u00e7\u00e3o do governo portugu\u00eas face ao imperialismo, e a reiterada pretens\u00e3o de associar o povo portugu\u00eas \u00e0s inumanas e ilegais pol\u00edticas que a OTAN tem desenvolvido, e que neste preciso momento desenvolve na criminosa agress\u00e3o contra a vida do povo e a integridade do estado l\u00edbios, s\u00e3o um sinal da arrog\u00e2ncia imperial e da ign\u00f3bil submiss\u00e3o dos partidos da burguesia nacional, que alienam o soberania, os direitos do povo, e os recursos e patrim\u00f3nio do nosso pa\u00eds aos interesses do capital internacional.<\/p>\n<p>E fica ainda por apurar quais as condi\u00e7\u00f5es e as consequ\u00eancias directas que a anunciada instala\u00e7\u00e3o deste \u201ccomando operacional\u201d implicam e ter\u00e3o para o nosso pa\u00eds, assunto que o discreto ministro e os distra\u00eddos analistas silenciam, at\u00e9 serem dadas como adquiridas como assumido compromisso de estado.<\/p>\n<p>A dissolu\u00e7\u00e3o da OTAN e de todo e qualquer bloco pol\u00edtico-militar, bem como o encerramento de todas as bases e outras instala\u00e7\u00f5es militares em solo estrangeiro, t\u00eam sido dois objectivos da luta dos povos. S\u00e3o condi\u00e7\u00f5es inalien\u00e1veis para alcan\u00e7ar a Paz no mundo.<\/p>\n<p>12 Junho 2011.<\/p>\n<p><em>Bibliografia<\/em><\/p>\n<p><a href=\"http:\/\/www.newsahead.com\/preview\/2011\/06\/08\/brussels-8-9-jun-2011-nato-defense-ministers-hold-second-meeting-of-2011\/index.php\" target=\"_blank\"><em>http:\/\/www.newsahead.com\/preview\/2011\/06\/08\/brussels-8-9-jun-2011-OTAN-defense-ministers-hold-second-meeting-of-2011\/index.php<\/em><\/a><\/p>\n<p><a href=\"http:\/\/en.wikipedia.org\/wiki\/United_States_Sixth_Fleet\" target=\"_blank\"><em>http:\/\/en.wikipedia.org\/wiki\/United_States_Sixth_Fleet<\/em><\/a><\/p>\n<p><a href=\"http:\/\/united-states-sixth-fleet.co.tv\/\" target=\"_blank\"><em>http:\/\/united-states-sixth-fleet.co.tv\/<\/em><\/a><\/p>\n<p><a href=\"http:\/\/niqnaq.wordpress.com\/2011\/03\/26\/us-were-really-good-at-bringing-al-qaeda-to-power-where-it-suits-us\/\" target=\"_blank\"><em>http:\/\/niqnaq.wordpress.com\/2011\/03\/26\/us-were-really-good-at-bringing-al-qaeda-to-power-where-it-suits-us\/<\/em><\/a><\/p>\n<p><a href=\"http:\/\/www.globalsecurity.org\/military\/ops\/odyssey-dawn.htm\" target=\"_blank\"><em>http:\/\/www.globalsecurity.org\/military\/ops\/odyssey-dawn.htm<\/em><\/a><\/p>\n<p>Fonte: http:\/\/www.odiario.info\/?p=2105<\/p>\n","protected":false},"excerpt":{"rendered":"\n\n\nCr\u00e9dito: ODiario.info\n\n\n\n\n\n\n\n\nNamorado Rosa\n<a class=\"moretag\" href=\"https:\/\/pcb.org.br\/portal2\/1578\"> <\/a>","protected":false},"author":1,"featured_media":0,"comment_status":"open","ping_status":"open","sticky":false,"template":"","format":"standard","meta":{"jetpack_post_was_ever_published":false,"_jetpack_newsletter_access":"","_jetpack_dont_email_post_to_subs":false,"_jetpack_newsletter_tier_id":0,"_jetpack_memberships_contains_paywalled_content":false,"_jetpack_memberships_contains_paid_content":false,"footnotes":"","jetpack_publicize_message":"","jetpack_publicize_feature_enabled":true,"jetpack_social_post_already_shared":false,"jetpack_social_options":{"image_generator_settings":{"template":"highway","default_image_id":0,"font":"","enabled":false},"version":2}},"categories":[38],"tags":[],"class_list":["post-1578","post","type-post","status-publish","format-standard","hentry","category-c43-imperialismo"],"jetpack_publicize_connections":[],"jetpack_featured_media_url":"","jetpack_shortlink":"https:\/\/wp.me\/p659gw-ps","jetpack-related-posts":[],"jetpack_likes_enabled":true,"jetpack_sharing_enabled":true,"_links":{"self":[{"href":"https:\/\/pcb.org.br\/portal2\/wp-json\/wp\/v2\/posts\/1578","targetHints":{"allow":["GET"]}}],"collection":[{"href":"https:\/\/pcb.org.br\/portal2\/wp-json\/wp\/v2\/posts"}],"about":[{"href":"https:\/\/pcb.org.br\/portal2\/wp-json\/wp\/v2\/types\/post"}],"author":[{"embeddable":true,"href":"https:\/\/pcb.org.br\/portal2\/wp-json\/wp\/v2\/users\/1"}],"replies":[{"embeddable":true,"href":"https:\/\/pcb.org.br\/portal2\/wp-json\/wp\/v2\/comments?post=1578"}],"version-history":[{"count":0,"href":"https:\/\/pcb.org.br\/portal2\/wp-json\/wp\/v2\/posts\/1578\/revisions"}],"wp:attachment":[{"href":"https:\/\/pcb.org.br\/portal2\/wp-json\/wp\/v2\/media?parent=1578"}],"wp:term":[{"taxonomy":"category","embeddable":true,"href":"https:\/\/pcb.org.br\/portal2\/wp-json\/wp\/v2\/categories?post=1578"},{"taxonomy":"post_tag","embeddable":true,"href":"https:\/\/pcb.org.br\/portal2\/wp-json\/wp\/v2\/tags?post=1578"}],"curies":[{"name":"wp","href":"https:\/\/api.w.org\/{rel}","templated":true}]}}