{"id":15941,"date":"2017-08-29T20:41:13","date_gmt":"2017-08-29T23:41:13","guid":{"rendered":"https:\/\/pcb.org.br\/portal2\/?p=15941"},"modified":"2017-09-01T14:03:05","modified_gmt":"2017-09-01T17:03:05","slug":"privatizacao-da-eletrobras-e-inadmissivel","status":"publish","type":"post","link":"https:\/\/pcb.org.br\/portal2\/15941","title":{"rendered":"Privatiza\u00e7\u00e3o da Eletrobr\u00e1s: mais um golpe!"},"content":{"rendered":"<p><img decoding=\"async\" class=\"imagem\" title=\"imagem\" src=\"https:\/\/i0.wp.com\/www.tijolaco.com.br\/blog\/wp-content\/uploads\/2017\/08\/eletrobras.jpg\" alt=\"imagem\" \/><!--more-->\u200bOLHAR COMUNISTA \u2013 29\/08\/2017<\/p>\n<p>A inten\u00e7\u00e3o do governo de privatizar a Eletrobr\u00e1s vai no rumo contr\u00e1rio ao de pa\u00edses como China, R\u00fassia, Noruega e Canad\u00e1, que t\u00eam grandes sistemas hidrel\u00e9tricos de gera\u00e7\u00e3o de energia geridos por empresas estatais. Uma das raz\u00f5es alegadas \u00e9 que o setor privado propiciaria uma melhor gest\u00e3o para o setor. O an\u00fancio vem gerando preocupa\u00e7\u00f5es, resist\u00eancias e indigna\u00e7\u00f5es em diversos setores da sociedade.<\/p>\n<p>Para o professor Edmar Almeida, da UFRJ, segundo entrevista a O Globo de 23 de agosto de 2017, o Brasil tem a maior capacidade de reservat\u00f3rios do mundo, e os rios s\u00e3o um recurso p\u00fablico estrat\u00e9gico. Para Edmar, h\u00e1 fatores econ\u00f4micos que tamb\u00e9m justificam a propriedade estatal das usinas, como o elevado montante de recursos exigidos para a sua constru\u00e7\u00e3o.<\/p>\n<p><img decoding=\"async\" class=\"imagemp\" title=\"imagem\" src=\"https:\/\/lh3.googleusercontent.com\/DF-3E01unpg_-tYWANZQ5N2JDvUnfiE5o4yijLGK1pfU-8Y9FOifuOddXL4lKwrv8A75Ra1LjcJSkxrcHsO21vT8zVtBd6gZ0Hz14UtVPOYVhfXu6uu_oN2HTqp_PdMXz0fnicEPlKJwLnRI4DXtRbMsAt_hHJVu1arY0wng3UlgK4lMkrzemq3-qoLnTcyjULqUxTK0poSou9DHHlRupuVMQw6wS2XtYEr8beAyTgdNTPEsVP4NfmRhxGSiL3aKybXBwKwD8ZTSQrDGskvjY2GoRthbQqMz4jKrKtlqmzYVRdtXqM010pwzxqHQXaP546bDmHf7nK5OB9LudRLcIj5lJbq8XnII70Th8UA0n3NdJjL3qPVp53oxq7PckO0gZKfAQKBc3unQQL4JPqx9RkNXC8nlunEf9tgSDcR_RBcuFzM5Z0skJT0_JP9zlJIZ7qcnhv2ZtQNPGN_yXx7kFd6aWa8WJNoG0HhlRyUzdd3eHI25bO0saFmFmbE7mtcCJwxjpi0X7tZshcOrAKBb3bu8230ji5pV1-wlU9acFxGrbQ2fAXMESaYgB4e0vU-YgfV6yox-iZJHKwlsgxLV7hGKUfIqlvf5QRZ4N7fIeI6wcuQlCKdcLA=w600-h453-no\" alt=\"imagem\" \/>A quest\u00e3o \u00e9 clara. Mais uma vez, o governo se prop\u00f5e a vender ativos estrat\u00e9gicos para investidores que sequer participaram da constru\u00e7\u00e3o das plantas, com o prop\u00f3sito de fazer caixa em curto prazo, entregando-os de bandeja para empresas multinacionais.<\/p>\n<p>Novamente se utiliza a fal\u00e1cia da \u201cmelhor gest\u00e3o\u201d do setor privado para justificar a privatiza\u00e7\u00e3o. O que se pode observar nos muitos exemplos de experi\u00eancias recentes de empresas estatais privatizadas \u00e9 exatamente o contr\u00e1rio, como nos casos da gera\u00e7\u00e3o de energia nuclear, em Fukushima, no Jap\u00e3o, da minera\u00e7\u00e3o, em Mariana- MG, pela Samarco, e do acidente na produ\u00e7\u00e3o de petr\u00f3leo offshore no Golfo do M\u00e9xico, administrado pela British Petroleum, onde gastos com seguran\u00e7a foram considerados custos que poderiam ser reduzidos para aumentar a lucratividade das respectivas empresas. O mesmo se pode afirmar quanto \u00e0s preocupa\u00e7\u00f5es envolvendo as empresas privadas, o uso estrat\u00e9gico dos recursos e a preserva\u00e7\u00e3o ambiental: o objetivo primeiro do lucro ser\u00e1 respons\u00e1vel pelo uso desenfreado dos recursos e a amplia\u00e7\u00e3o do processo de destrui\u00e7\u00e3o do meio ambiente.<\/p>\n<p>Mas \u00e9 claro que n\u00e3o basta ser estatal. H\u00e1 que haver controle de todo o sistema pelos trabalhadores e ampla transpar\u00eancia na sua gest\u00e3o.<\/p>\n","protected":false},"excerpt":{"rendered":"<a class=\"moretag\" href=\"https:\/\/pcb.org.br\/portal2\/15941\"> <\/a>","protected":false},"author":1,"featured_media":0,"comment_status":"closed","ping_status":"closed","sticky":false,"template":"","format":"standard","meta":{"jetpack_post_was_ever_published":false,"_jetpack_newsletter_access":"","_jetpack_dont_email_post_to_subs":false,"_jetpack_newsletter_tier_id":0,"_jetpack_memberships_contains_paywalled_content":false,"_jetpack_memberships_contains_paid_content":false,"footnotes":"","jetpack_publicize_message":"","jetpack_publicize_feature_enabled":true,"jetpack_social_post_already_shared":true,"jetpack_social_options":{"image_generator_settings":{"template":"highway","default_image_id":0,"font":"","enabled":false},"version":2}},"categories":[190,100],"tags":[234],"class_list":["post-15941","post","type-post","status-publish","format-standard","hentry","category-fora-temer","category-c113-a-semana-no-olhar-comunista","tag-6b"],"jetpack_publicize_connections":[],"jetpack_featured_media_url":"","jetpack_shortlink":"https:\/\/wp.me\/p659gw-497","jetpack-related-posts":[],"jetpack_likes_enabled":true,"jetpack_sharing_enabled":true,"_links":{"self":[{"href":"https:\/\/pcb.org.br\/portal2\/wp-json\/wp\/v2\/posts\/15941","targetHints":{"allow":["GET"]}}],"collection":[{"href":"https:\/\/pcb.org.br\/portal2\/wp-json\/wp\/v2\/posts"}],"about":[{"href":"https:\/\/pcb.org.br\/portal2\/wp-json\/wp\/v2\/types\/post"}],"author":[{"embeddable":true,"href":"https:\/\/pcb.org.br\/portal2\/wp-json\/wp\/v2\/users\/1"}],"replies":[{"embeddable":true,"href":"https:\/\/pcb.org.br\/portal2\/wp-json\/wp\/v2\/comments?post=15941"}],"version-history":[{"count":0,"href":"https:\/\/pcb.org.br\/portal2\/wp-json\/wp\/v2\/posts\/15941\/revisions"}],"wp:attachment":[{"href":"https:\/\/pcb.org.br\/portal2\/wp-json\/wp\/v2\/media?parent=15941"}],"wp:term":[{"taxonomy":"category","embeddable":true,"href":"https:\/\/pcb.org.br\/portal2\/wp-json\/wp\/v2\/categories?post=15941"},{"taxonomy":"post_tag","embeddable":true,"href":"https:\/\/pcb.org.br\/portal2\/wp-json\/wp\/v2\/tags?post=15941"}],"curies":[{"name":"wp","href":"https:\/\/api.w.org\/{rel}","templated":true}]}}