{"id":1597,"date":"2011-06-24T18:12:30","date_gmt":"2011-06-24T18:12:30","guid":{"rendered":"http:\/\/pcb.org.br\/portal2\/?p=1597"},"modified":"2011-06-24T18:12:30","modified_gmt":"2011-06-24T18:12:30","slug":"a-inveja-de-hermes-ou-edvaldo-e-os-49-anos-do-pcdob","status":"publish","type":"post","link":"https:\/\/pcb.org.br\/portal2\/1597","title":{"rendered":"A inveja de Hermes, ou Edvaldo e os 49 anos do PCdoB"},"content":{"rendered":"\n<p>Se o deus Hermes viesse a Aracaju procurando a qualidade de vida e chegasse depois do dia 26 de mar\u00e7o, sentiria uma grande inveja, mas n\u00e3o pela qualidade de vida. O mensageiro do Olimpo, Deus da mentira, da riqueza e patrono de ladr\u00f5es, diplomatas e comerciantes, nunca imaginou que pudesse encontrar tantos de seus atributos em poucos metros quadrados ao se deparar com a mensagem transmitida pelos outdoors de Edvaldo Nogueira espalhados por toda a cidade.<\/p>\n<p>A riqueza com que publica as dezenas de outdoors impressiona at\u00e9 mesmo os partidos que possuem um fundo partid\u00e1rio gordo, mas o pior \u00e9 que o aniversariante apesar de ser o prefeito da capital, continua sendo de um partido pequeno e aparentemente de poucos recursos, por\u00e9m como patrono dos comerciantes, o prefeito pode ter ganhado esses outdoors, e n\u00e3o seria a primeira vez.<\/p>\n<p>O atual prefeito, vindo de um cont\u00ednuo processo de desgaste, usa como desculpa o anivers\u00e1rio do seu partido para fazer autopromo\u00e7\u00e3o, uma esp\u00e9cie de culto \u00e0 personalidade, onde a sua foto e a cidade de Aracaju s\u00e3o a mensagem principal e o anivers\u00e1rio do partido mero figurante, parecendo mais uma campanha publicit\u00e1ria da prefeitura, al\u00e9m disso, fugindo completamente \u00e0 tradi\u00e7\u00e3o dos comunistas, de usar a propaganda como instrumento reinvidicat\u00f3rio, educativo e conscientizador da popula\u00e7\u00e3o. Como por exemplo: solicitar a abertura dos arquivos da ditadura, para que pud\u00e9ssemos descobrir onde est\u00e3o enterrados os corpos dos t\u00e3o valorosos companheiros assassinados na Guerrilha do Araguaia.<\/p>\n<p>Ainda que de forma secund\u00e1ria comemora os \u201c89 anos\u201d do PCdoB, propagandeando mais inverdades para a popula\u00e7\u00e3o, de forma inteiramente desnecess\u00e1ria, tendo em vista que o PCdoB tem uma hist\u00f3ria n\u00e3o s\u00f3 no Brasil como tamb\u00e9m no Movimento Comunista Internacional. Foi o primeiro partido mao\u00edsta da Am\u00e9rica Latina. Assim como diversos outros partidos mao\u00edstas, passa a ser hoxha\u00edsta, rompe com a China e vincula-se \u00e0 Alb\u00e2nia \u2013 O Farol do Socialismo, como eles chamavam \u2013 e a seu l\u00edder m\u00e1ximo, Enver Hoxha. O PCdoB lutou contra a ditadura militar exemplarmente, organizou a her\u00f3ica guerrilha do Araguaia e ap\u00f3s sua derrota somou-se \u00e0 grande frente democr\u00e1tica e de massas para derrotar a ditadura. Teve militantes torturados e mortos, por isso n\u00e3o precisa inventar uma hist\u00f3ria e renegar a sua pr\u00f3pria.<\/p>\n<p>O PCdoB nasce de uma dissid\u00eancia do PCB em 1962, a partir da \u201cCarta dos Cem\u201d uma dissid\u00eancia pol\u00edtica feita por um grupo minorit\u00e1rio do Comit\u00ea Central, liderado pelos hist\u00f3ricos comunistas Jo\u00e3o Amazonas e Mauricio Grabois. Esses l\u00edderes comunistas criticavam o reformismo do PCB e adotaram uma linha cr\u00edtica na nova agremia\u00e7\u00e3o. Sendo assim, deveriam estar comemorando seus 49 anos e n\u00e3o 89. Podemos n\u00e3o concordar com a linha pol\u00edtica atual \u2013 um reformismo extempor\u00e2neo em alian\u00e7a com a burguesia &#8211; mas temos de respeitar os camaradas do PCdoB por sua trajet\u00f3ria. Mas agindo na farsa hist\u00f3rica, tentando ser o que n\u00e3o s\u00e3o, perdem credibilidade, deixam de ser s\u00e9rios! O Movimento Comunista brasileiro tem 89 anos, materializado no anivers\u00e1rio do PCB, partido que surge das lutas oper\u00e1rias no in\u00edcio do s\u00e9culo XX e que organiza-se em 25 de mar\u00e7o de 1922. O PCdoB \u00e9 um dos herdeiros desse movimento e, inclusive, do pr\u00f3prio PCB.<\/p>\n<p>*Leonardo Dias &#8211; Secret\u00e1rio Pol\u00edtico do PCB\/SE (Artigo publicado na pag. 02 do Jornal Cinform de 11\/04\/2011)<\/p>\n","protected":false},"excerpt":{"rendered":"\n\n\nCr\u00e9dito: PCB\n\n\n\n\n\n\n\n\nPor Leonardo Dias*\n<a class=\"moretag\" href=\"https:\/\/pcb.org.br\/portal2\/1597\"> <\/a>","protected":false},"author":1,"featured_media":0,"comment_status":"open","ping_status":"open","sticky":false,"template":"","format":"standard","meta":{"jetpack_post_was_ever_published":false,"_jetpack_newsletter_access":"","_jetpack_dont_email_post_to_subs":false,"_jetpack_newsletter_tier_id":0,"_jetpack_memberships_contains_paywalled_content":false,"_jetpack_memberships_contains_paid_content":false,"footnotes":"","jetpack_publicize_message":"","jetpack_publicize_feature_enabled":true,"jetpack_social_post_already_shared":false,"jetpack_social_options":{"image_generator_settings":{"template":"highway","default_image_id":0,"font":"","enabled":false},"version":2}},"categories":[46],"tags":[],"class_list":["post-1597","post","type-post","status-publish","format-standard","hentry","category-c56-memoria"],"jetpack_publicize_connections":[],"jetpack_featured_media_url":"","jetpack_shortlink":"https:\/\/wp.me\/p659gw-pL","jetpack-related-posts":[],"jetpack_likes_enabled":true,"jetpack_sharing_enabled":true,"_links":{"self":[{"href":"https:\/\/pcb.org.br\/portal2\/wp-json\/wp\/v2\/posts\/1597","targetHints":{"allow":["GET"]}}],"collection":[{"href":"https:\/\/pcb.org.br\/portal2\/wp-json\/wp\/v2\/posts"}],"about":[{"href":"https:\/\/pcb.org.br\/portal2\/wp-json\/wp\/v2\/types\/post"}],"author":[{"embeddable":true,"href":"https:\/\/pcb.org.br\/portal2\/wp-json\/wp\/v2\/users\/1"}],"replies":[{"embeddable":true,"href":"https:\/\/pcb.org.br\/portal2\/wp-json\/wp\/v2\/comments?post=1597"}],"version-history":[{"count":0,"href":"https:\/\/pcb.org.br\/portal2\/wp-json\/wp\/v2\/posts\/1597\/revisions"}],"wp:attachment":[{"href":"https:\/\/pcb.org.br\/portal2\/wp-json\/wp\/v2\/media?parent=1597"}],"wp:term":[{"taxonomy":"category","embeddable":true,"href":"https:\/\/pcb.org.br\/portal2\/wp-json\/wp\/v2\/categories?post=1597"},{"taxonomy":"post_tag","embeddable":true,"href":"https:\/\/pcb.org.br\/portal2\/wp-json\/wp\/v2\/tags?post=1597"}],"curies":[{"name":"wp","href":"https:\/\/api.w.org\/{rel}","templated":true}]}}