{"id":16006,"date":"2017-09-04T18:24:44","date_gmt":"2017-09-04T21:24:44","guid":{"rendered":"https:\/\/pcb.org.br\/portal2\/?p=16006"},"modified":"2017-09-04T18:27:13","modified_gmt":"2017-09-04T21:27:13","slug":"ataques-aos-trabalhadores-em-todo-o-mundo","status":"publish","type":"post","link":"https:\/\/pcb.org.br\/portal2\/16006","title":{"rendered":"Ataques aos trabalhadores em todo o mundo"},"content":{"rendered":"<p><img decoding=\"async\" class=\"imagem\" title=\"imagem\" src=\"https:\/\/lh3.googleusercontent.com\/yP9ssbPgRMuwqLUf6i5SGlumA7bdrVGeVadt5lkG95Xbu_yUu6FU0ej7QLmS3stugAl9FhEnL2l16K9ebCWVH9FjbndMRyQNY7BU_tp10BP65MxJbfrrCcDrO6IFROAf_Wuo1GCBuP6E-IJrlyB9QwEm5NLEtaeIrQbayRIcS2kW9Fm8IgCRAzP5j7TnBOPNlhoZ3To96hYDxHQEtJMPFfIe7pJr5iuv7k3xozxFplVbnY85uD9VkBkasbGIsN_p_shE6XyITCS2aO7e9bc9Yc9zvNVuijBdJn8L2kRENHwvNzio6ocRI-1Q-HtHj73qaOG4cFeQ1YrXovpsV2jTMzQyMacktYXnlsn0QkvOCkWKIqBnnxhBJnqM7VVs_Kawe--Hpi9avTNcOJ_bBUvPgLEDcPb3b0lFK32UM6Dcu4R0BonbGZ42NtxBRe3iLdHIIiONl_jBt_xD1LN4ko4xHXTd_watZ7wBmQ1wRC-V5AkPO8e6ilcJ5xwRQLrEySkJUSWB0hd0MvhC2TJmqHuEItli7BvASs0kT8RB-aAr3SB7bJ2A_fNYWVlPUnPIGE3_ucxeJvCZSmUEfvhrfc4qivwKIgY6X7QySfNlLy0koLWgF0R9nkf8Aep1oOxlyKVfSI1_aId7FHX5fKIhnRGGnqB_hkDBDNF8GG3AvBiDTDZwpm4=w1000-h535-no\" alt=\"imagem\" \/><!--more--><strong>Corte de direitos para baratear a for\u00e7a de trabalho e salvar o capital<\/strong><\/p>\n<p>O PODER POPULAR N\u00ba 24<\/p>\n<p>A reforma trabalhista imposta pelo usurpador governo Temer tem como prop\u00f3sito maior garantir o aumento dos lucros dos patr\u00f5es em detrimento dos sal\u00e1rios e direitos dos trabalhadores.<\/p>\n<p>Sob a falsa argumenta\u00e7\u00e3o de que estas medidas s\u00e3o necess\u00e1rias para a gera\u00e7\u00e3o de novos empregos, direitos hist\u00f3ricos est\u00e3o sendo destru\u00eddos. No caso do trabalho intermitente, um dos pontos da reforma, o trabalhador pode ser convocado durante a semana para trabalhar oito, seis, quatro horas ou menos, sem que haja qualquer seguran\u00e7a acerca dos seus rendimentos. A pessoa tem gastos com moradia, transporte, alimenta\u00e7\u00e3o, mas n\u00e3o tem previs\u00e3o de quanto vai receber, porque pode passar semanas sem ser convocado pela empresa.<\/p>\n<p>O contrato parcial tamb\u00e9m \u00e9 uma forma de ajustar para baixo os sal\u00e1rios, porque o trabalhador vai receber proporcionalmente em rela\u00e7\u00e3o \u00e0s horas trabalhadas, sem acesso ao Fundo de Garantia, ao aviso pr\u00e9vio e ao seguro-desemprego. Se a mulher engravidar nesse per\u00edodo, ao final do contrato n\u00e3o ter\u00e1 qualquer estabilidade e dificilmente vai encontrar outro trabalho de imediato.<\/p>\n<p>A cada dia o trabalhador estar\u00e1 num lugar prestando servi\u00e7o e n\u00e3o ser\u00e1 especializado em nada. Num dia poder\u00e1 prestar servi\u00e7o num hospital, no outro em uma escola, depois num restaurante. N\u00e3o h\u00e1 pertencimento a uma categoria profissional, perde-se a identidade de classe e a liga\u00e7\u00e3o com o sindicato. N\u00e3o tem a quem recorrer em caso de fraude ou de acidente de trabalho.<\/p>\n<p>A reforma pulveriza a a\u00e7\u00e3o sindical e descentraliza os processos de negocia\u00e7\u00e3o coletiva, com a cria\u00e7\u00e3o do representante no local de trabalho. Estimula as negocia\u00e7\u00f5es individuais em rela\u00e7\u00e3o a v\u00e1rios aspectos das condi\u00e7\u00f5es de trabalho. Retira tamb\u00e9m o sindicato na hora das homologa\u00e7\u00f5es, justamente quando acontece o maior volume de fraudes trabalhistas. Al\u00e9m disso, o trabalhador vai ser obrigado a assinar um documento, no final do ano, concordando que recebeu seus direitos, sem acompanhamento do sindicato no momento da quita\u00e7\u00e3o.<\/p>\n<p>Por fim, com a possibilidade de que a negocia\u00e7\u00e3o prevale\u00e7a sobre a legisla\u00e7\u00e3o, diante da press\u00e3o do empregador nessa \u00e9poca de crise, a tend\u00eancia \u00e9 que o trabalhador ceda \u00e0 press\u00e3o e aceite negociar amplia\u00e7\u00e3o da jornada, redu\u00e7\u00e3o de sal\u00e1rio e outros pontos.<\/p>\n<p><strong>As contrarreformas no mundo<\/strong><\/p>\n<p>Medidas similares foram adotadas em diversos pa\u00edses do mundo (h\u00e1 quem aponte mais de 130), com grandes preju\u00edzos para os trabalhadores e consequ\u00eancias negativas nas economias das na\u00e7\u00f5es que as implantaram.<\/p>\n<p>Em Portugal, na Espanha, na It\u00e1lia e na Gr\u00e9cia, n\u00e3o por coincid\u00eancia, as chamadas reformas trabalhistas foram adotadas em 2012, ou seja, quatro anos depois do estouro da grande crise internacional do capital. S\u00e3o uma exig\u00eancia da Troika \u2013 Fundo Monet\u00e1rio Internacional, Banco Central Europeu e Comiss\u00e3o Europeia \u2013 no sentido da libera\u00e7\u00e3o de recursos para o pagamento e rolagem das d\u00edvidas p\u00fablicas, de interesse exclusivo do sistema financeiro internacional.<\/p>\n<div><strong>Direitos e conquistas dos trabalhadores s\u00e3o atacados e destru\u00eddos, para beneficiar ainda mais o capital.<\/strong><\/div>\n<p>Essas reformas n\u00e3o vieram sozinhas. Foram acompanhadas da dr\u00e1stica redu\u00e7\u00e3o de investimentos estatais desses pa\u00edses na gera\u00e7\u00e3o de empregos, educa\u00e7\u00e3o, sa\u00fade, habita\u00e7\u00e3o, seguran\u00e7a, transporte etc. \u2013 nas chamadas pol\u00edticas sociais, al\u00e9m da privatiza\u00e7\u00e3o de setores estrat\u00e9gicos da economia, como portos, aeroportos, rodovias, empresas de saneamento, de gera\u00e7\u00e3o e distribui\u00e7\u00e3o de energia, redu\u00e7\u00e3o de aposentadorias etc.<\/p>\n<p>No caso do Brasil, as contrarreformas foram precedidas de limita\u00e7\u00f5es dos investimentos estatais em educa\u00e7\u00e3o, sa\u00fade, seguran\u00e7a, entre outros servi\u00e7os p\u00fablicos, por 20 anos, privatiza\u00e7\u00f5es de rodovias, portos e aeroportos, anistias das d\u00edvidas dos bancos, grandes conglomerados e empresas ligadas a parlamentares, mudan\u00e7a nas regras do setor de minera\u00e7\u00e3o em benef\u00edcio das mineradoras, privatiza\u00e7\u00e3o das hidrel\u00e9tricas e do pr\u00e9-sal, aumento de impostos e da gasolina, prote\u00e7\u00e3o \u00e0s institui\u00e7\u00f5es financeiras contra investiga\u00e7\u00f5es do Minist\u00e9rio P\u00fablico, mudan\u00e7as na demarca\u00e7\u00e3o de terras ind\u00edgenas e dos quilombolas, esvaziamento da Petrobr\u00e1s e dos Correios, redu\u00e7\u00e3o do j\u00e1 pequeno quadro de funcion\u00e1rios p\u00fablicos&#8230;<\/p>\n<p><strong>Manipula\u00e7\u00e3o<\/strong><\/p>\n<p><strong>A m\u00eddia empresarial apresenta essas reformas como necess\u00e1rias para superar a crise econ\u00f4mica. Mera manipula\u00e7\u00e3o.<\/strong><\/p>\n<p>A Espanha \u00e9 o exemplo mais emblem\u00e1tico, pois a contrarreforma trabalhista de l\u00e1 serviu como par\u00e2metro para a que foi aprovada pelo congresso brasileiro, em que pesem as similaridades com as adotadas em outros pa\u00edses.<\/p>\n<p>Ao contr\u00e1rio do que apregoa a m\u00eddia empresarial, n\u00e3o houve mudan\u00e7a significativa dos principais par\u00e2metros econ\u00f4micos na Espanha:<\/p>\n<div>Desemprego em 2008 = 3,2 milh\u00f5es de pessoas<br \/>\nDesemprego em 2016 = 4,2 milh\u00f5es de pessoas<\/div>\n<p>Sem d\u00favida, houve redu\u00e7\u00e3o do n\u00famero de desempregados, que em 2013 atingiu 5,98 milh\u00f5es de pessoas, mas ainda n\u00e3o se recuperou sequer os n\u00fameros de 2008, ano em que estourou a crise. H\u00e1 de se levar em considera\u00e7\u00e3o, ainda, que cerca de um milh\u00e3o de imigrantes deixaram a Espanha durante esses oito anos, al\u00e9m de milhares de espanh\u00f3is, afora o fato de que qualquer trabalho informal, ainda que por um curto espa\u00e7o e com vencimentos baix\u00edssimos, sirva para enfeitar as estat\u00edsticas.<\/p>\n<div><strong>O n\u00edvel salarial, a prote\u00e7\u00e3o contra as demiss\u00f5es e a estabilidade no emprego, entre outros, ca\u00edram muito e at\u00e9 hoje n\u00e3o h\u00e1 perspectiva de recupera\u00e7\u00e3o, pois as leis da contrarreforma as impedem.<\/strong><\/div>\n<p>A It\u00e1lia vive situa\u00e7\u00e3o an\u00e1loga:<\/p>\n<div>Desemprego em 2008 = 6,7%<br \/>\nDesemprego em 2017 (abril) = 11,1%<\/div>\n<p>Com o Produto Interno Bruto (PIB) acontece a mesma manipula\u00e7\u00e3o. A m\u00eddia empresarial aponta sucessivos crescimentos percentuais no PIB espanhol, mas em valores fica f\u00e1cil identificar a trama:<\/p>\n<div>PIB em 2008 \u2013 USD 1,642 trilh\u00e3o<br \/>\nPIB em 2016 = USD 1,232 trilh\u00e3o<\/div>\n<p>Na It\u00e1lia ocorreu o mesmo, ou seja, houve redu\u00e7\u00e3o dos n\u00fameros:<\/p>\n<div>PIB em 2008 = USD 2,391 trilh\u00f5es<br \/>\nPIB em 2016 = USD 1,850 trilh\u00e3o<\/div>\n<p>O PIB, como instrumento de medi\u00e7\u00e3o da riqueza de cada pa\u00eds, foi criado nos Estados Unidos em 1937, mas adotado somente em 1944, a partir da virada na Segunda Guerra Mundial. N\u00e3o por mera coincid\u00eancia, foi institu\u00eddo justamente no mesmo ano do Acordo de Breton Woods, que instituiu uma rela\u00e7\u00e3o entre o d\u00f3lar estadunidense e o ouro, tornando a moeda dos EUA refer\u00eancia para as transa\u00e7\u00f5es internacionais.<\/p>\n<p>A defini\u00e7\u00e3o b\u00e1sica do PIB \u00e9 de que representa a soma dos bens e servi\u00e7os produzidos por um pa\u00eds. Ao levarmos em considera\u00e7\u00e3o que a imensa maioria dos pa\u00edses est\u00e1 sob o regime capitalista, em verdade o PIB expressa o desenvolvimento do capital, sem levar em considera\u00e7\u00e3o a vida dos trabalhadores. \u00c9 um mero indicador do poder econ\u00f4mico da classe dominante.<\/p>\n<p><strong>Gr\u00e9cia<\/strong><\/p>\n<p>A Gr\u00e9cia \u00e9, possivelmente, o pa\u00eds que mais vem sofrendo com as \u201cmedidas de austeridade\u201d impostas pelo capital. Desde 2008 a situa\u00e7\u00e3o se deteriorou de tal forma que j\u00e1 h\u00e1 quem acredite que apenas daqui a 50 anos poder\u00e3o ser superados os danos causados pela Troika.<\/p>\n<p>As informa\u00e7\u00f5es n\u00e3o deixam quaisquer d\u00favidas:<\/p>\n<div>\n<p>Desemprego em 2008 = 7,5%. Desemprego em 2017 = 23%.<\/p>\n<p>PIB: USD 354,5 bilh\u00f5es em 2008. USD 194,6 bilh\u00f5es em 2016.<\/p>\n<\/div>\n<p>Foram realizados tr\u00eas programas de \u201cajuda\u201d para a Gr\u00e9cia, que s\u00f3 resultaram em preju\u00edzos para os trabalhadores e para o pa\u00eds. De l\u00e1 pra c\u00e1 a taxa de pobreza atinge um ter\u00e7o da popula\u00e7\u00e3o, aumentando 40% de 2008 a 2016. O desemprego entre os jovens se situa na casa dos 40%, as aposentadorias foram reduzidas a n\u00edveis baix\u00edssimos \u2013 em alguns casos com vencimentos na linha de pobreza. Em termos gerais, os aposentados perderam at\u00e9 65% do valor dos seus vencimentos. J\u00e1 foram 14 cortes em seus proventos desde o in\u00edcio da crise, estando previsto mais um para 2019, al\u00e9m do aumento de impostos em 2020.<\/p>\n<p>A rela\u00e7\u00e3o entre a d\u00edvida p\u00fablica \u2013 que n\u00e3o foi auditada e beneficia apenas o sistema financeiro \u2013 e o PIB grego s\u00f3 fez crescer, passando de 100% no ano 2000 para 179% em 2017.<\/p>\n<p>A resist\u00eancia dos trabalhadores gregos tem sido crescente desde o in\u00edcio da crise. Durante o mandato do\u00a0primeiro-ministro Alexis Tsipras\u00a0(Siryza), foram realizadas seis greves gerais, sendo tr\u00eas no ano passado e uma neste ano, tendo \u00e0 frente o KKE \u2013 Partido Comunista Grego \u2013 e o PAME, frente intersindical classista.<\/p>\n<p>Na greve geral de maio deste ano, o secret\u00e1rio geral do Comit\u00ea Central do KKE, Dimitris Koutsoumbas, afirmou numa manifesta\u00e7\u00e3o que \u201cA nossa luta \u00e9 de longo prazo, deve dirigir-se para a derrubada desse sistema apodrecido e corrupto, dos seus governos, para a sa\u00edda da Uni\u00e3o Europeia, com um projeto social e econ\u00f4mico que colocar\u00e1 no seu epicentro o homem trabalhador, as necessidades continuadamente mais amplas do nosso povo.\u201d<\/p>\n<p>\u00c9 o exemplo a ser seguido no Brasil e em todo mundo, pela constru\u00e7\u00e3o do Poder Popular no rumo do Socialismo.<\/p>\n","protected":false},"excerpt":{"rendered":"<a class=\"moretag\" href=\"https:\/\/pcb.org.br\/portal2\/16006\"> <\/a>","protected":false},"author":1,"featured_media":0,"comment_status":"closed","ping_status":"closed","sticky":false,"template":"","format":"standard","meta":{"jetpack_post_was_ever_published":false,"_jetpack_newsletter_access":"","_jetpack_dont_email_post_to_subs":false,"_jetpack_newsletter_tier_id":0,"_jetpack_memberships_contains_paywalled_content":false,"_jetpack_memberships_contains_paid_content":false,"footnotes":"","jetpack_publicize_message":"","jetpack_publicize_feature_enabled":true,"jetpack_social_post_already_shared":true,"jetpack_social_options":{"image_generator_settings":{"template":"highway","default_image_id":0,"font":"","enabled":false},"version":2}},"categories":[146,140],"tags":[219],"class_list":["post-16006","post","type-post","status-publish","format-standard","hentry","category-internacionalismo","category-c140-jornal-o-poder-popular","tag-manchete"],"jetpack_publicize_connections":[],"jetpack_featured_media_url":"","jetpack_shortlink":"https:\/\/wp.me\/p659gw-4aa","jetpack-related-posts":[],"jetpack_likes_enabled":true,"jetpack_sharing_enabled":true,"_links":{"self":[{"href":"https:\/\/pcb.org.br\/portal2\/wp-json\/wp\/v2\/posts\/16006","targetHints":{"allow":["GET"]}}],"collection":[{"href":"https:\/\/pcb.org.br\/portal2\/wp-json\/wp\/v2\/posts"}],"about":[{"href":"https:\/\/pcb.org.br\/portal2\/wp-json\/wp\/v2\/types\/post"}],"author":[{"embeddable":true,"href":"https:\/\/pcb.org.br\/portal2\/wp-json\/wp\/v2\/users\/1"}],"replies":[{"embeddable":true,"href":"https:\/\/pcb.org.br\/portal2\/wp-json\/wp\/v2\/comments?post=16006"}],"version-history":[{"count":0,"href":"https:\/\/pcb.org.br\/portal2\/wp-json\/wp\/v2\/posts\/16006\/revisions"}],"wp:attachment":[{"href":"https:\/\/pcb.org.br\/portal2\/wp-json\/wp\/v2\/media?parent=16006"}],"wp:term":[{"taxonomy":"category","embeddable":true,"href":"https:\/\/pcb.org.br\/portal2\/wp-json\/wp\/v2\/categories?post=16006"},{"taxonomy":"post_tag","embeddable":true,"href":"https:\/\/pcb.org.br\/portal2\/wp-json\/wp\/v2\/tags?post=16006"}],"curies":[{"name":"wp","href":"https:\/\/api.w.org\/{rel}","templated":true}]}}