{"id":1601,"date":"2011-06-27T15:08:41","date_gmt":"2011-06-27T15:08:41","guid":{"rendered":"http:\/\/pcb.org.br\/portal2\/?p=1601"},"modified":"2011-06-27T15:08:41","modified_gmt":"2011-06-27T15:08:41","slug":"onde-esta-o-bolivariano-julian-conrado","status":"publish","type":"post","link":"https:\/\/pcb.org.br\/portal2\/1601","title":{"rendered":"Onde est\u00e1 o bolivariano Juli\u00e1n Conrado?"},"content":{"rendered":"\n<p align=\"CENTER\"><strong>Pacto de S\u00e3o Jos\u00e9 1969<\/strong><\/p>\n<p align=\"CENTER\">\u201c<em>A Rep\u00fablica Bolivariana da Venezuela<\/em><\/p>\n<p align=\"CENTER\"><em>Como Estado, concordou:<\/em><\/p>\n<p align=\"CENTER\">\u2018<em>Em nenhum caso<\/em><\/p>\n<p align=\"CENTER\"><em>o extrangeiro<\/em><\/p>\n<p align=\"CENTER\"><em>pode ser expulso<\/em><\/p>\n<p align=\"CENTER\"><em>ou devuelto a outro pa\u00eds,<\/em><\/p>\n<p align=\"CENTER\"><em>seja ou n\u00e3o de origen, <\/em><\/p>\n<p align=\"CENTER\"><em>onde seu direito a vida <\/em><\/p>\n<p align=\"CENTER\"><em>ou a liberdade pessoal est\u00e1 em risco<\/em><\/p>\n<p align=\"CENTER\"><em>de viola\u00e7\u00e3o. A causa de ra\u00e7a,<\/em><\/p>\n<p align=\"CENTER\"><em>nacionalidade, religi\u00e3o, condi\u00e7\u00e3o social<\/em><\/p>\n<p align=\"CENTER\"><em>ou de suas opini\u00f5es pol\u00edticas.\u2019\u201d<\/em><\/p>\n<p align=\"JUSTIFY\">Em 1 de junho, numa opera\u00e7\u00e3o conjunta das polic\u00edas venezuelana e colombiana, foi detido ilegalmente na Venezuela, estado de Barinas, o cantor e artista revolucion\u00e1rio colombiano Juli\u00e1n Conrado. Atualmente, \u00e9 desconhecido se est\u00e1 em curso o \u201cprocedimento legal\u201d para sua entrega ao governo da Colombia, pa\u00eds no qual h\u00e1 7500 (agora mais 2) presos pol\u00edticos, produto da guerra civil que assola o pa\u00eds irm\u00e3o h\u00e1 mais de seis d\u00e9cadas, os quais s\u00e3o violados seus direitos humanos e negado o devido processo.<\/p>\n<p align=\"JUSTIFY\">\u00c9 alarmante que h\u00e1 quase um m\u00eas de sua deten\u00e7\u00e3o (sequestro &#8211; desaparecimento?) e diante das numerosas solicita\u00e7\u00f5es internacionais de outorgar ao companheiro Juli\u00e1n Conrado o direito \u00e0 defesa e o <em>status<\/em> de refugiado pol\u00edtico, n\u00e3o exista informa\u00e7\u00e3o clara de seu paradeiro assim como nenhum tipo de resposta oficial \u00e0 respeito, al\u00e9m das declara\u00e7\u00f5es de Juan Manuel Santos [presidente da Colombia] e do subsecret\u00e1rio de Estado para Latinoam\u00e9rica, Arturo Valenzuela, celebrando a futura entrega e a solicita\u00e7\u00e3o p\u00fablica de extradi\u00e7\u00e3o do governo dos Estados Unidos que resenham diversos meios de desinforma\u00e7\u00e3o, com o futuro pagamento de dois milh\u00f5es e meio de d\u00f3lares a seu carrasco.<\/p>\n<p align=\"JUSTIFY\">Um grupo de comunicadores populares na Venezuela, latinoamericanos e europeus, preocupados pela censura midi\u00e1tica imposta a outra crueldade do terrorismo imperial e frente a falta de mobiliza\u00e7\u00e3o e informa\u00e7\u00e3o \u00e0 respeito, decidimos tornar p\u00fablico um material in\u00e9dito resgatado de nossos arquivos no qual este extraordin\u00e1rio artista nos deleita com o canto e expressa sua profunda e sentida palavra bolivariana, comprometida com os povos em luta. Sirva isso para reiterar nossa indigna\u00e7\u00e3o e nosso grito de rebeldia frente esta nova inf\u00e2mia, e ratificar a exig\u00eancia coletiva de sua liberdade, demonstrando mais uma vez, a gravidade de seu \u201cdesaparecimento\u201d for\u00e7ado, o que significa entreg\u00e1-lo \u00e0s garras do imp\u00e9rio que o exige como presa natural de sua domina\u00e7\u00e3o, aumentando assim as in\u00fameras viola\u00e7\u00f5es dos Direitos Humanos, do direito p\u00fablico e internacional refor\u00e7ando a pol\u00edtica sistem\u00e1tica imperialista de subjuga\u00e7\u00e3o dos povos libert\u00e1rios e sua impunidade criminosa.<\/p>\n<p align=\"CENTER\"><strong>Onde est\u00e1 o bolivariano Juli\u00e1n Conrado?<\/strong><\/p>\n<p align=\"CENTER\"><strong>Pela Liberta\u00e7\u00e3o de Juli\u00e1n Conrado<\/strong><\/p>\n<p align=\"CENTER\"><strong>COORDENADORA \u201cQUE N\u00c3O CALE O CANTOR\u201d<\/strong><\/p>\n","protected":false},"excerpt":{"rendered":"\n\n\nCr\u00e9dito: theclinic.cl\n\n\n\n\n\n\n\n\n&#8220;Desaparecido, ainda assim Juli\u00e1n Conrado canta e fala&#8221;\n<a class=\"moretag\" href=\"https:\/\/pcb.org.br\/portal2\/1601\"> <\/a>","protected":false},"author":1,"featured_media":0,"comment_status":"open","ping_status":"open","sticky":false,"template":"","format":"standard","meta":{"jetpack_post_was_ever_published":false,"_jetpack_newsletter_access":"","_jetpack_dont_email_post_to_subs":false,"_jetpack_newsletter_tier_id":0,"_jetpack_memberships_contains_paywalled_content":false,"_jetpack_memberships_contains_paid_content":false,"footnotes":"","jetpack_publicize_message":"","jetpack_publicize_feature_enabled":true,"jetpack_social_post_already_shared":false,"jetpack_social_options":{"image_generator_settings":{"template":"highway","default_image_id":0,"font":"","enabled":false},"version":2}},"categories":[34],"tags":[],"class_list":["post-1601","post","type-post","status-publish","format-standard","hentry","category-c39-colombia"],"jetpack_publicize_connections":[],"jetpack_featured_media_url":"","jetpack_shortlink":"https:\/\/wp.me\/p659gw-pP","jetpack-related-posts":[],"jetpack_likes_enabled":true,"jetpack_sharing_enabled":true,"_links":{"self":[{"href":"https:\/\/pcb.org.br\/portal2\/wp-json\/wp\/v2\/posts\/1601","targetHints":{"allow":["GET"]}}],"collection":[{"href":"https:\/\/pcb.org.br\/portal2\/wp-json\/wp\/v2\/posts"}],"about":[{"href":"https:\/\/pcb.org.br\/portal2\/wp-json\/wp\/v2\/types\/post"}],"author":[{"embeddable":true,"href":"https:\/\/pcb.org.br\/portal2\/wp-json\/wp\/v2\/users\/1"}],"replies":[{"embeddable":true,"href":"https:\/\/pcb.org.br\/portal2\/wp-json\/wp\/v2\/comments?post=1601"}],"version-history":[{"count":0,"href":"https:\/\/pcb.org.br\/portal2\/wp-json\/wp\/v2\/posts\/1601\/revisions"}],"wp:attachment":[{"href":"https:\/\/pcb.org.br\/portal2\/wp-json\/wp\/v2\/media?parent=1601"}],"wp:term":[{"taxonomy":"category","embeddable":true,"href":"https:\/\/pcb.org.br\/portal2\/wp-json\/wp\/v2\/categories?post=1601"},{"taxonomy":"post_tag","embeddable":true,"href":"https:\/\/pcb.org.br\/portal2\/wp-json\/wp\/v2\/tags?post=1601"}],"curies":[{"name":"wp","href":"https:\/\/api.w.org\/{rel}","templated":true}]}}