{"id":16049,"date":"2017-09-07T12:57:14","date_gmt":"2017-09-07T15:57:14","guid":{"rendered":"https:\/\/pcb.org.br\/portal2\/?p=16049"},"modified":"2017-09-08T10:26:36","modified_gmt":"2017-09-08T13:26:36","slug":"1o-seminario-nacional-lgbt-do-pcb","status":"publish","type":"post","link":"https:\/\/pcb.org.br\/portal2\/16049","title":{"rendered":"1\u00ba SEMIN\u00c1RIO NACIONAL LGBT DO PCB"},"content":{"rendered":"<p><img decoding=\"async\" class=\"imagem\" title=\"imagem\" src=\"https:\/\/lh3.googleusercontent.com\/NwKjlQk1ra40ev4FqHDS1fxIMTzdKFmyBwN6C12ZpFflSNumpSARB8lLbi8cli-1CYvzmcFKTElbItE1HIgf3JrP_zCX3MqHJCNljzJdgZeihLEh2Y-F-3vsbiSBP43afZDVQfq6_Jld9m9rrIUV8NDETtwjKs0AzhX5eUHho9u8jeFkByYheVbGZrc7Uy02HPhDC5SooXC0vvFqQ4C0ldfiQl3858EjgaJq5q0nbQge6bNfApk8Wi39CKbJey_CY7Gx0VNzK9ia-1xjaDJAhEfCy0RslQ05JrgMgjGrrC1atEDpQyvuDUa287lqbXjh8SE0PiZZQvKObMkpsw15s-iCyBN47Bky2RkDuv3bXW3zgcBjMp9s43aksChvYq9Ihuc_qef_9qcxJVKIOxYlqc3-bpuVPH_93o8uMNFzwgyhUBTA0Poq3wWdP0Gml52yhGmzBW3KLSAkrglQuGfk-sy5kA80Az7XMo7SG4HbkPYCGe4wQEIXWVkZreTHRxX9hw2XmionkgOHBJsKmq_IDkdKkOUYT8-hkW4pjnFzahqbEVa1XkQpfQqHDJEl2fVtGVa0MnQyCb7slmykPaKz-8CPhUlZH0vHBb0A3wnddImIMM_v7X8bQ8bNvcSmcBY1bnCWcRQrjrdSIpFcLr3s4T-1wn_FMlTFas2r0P5NNg2rz2Y=w474-h281-no\" alt=\"imagem\" \/><!--more-->No per\u00edodo de 07 a 10 de setembro de 2017, o Coletivo LGBT Comunista do estado de S\u00e3o Paulo, em articula\u00e7\u00e3o com o n\u00facleo de Pernambuco, realizar\u00e1 o 1\u00ba Semin\u00e1rio Nacional LGBT do Partido Comunista Brasileiro, na cidade de S\u00e3o Paulo.<\/p>\n<p>Este semin\u00e1rio \u00e9 produto da necessidade urgente de aprofundar os debates acerca da tem\u00e1tica da diversidade sexual e de g\u00eanero sob a \u00f3tica do m\u00e9todo materialista hist\u00f3rico e dial\u00e9tico. Ademais, a organiza\u00e7\u00e3o do semin\u00e1rio visa a prosseguir com a implementa\u00e7\u00e3o das a\u00e7\u00f5es decididas no XV Congresso do PCB, no que diz respeito \u00e0 constru\u00e7\u00e3o dos coletivos em \u00e2mbito nacional. Vale lembrar que tal implementa\u00e7\u00e3o j\u00e1 est\u00e1 acontecendo atrav\u00e9s de \u00a0v\u00e1rias iniciativas nos \u00faltimos dois anos. S\u00e3o Paulo d\u00e1 origem ao LGBT Comunista no come\u00e7o de 2015, logo ap\u00f3s surge no Rio Grande do Sul e no \u00faltimo per\u00edodo no Cear\u00e1, Alagoas e Pernambuco.<\/p>\n<p>A atual conjuntura e a forma de consci\u00eancia da classe trabalhadora brasileira revelam as novas t\u00e1ticas necess\u00e1rias para o desenvolvimento da revolu\u00e7\u00e3o brasileira. A articula\u00e7\u00e3o dos coletivos partid\u00e1rios, categoria em que o Coletivo LGBT Comunista se enquadra, pretende fazer a conex\u00e3o das media\u00e7\u00f5es que permeiam a vida concreta e imediata das LGBT trabalhadoras, no interior da contradi\u00e7\u00e3o capital-trabalho, bem como a compreens\u00e3o da forma particular de domina\u00e7\u00e3o desta popula\u00e7\u00e3o. Deste modo, almeja-se a vincula\u00e7\u00e3o com os processos de luta pol\u00edtica geral, por meio de a\u00e7\u00f5es articuladas nacionalmente e de subst\u00e2ncia revolucion\u00e1rio.<\/p>\n<p>Nesse sentido, o previsto semin\u00e1rio tem como meta:<\/p>\n<ol>\n<li>Enriquecer a forma\u00e7\u00e3o te\u00f3rica dos militantes do partido e do coletivo sobre a hist\u00f3ria do movimento LGBT, as teorias que tratam da quest\u00e3o da sexualidade e de g\u00eanero, bem como aprofundar os conhecimentos a respeito das perspectivas te\u00f3ricas estranhas ao marxismo que s\u00e3o, hoje, hegem\u00f4nicas nos movimentos sociais LGBT;<\/li>\n<li>Elaborar um conjunto de objetivos, estrat\u00e9gias e t\u00e1ticas relacionadas com a conjuntura atual e em conformidade com linha pol\u00edtica do partido, a fim de dar unidade nas a\u00e7\u00f5es desenvolvidas pelos diferentes n\u00facleos do Coletivo fundados no Brasil e para ser base para o desenvolvimento de novos n\u00facleos;<\/li>\n<li>Constituir uma Comiss\u00e3o Provis\u00f3ria de Nacionaliza\u00e7\u00e3o do Coletivo LGBT Comunista;<\/li>\n<li>Elaborar uma Carta Manifesto do Coletivo LGBT Comunista, que, simultaneamente, apresente politicamente o coletivo para o conjunto da milit\u00e2ncia e for\u00e7as pol\u00edticas nacionais e sirva de base orientadora para a a\u00e7\u00e3o coesa e unificada dos n\u00facleos estaduais j\u00e1 fundados e a serem constitu\u00eddos.<\/li>\n<\/ol>\n","protected":false},"excerpt":{"rendered":"<a class=\"moretag\" href=\"https:\/\/pcb.org.br\/portal2\/16049\"> <\/a>","protected":false},"author":1,"featured_media":0,"comment_status":"closed","ping_status":"closed","sticky":false,"template":"","format":"standard","meta":{"jetpack_post_was_ever_published":false,"_jetpack_newsletter_access":"","_jetpack_dont_email_post_to_subs":false,"_jetpack_newsletter_tier_id":0,"_jetpack_memberships_contains_paywalled_content":false,"_jetpack_memberships_contains_paid_content":false,"footnotes":"","jetpack_publicize_message":"","jetpack_publicize_feature_enabled":true,"jetpack_social_post_already_shared":true,"jetpack_social_options":{"image_generator_settings":{"template":"highway","default_image_id":0,"font":"","enabled":false},"version":2}},"categories":[182,5],"tags":[227],"class_list":["post-16049","post","type-post","status-publish","format-standard","hentry","category-lgbt","category-s4-pcb","tag-5a"],"jetpack_publicize_connections":[],"jetpack_featured_media_url":"","jetpack_shortlink":"https:\/\/wp.me\/p659gw-4aR","jetpack-related-posts":[],"jetpack_likes_enabled":true,"jetpack_sharing_enabled":true,"_links":{"self":[{"href":"https:\/\/pcb.org.br\/portal2\/wp-json\/wp\/v2\/posts\/16049","targetHints":{"allow":["GET"]}}],"collection":[{"href":"https:\/\/pcb.org.br\/portal2\/wp-json\/wp\/v2\/posts"}],"about":[{"href":"https:\/\/pcb.org.br\/portal2\/wp-json\/wp\/v2\/types\/post"}],"author":[{"embeddable":true,"href":"https:\/\/pcb.org.br\/portal2\/wp-json\/wp\/v2\/users\/1"}],"replies":[{"embeddable":true,"href":"https:\/\/pcb.org.br\/portal2\/wp-json\/wp\/v2\/comments?post=16049"}],"version-history":[{"count":0,"href":"https:\/\/pcb.org.br\/portal2\/wp-json\/wp\/v2\/posts\/16049\/revisions"}],"wp:attachment":[{"href":"https:\/\/pcb.org.br\/portal2\/wp-json\/wp\/v2\/media?parent=16049"}],"wp:term":[{"taxonomy":"category","embeddable":true,"href":"https:\/\/pcb.org.br\/portal2\/wp-json\/wp\/v2\/categories?post=16049"},{"taxonomy":"post_tag","embeddable":true,"href":"https:\/\/pcb.org.br\/portal2\/wp-json\/wp\/v2\/tags?post=16049"}],"curies":[{"name":"wp","href":"https:\/\/api.w.org\/{rel}","templated":true}]}}