{"id":16110,"date":"2017-09-12T14:02:39","date_gmt":"2017-09-12T17:02:39","guid":{"rendered":"https:\/\/pcb.org.br\/portal2\/?p=16110"},"modified":"2017-09-12T14:02:39","modified_gmt":"2017-09-12T17:02:39","slug":"cuba-enfrenta-unida-a-recuperacao-nada-e-impossivel","status":"publish","type":"post","link":"https:\/\/pcb.org.br\/portal2\/16110","title":{"rendered":"CUBA ENFRENTA UNIDA A RECUPERA\u00c7\u00c3O: &#8220;NADA \u00c9 IMPOSS\u00cdVEl&#8221;"},"content":{"rendered":"<p><img decoding=\"async\" class=\"imagem\" title=\"imagem\" src=\"https:\/\/i0.wp.com\/pt.granma.cu\/file\/img\/2017\/09\/thumb\/f0013001.jpg\" alt=\"imagem\" \/><!--more-->Vamos enfrentar a recupera\u00e7\u00e3o com o exemplo do Comandante-em-Chefe da Revolu\u00e7\u00e3o Cubana, Fidel Castro Ruz, que com sua f\u00e9 permanente na vit\u00f3ria e forte vontade, nos ensinou que nada \u00e9 imposs\u00edvel.<\/p>\n<p>Raul Castro Ruz<\/p>\n<p>11 de setembro de 2017<\/p>\n<p>O furac\u00e3o Irma, com sua for\u00e7a destrutiva, invadiu nossa Ilha por mais de 72 horas, da manh\u00e3 de 8 de setembro \u00e0 tarde deste domingo. Com ventos que superaram \u00e0s vezes 250 quil\u00f4metros por hora, atravessou o norte do pa\u00eds de Baracoa, tamb\u00e9m punido por outro fen\u00f4meno desse tipo h\u00e1 quase um ano, nas proximidades de C\u00e1rdenas. No entanto, pela imensidade de seu tamanho, praticamente nenhum territ\u00f3rio foi liberado de seus efeitos.<\/p>\n<p>Chamado por especialistas como o maior furac\u00e3o formado no Atl\u00e2ntico, este fen\u00f4meno meteorol\u00f3gico causou graves danos ao pa\u00eds, que, precisamente por seu tamanho, ainda n\u00e3o foram quantificados. Um olhar preliminar evidencia perdas na habita\u00e7\u00e3o, no sistema eletroenerg\u00e9tico e na agricultura.<\/p>\n<p>Al\u00e9m disso, atingiu alguns dos nossos principais destinos tur\u00edsticos. No entanto, as destrui\u00e7\u00f5es ser\u00e3o recuperadas antes do in\u00edcio da alta temporada. Temos os recursos humanos e materiais necess\u00e1rios, como uma das principais fontes de renda para a economia nacional.<\/p>\n<p>Foram dias dif\u00edceis para o nosso povo, que em poucas horas viu como tudo que foi constru\u00eddo com tanto esfor\u00e7o pode ser golpeado por um furac\u00e3o devastador. As imagens das \u00faltimas horas s\u00e3o eloquentes, assim como o esp\u00edrito de resist\u00eancia e a vit\u00f3ria de nosso povo que renasce com todas as adversidades.<\/p>\n<p>Nestas circunst\u00e2ncias dif\u00edceis, destacaram-se a unidade dos cubanos, a solidariedade entre os vizinhos, a disciplina da orienta\u00e7\u00e3o do Estado-Maior Geral da Defesa Civil e dos Conselhos de Defesa em todos os n\u00edveis, o profissionalismo dos especialistas do Instituto de Meteorologia, o imediatismo de nossos meios de comunica\u00e7\u00e3o e jornalistas, o apoio das organiza\u00e7\u00f5es de massas, bem como a coes\u00e3o dos \u00f3rg\u00e3os de governo do Conselho Nacional de Defesa. Men\u00e7\u00e3o especial deve ser feita a todas as nossas mulheres, incluindo os l\u00edderes do Partido e do Governo, que com firmeza e maturidade dirigiram e enfrentaram a dif\u00edcil situa\u00e7\u00e3o.<\/p>\n<p>Os dias por vir ser\u00e3o de muito trabalho, onde a for\u00e7a dos cubanos e a confian\u00e7a indestrut\u00edvel em sua Revolu\u00e7\u00e3o ser\u00e3o mais uma vez demonstradas. N\u00e3o \u00e9 hora de chorar, mas reconstruir o que os ventos do furac\u00e3o Irma tentaram fazer desaparecer.<\/p>\n<p>Com a organiza\u00e7\u00e3o, a disciplina e a integra\u00e7\u00e3o de todas as nossas estruturas, continuaremos a atuar como j\u00e1 fizemos em ocasi\u00f5es anteriores. Ningu\u00e9m pode se enganar: a tarefa diante de n\u00f3s \u00e9 imensa, mas com um povo como o nosso, vamos conquistar a batalha mais importante, a recupera\u00e7\u00e3o.<\/p>\n<p>Neste momento crucial, a Central de Trabalhadores de Cuba e a Associa\u00e7\u00e3o Nacional dos Pequenos Agricultores, juntamente com outras organiza\u00e7\u00f5es de massas, ter\u00e3o que redobrar seus esfor\u00e7os para apagar o mais r\u00e1pido poss\u00edvel o rescaldo desse evento destrutivo.<\/p>\n<p>Um princ\u00edpio permanece inalterado: a Revolu\u00e7\u00e3o n\u00e3o deixar\u00e1 ningu\u00e9m desabrigado, e medidas j\u00e1 est\u00e3o sendo tomadas para que nenhuma fam\u00edlia cubana seja deixada ao seu pr\u00f3prio destino.<\/p>\n<p>Como costuma acontecer a cada vez que um fen\u00f4meno clim\u00e1tico nos atinge, h\u00e1 muitos sinais de solidariedade recebidos de todo o mundo. Chefes de Estado e de Governo, organiza\u00e7\u00f5es pol\u00edticas e amigos de movimentos solid\u00e1rios expressaram a vontade de nos ajudar, o que agradecemos em nome dos mais de onze milh\u00f5es de cubanos.<\/p>\n<p>Deixe-nos enfrentar a recupera\u00e7\u00e3o com o exemplo do Comandante-em-Chefe da Revolu\u00e7\u00e3o Cubana, Fidel Castro Ruz, que com sua f\u00e9 permanente na vit\u00f3ria e forte vontade, nos ensinou que nada \u00e9 imposs\u00edvel. Nestas horas dif\u00edceis, seu legado nos fortalece e nos une.<\/p>\n<p>Ra\u00fal Castro Ruz<\/p>\n<p>Havana, 10 de setembro de 2017<\/p>\n<p>http:\/\/granma.cu<\/p>\n","protected":false},"excerpt":{"rendered":"<a class=\"moretag\" href=\"https:\/\/pcb.org.br\/portal2\/16110\"> <\/a>","protected":false},"author":1,"featured_media":0,"comment_status":"closed","ping_status":"closed","sticky":false,"template":"","format":"standard","meta":{"jetpack_post_was_ever_published":false,"_jetpack_newsletter_access":"","_jetpack_dont_email_post_to_subs":false,"_jetpack_newsletter_tier_id":0,"_jetpack_memberships_contains_paywalled_content":false,"_jetpack_memberships_contains_paid_content":false,"footnotes":"","jetpack_publicize_message":"","jetpack_publicize_feature_enabled":true,"jetpack_social_post_already_shared":true,"jetpack_social_options":{"image_generator_settings":{"template":"highway","default_image_id":0,"font":"","enabled":false},"version":2}},"categories":[48],"tags":[223],"class_list":["post-16110","post","type-post","status-publish","format-standard","hentry","category-c58-cuba","tag-3a"],"jetpack_publicize_connections":[],"jetpack_featured_media_url":"","jetpack_shortlink":"https:\/\/wp.me\/p659gw-4bQ","jetpack-related-posts":[],"jetpack_likes_enabled":true,"jetpack_sharing_enabled":true,"_links":{"self":[{"href":"https:\/\/pcb.org.br\/portal2\/wp-json\/wp\/v2\/posts\/16110","targetHints":{"allow":["GET"]}}],"collection":[{"href":"https:\/\/pcb.org.br\/portal2\/wp-json\/wp\/v2\/posts"}],"about":[{"href":"https:\/\/pcb.org.br\/portal2\/wp-json\/wp\/v2\/types\/post"}],"author":[{"embeddable":true,"href":"https:\/\/pcb.org.br\/portal2\/wp-json\/wp\/v2\/users\/1"}],"replies":[{"embeddable":true,"href":"https:\/\/pcb.org.br\/portal2\/wp-json\/wp\/v2\/comments?post=16110"}],"version-history":[{"count":0,"href":"https:\/\/pcb.org.br\/portal2\/wp-json\/wp\/v2\/posts\/16110\/revisions"}],"wp:attachment":[{"href":"https:\/\/pcb.org.br\/portal2\/wp-json\/wp\/v2\/media?parent=16110"}],"wp:term":[{"taxonomy":"category","embeddable":true,"href":"https:\/\/pcb.org.br\/portal2\/wp-json\/wp\/v2\/categories?post=16110"},{"taxonomy":"post_tag","embeddable":true,"href":"https:\/\/pcb.org.br\/portal2\/wp-json\/wp\/v2\/tags?post=16110"}],"curies":[{"name":"wp","href":"https:\/\/api.w.org\/{rel}","templated":true}]}}