{"id":16128,"date":"2017-09-17T11:40:17","date_gmt":"2017-09-17T14:40:17","guid":{"rendered":"https:\/\/pcb.org.br\/portal2\/?p=16128"},"modified":"2018-03-06T17:20:30","modified_gmt":"2018-03-06T20:20:30","slug":"papa-francisco-defende-direitos-dos-pobres-e-paz-na-colombia","status":"publish","type":"post","link":"https:\/\/pcb.org.br\/portal2\/16128","title":{"rendered":"Papa Francisco defende direitos dos pobres e paz na Col\u00f4mbia"},"content":{"rendered":"<p><img decoding=\"async\" class=\"imagem\" title=\"imagem\" src=\"https:\/\/i0.wp.com\/www.elmundo.com\/assets\/uploads\/files\/6a59beac4fae29dce7ff24a70b7f3e54.jpg\" alt=\"imagem\" \/><!--more-->OLHAR COMUNISTA \u2013 17\/09\/2017<\/p>\n<p>O Papa, no \u00faltimo dia de sua viagem \u00e0 Col\u00f4mbia, pediu paz e defendeu os direitos dos pobres e dos imigrantes. &#8220;Que a cultura da morte seja substitu\u00edda pela cultura da vida&#8221;, disse o pont\u00edfice.<\/p>\n<p>A defesa da paz, no contexto da Col\u00f4mbia, tem como alvo os setores mais conservadores e reacion\u00e1rios daquele pa\u00eds, que se op\u00f5em aos acordos de paz celebrados entre o governo e as For\u00e7as Armadas Revolucion\u00e1rias da Col\u00f4mbia &#8211; as Farc &#8211; para manter seus neg\u00f3cios no tr\u00e1fico de drogas e seus interesses na explora\u00e7\u00e3o das riquezas minerais existentes nos territ\u00f3rios em que se dava o conflito armado at\u00e9 recentemente.<\/p>\n<p><img decoding=\"async\" class=\"imagemp\" title=\"imagem\" src=\"https:\/\/lh3.googleusercontent.com\/EwuXytPp_VJT_oxwdKlu2hBXDv4mVMnFbARZptJ9RcZou8m025w7qTHVhG3c8sboo1cYHt38yNS92Z_fF8pTCFeutqGS24HI8ybPvb0FclpI92u-bfjKjvbyxNNyTgcX7O5bywOici2hioeYJwBOkPxQ5ln1yKqPqSOP8VRT5YvfPEvgSePD_E09W6QYrB1hKIXbnHVE8cudTHlQrwxGKWUlhmQeJukDSo3IGjcBono_ch23GWvzQ8gRJUUzqxQOwv0gvKJHn1t7o1j_5fG74tKQJPgyRAbj8w62QNgYFE4-xxmzIkxXyGOm67O0v11A53zSQ5768sfh9h_SLuFfTPERgWnSFkOc797rCdMF4nmLqtO_McQZASbx7keOnnU5-W4-S3oPpPltOtNGIUNh1iGyORPMJzjjgJg7U9L0V2XHLOr1Upm0zsGIxOrkkJTJOGXnsU5-UDtL37i0QgLpAk4etI-Wvi4oDMevnemQVDqpxm4gXPJ8gITI9vF8mkpwJupHzOuc3x5wK8a7G7OaehreNBiU9GGDti33IDFNFUT6W1Y712IIxPWGY_4qMwD_i80r08bfRnZmPueh--JnmhgWf5wUu0HpRgMnV85A1Iy2I5TgN1GjDQ=w600-h453-no\" alt=\"imagem\" \/>O Papa fechou seu \u00faltimo discurso no pa\u00eds afirmando, como reportado na grande imprensa em 11 de setembro \u00faltimo, que &#8220;se a Col\u00f4mbia quer uma paz est\u00e1vel e duradoura, tem que dar urgentemente um passo na dire\u00e7\u00e3o do bem comum, da equidade, da justi\u00e7a, do respeito \u00e0 natureza humana e de suas exig\u00eancias&#8221;.<\/p>\n","protected":false},"excerpt":{"rendered":"<a class=\"moretag\" href=\"https:\/\/pcb.org.br\/portal2\/16128\"> <\/a>","protected":false},"author":1,"featured_media":0,"comment_status":"closed","ping_status":"closed","sticky":false,"template":"","format":"standard","meta":{"jetpack_post_was_ever_published":false,"_jetpack_newsletter_access":"","_jetpack_dont_email_post_to_subs":false,"_jetpack_newsletter_tier_id":0,"_jetpack_memberships_contains_paywalled_content":false,"_jetpack_memberships_contains_paid_content":false,"footnotes":"","jetpack_publicize_message":"","jetpack_publicize_feature_enabled":true,"jetpack_social_post_already_shared":false,"jetpack_social_options":{"image_generator_settings":{"template":"highway","default_image_id":0,"font":"","enabled":false},"version":2}},"categories":[100],"tags":[],"class_list":["post-16128","post","type-post","status-publish","format-standard","hentry","category-c113-a-semana-no-olhar-comunista"],"jetpack_publicize_connections":[],"jetpack_featured_media_url":"","jetpack_shortlink":"https:\/\/wp.me\/p659gw-4c8","jetpack-related-posts":[],"jetpack_likes_enabled":true,"jetpack_sharing_enabled":true,"_links":{"self":[{"href":"https:\/\/pcb.org.br\/portal2\/wp-json\/wp\/v2\/posts\/16128","targetHints":{"allow":["GET"]}}],"collection":[{"href":"https:\/\/pcb.org.br\/portal2\/wp-json\/wp\/v2\/posts"}],"about":[{"href":"https:\/\/pcb.org.br\/portal2\/wp-json\/wp\/v2\/types\/post"}],"author":[{"embeddable":true,"href":"https:\/\/pcb.org.br\/portal2\/wp-json\/wp\/v2\/users\/1"}],"replies":[{"embeddable":true,"href":"https:\/\/pcb.org.br\/portal2\/wp-json\/wp\/v2\/comments?post=16128"}],"version-history":[{"count":0,"href":"https:\/\/pcb.org.br\/portal2\/wp-json\/wp\/v2\/posts\/16128\/revisions"}],"wp:attachment":[{"href":"https:\/\/pcb.org.br\/portal2\/wp-json\/wp\/v2\/media?parent=16128"}],"wp:term":[{"taxonomy":"category","embeddable":true,"href":"https:\/\/pcb.org.br\/portal2\/wp-json\/wp\/v2\/categories?post=16128"},{"taxonomy":"post_tag","embeddable":true,"href":"https:\/\/pcb.org.br\/portal2\/wp-json\/wp\/v2\/tags?post=16128"}],"curies":[{"name":"wp","href":"https:\/\/api.w.org\/{rel}","templated":true}]}}