{"id":16140,"date":"2017-09-14T23:28:01","date_gmt":"2017-09-15T02:28:01","guid":{"rendered":"https:\/\/pcb.org.br\/portal2\/?p=16140"},"modified":"2017-09-14T23:28:01","modified_gmt":"2017-09-15T02:28:01","slug":"cuba-disciplina-organizacao-e-integralidade","status":"publish","type":"post","link":"https:\/\/pcb.org.br\/portal2\/16140","title":{"rendered":"CUBA: Disciplina, organiza\u00e7\u00e3o e integralidade"},"content":{"rendered":"<p><img decoding=\"async\" class=\"imagem\" title=\"imagem\" src=\"https:\/\/i0.wp.com\/pt.granma.cu\/file\/img\/2017\/09\/medium\/f0013015.jpg\" alt=\"imagem\" \/><!--more-->Quatro dias ap\u00f3s a passagem do perigoso furac\u00e3o Irma continuam os trabalhos de recupera\u00e7\u00e3o e quantifica\u00e7\u00e3o dos preju\u00edzos provocados por este fen\u00f4meno natural e chegam os primeiros envios de ajuda solid\u00e1ria<\/p>\n<p>GRANMA INTERNACIONAL<br \/>\n13 de setembro 2017<\/p>\n<p>T\u00e3o logo como a natureza o permitiu, milhares de homens e mulheres sa\u00edram \u00e0s ruas para tirar os obst\u00e1culos das vias, limpar casas e locais de trabalho, de sa\u00fade e educa\u00e7\u00e3o, recuperar as redes el\u00e9tricas e de comunica\u00e7\u00e3o, cozinhar alimentos para oferecer \u00e0 popula\u00e7\u00e3o afetada e catar tudo aquilo que se possa das culturas afetadas.<\/p>\n<p>Em visitas aos lugares afetados e em contato com a popula\u00e7\u00e3o, os principais l\u00edderes do pa\u00eds verificaram os trabalhos de recupera\u00e7\u00e3o e exortaram a ter disciplina, organiza\u00e7\u00e3o e abordagem integral naquilo que seja feito.<\/p>\n<p>O primeiro vice-presidente dos Conselhos de Estado e de Ministros, Miguel D\u00edaz-Canel Berm\u00fadez visitou as prov\u00edncias de Artemisa e Mayabeque e em uma troca com as autoridades dessas prov\u00edncias exortou a apagar o mais rapidamente poss\u00edvel os sinais da passagem do furac\u00e3o, restabelecer os servi\u00e7os de maior import\u00e2ncia para a popula\u00e7\u00e3o e trabalhar na recupera\u00e7\u00e3o agr\u00edcola e nas moradias e instala\u00e7\u00f5es afetadas.<\/p>\n<p>Em uma visita \u00e0 usina termoel\u00e9trica de Mariel, D\u00edaz-Canel apreciou os trabalhos de repara\u00e7\u00e3o da mesma, que permitiram restabelecer a eletricidade e inserir novamente a termoel\u00e9trica no circuito nacional.<\/p>\n<p>Acompanhado do secret\u00e1rio-geral da Central dos Trabalhadores de Cuba (CTC), Ulises Guilarte de Nacimiento, D\u00edaz-Canel presidiu uma reuni\u00e3o no Conselho de Defesa Provincial em Mayabeque, onde foram examinadas as medidas para a recupera\u00e7\u00e3o, as a\u00e7\u00f5es a acometer e como resolver cada problema.<\/p>\n<p>Soube-se que as perdas na agricultura s\u00e3o de 1.4 mil hectares de banana, mandioca e milho e outras culturas, afeta\u00e7\u00f5es na rodovia Via Blanca e na usina termoel\u00e9trica de Santa Cruz del Norte, onde a medidas adotadas permitem apreciar avan\u00e7os na recupera\u00e7\u00e3o.<\/p>\n<p>Por seu lado, em uma visita ao polo tur\u00edstico de Varadero, o presidente da Assembleia Nacional do Poder Popular, Esteban Lazo Hern\u00e1ndez, soube que esse enclave tur\u00edstico teve afeta\u00e7\u00f5es mas que deve estar pronto antes de 15 de novembro, quando come\u00e7a a temporada alta do turismo.<\/p>\n<p>Em uma reuni\u00e3o no Conselho de Defesa Provincial em Matanzas, Lazo recebeu informa\u00e7\u00e3o acerca da usina termoel\u00e9trica Antonio Guiterras, muito afetada, o que representa um esfor\u00e7o grande, pois o dano causado n\u00e3o se pode resolver em poucos dias.<\/p>\n<p>Outras informa\u00e7\u00f5es oferecidas pela vice-presidenta do Conselho de Defesa Provincial, T\u00e2nia Silveira, indicam que o furac\u00e3o afetou de forma parcial umas 2 mil moradias, 200 delas derribadas totalmente. Na agricultura afetou uns 1.000 hectares de cana e outras culturas alagadas.<\/p>\n<p>Nas restantes prov\u00edncias continuam os trabalhos de recupera\u00e7\u00e3o. Aos poucos, v\u00e3o chegando for\u00e7as e meios de outras prov\u00edncias para ajudar, principalmente, no restabelecimento dos servi\u00e7os de eletricidade, telefones e \u00e1gua, retirada de escombros e \u00e1rvores derribadas e devolver a normalidade aos territ\u00f3rios.<\/p>\n<p>Por outro lado, a Venezuela foi o primeiro pa\u00eds a enviar ajuda humanit\u00e1ria, quando um avi\u00e3o da For\u00e7a A\u00e9rea desse pa\u00eds chegou ao aeroporto Jos\u00e9 Mart\u00ed, de Havana, com uma carga humanit\u00e1ria de colch\u00f5es, \u00e1gua e alimentos. E ag\u00eancias das Na\u00e7\u00f5es Unidas presentes em Cuba mostraram sua disposi\u00e7\u00e3o de organizar e coordenar uma resposta integrada que seja \u00abbem efetiva, nesta circunstancia complexa, as afeta\u00e7\u00f5es provocadas pelo furac\u00e3o Irm\u00e3, o mais intenso dos \u00faltimos anos\u00bb.<\/p>\n<p>Photo: Ventura de Jes\u00fas Garc\u00eda<\/p>\n<p>http:\/\/pt.granma.cu\/cuba\/2017-09-13\/disciplina-organizacao-e-integralidade<\/p>\n","protected":false},"excerpt":{"rendered":"<a class=\"moretag\" href=\"https:\/\/pcb.org.br\/portal2\/16140\"> <\/a>","protected":false},"author":1,"featured_media":0,"comment_status":"closed","ping_status":"closed","sticky":false,"template":"","format":"standard","meta":{"jetpack_post_was_ever_published":false,"_jetpack_newsletter_access":"","_jetpack_dont_email_post_to_subs":false,"_jetpack_newsletter_tier_id":0,"_jetpack_memberships_contains_paywalled_content":false,"_jetpack_memberships_contains_paid_content":false,"footnotes":"","jetpack_publicize_message":"","jetpack_publicize_feature_enabled":true,"jetpack_social_post_already_shared":true,"jetpack_social_options":{"image_generator_settings":{"template":"highway","default_image_id":0,"font":"","enabled":false},"version":2}},"categories":[48],"tags":[228],"class_list":["post-16140","post","type-post","status-publish","format-standard","hentry","category-c58-cuba","tag-5b"],"jetpack_publicize_connections":[],"jetpack_featured_media_url":"","jetpack_shortlink":"https:\/\/wp.me\/p659gw-4ck","jetpack-related-posts":[],"jetpack_likes_enabled":true,"jetpack_sharing_enabled":true,"_links":{"self":[{"href":"https:\/\/pcb.org.br\/portal2\/wp-json\/wp\/v2\/posts\/16140","targetHints":{"allow":["GET"]}}],"collection":[{"href":"https:\/\/pcb.org.br\/portal2\/wp-json\/wp\/v2\/posts"}],"about":[{"href":"https:\/\/pcb.org.br\/portal2\/wp-json\/wp\/v2\/types\/post"}],"author":[{"embeddable":true,"href":"https:\/\/pcb.org.br\/portal2\/wp-json\/wp\/v2\/users\/1"}],"replies":[{"embeddable":true,"href":"https:\/\/pcb.org.br\/portal2\/wp-json\/wp\/v2\/comments?post=16140"}],"version-history":[{"count":0,"href":"https:\/\/pcb.org.br\/portal2\/wp-json\/wp\/v2\/posts\/16140\/revisions"}],"wp:attachment":[{"href":"https:\/\/pcb.org.br\/portal2\/wp-json\/wp\/v2\/media?parent=16140"}],"wp:term":[{"taxonomy":"category","embeddable":true,"href":"https:\/\/pcb.org.br\/portal2\/wp-json\/wp\/v2\/categories?post=16140"},{"taxonomy":"post_tag","embeddable":true,"href":"https:\/\/pcb.org.br\/portal2\/wp-json\/wp\/v2\/tags?post=16140"}],"curies":[{"name":"wp","href":"https:\/\/api.w.org\/{rel}","templated":true}]}}