{"id":1615,"date":"2011-06-29T22:29:01","date_gmt":"2011-06-29T22:29:01","guid":{"rendered":"http:\/\/pcb.org.br\/portal2\/?p=1615"},"modified":"2011-06-29T22:29:01","modified_gmt":"2011-06-29T22:29:01","slug":"ignoramos-esta-recomposicao-de-opereta-do-governo-grego","status":"publish","type":"post","link":"https:\/\/pcb.org.br\/portal2\/1615","title":{"rendered":"\u201cIgnoramos esta recomposi\u00e7\u00e3o de opereta\u201d (do governo grego)"},"content":{"rendered":"\n<p>O KKE conduz com exemplar determina\u00e7\u00e3o a resist\u00eancia do povo grego. Nessa resist\u00eancia desenha-se a alternativa. O seu protagonista \u201cn\u00e3o ser\u00e1 o povo num sentido vago mas a frente unida e a alian\u00e7a dos trabalhadores, dos independentes, dos camponeses, dos estudantes e das mulheres, sa\u00edda da classe oper\u00e1ria e das camadas populares\u201d.<\/p>\n<p><strong>O KKE, com manifesta\u00e7\u00f5es de massa em Atenas, realizou uma interven\u00e7\u00e3o pol\u00edtica direta nos \u00faltimos fatos pol\u00edticos anti-populares adotados pela plutocracia e a burguesia gregas, com uma recomposi\u00e7\u00e3o ministerial para assegurar a gest\u00e3o do capitalismo. A secret\u00e1ria-geral do KKE, Aleka Papariga, pronunciou-se quando da manifesta\u00e7\u00e3o de Atenas e sublinhou:<\/strong><\/p>\n<p>\u201cExigimos elei\u00e7\u00f5es, a fim de que o povo possa abrir uma primeira fissura no sistema pol\u00edtico burgu\u00eas. Quanto mais fraco for o governo que venha a ser formado, mais f\u00e1cil ser\u00e1 para o povo evitar o pior.<\/p>\n<p>\u201cIgnoramos a inten\u00e7\u00e3o do primeiro-ministro de se demitir, a disposi\u00e7\u00e3o do presidente da ND, Samaras, de formar um governo de coliga\u00e7\u00e3o, pois o resultado de tudo isso n\u00e3o \u00e9 sen\u00e3o uma recomposi\u00e7\u00e3o rid\u00edcula. Ignoramos esta recomposi\u00e7\u00e3o de opereta; n\u00e3o tem nenhuma import\u00e2ncia que tal ministro deixe o seu posto ou que um outro tome o seu lugar. Eles fracassaram temporariamente em obter um consenso, far\u00e3o uma outra tentativa.<\/p>\n<p>\u201cIgnoramos as suas amea\u00e7as de que, se o povo grego n\u00e3o se dobrar, ficar\u00e1 sem sal\u00e1rios e sem pens\u00f5es de aposentadoria. Eles tentam transformar os seus pr\u00f3prios dilemas em dilemas populares. Tentam transformar o seu p\u00e2nico e o seu medo face ao desnudamento da natureza do sistema capitalista em p\u00e2nico e medo populares. Quando aqueles no alto tremem, o povo em baixo deve contra-atacar com ainda mais militantismo. A crise na zona Euro \u00e9 profunda, em particular na Irlanda e em Portugal. Prev\u00eaem-se problemas para a economia italiana e que a crise em Espanha ir\u00e1 intensificar-se. Em consequ\u00eancia, todos os povos pagar\u00e3o e portanto n\u00e3o se trata de uma forma de renegocia\u00e7\u00e3o da d\u00edvida que reclamam com trombetas e aos gritos a ND e o SYRIZA.<\/p>\n<p>\u201cDevemos sublinhar a d\u00edvida que os grandes grupos, os monop\u00f3lios, a UE e a OTAN t\u00eam para com o povo, assim como os partidos burgueses da ND e do PASOK naturalmente (\u2026) o povo nada deve pagar.<\/p>\n<p>\u201cO POVO DEVE COM AS SUAS PR\u00d3PRIAS M\u00c3OS RETOMAR O QUE ELES LHE DEVEM E QUE LHE PERTENCE&#8221;.<\/p>\n<p>\u201cEles t\u00eam uma d\u00edvida para com o povo por causa da mais-valia que roubam no processo de produ\u00e7\u00e3o (\u2026)<\/p>\n<p>\u201cEles devem dinheiro aos trabalhadores do com\u00e9rcio, dos servi\u00e7os, do setor privado e do p\u00fablico, eles devem dinheiro em sal\u00e1rios e em reformas \u00e0 esmagadora maioria dos trabalhadores assalariados. Eles lhe devem a fortuna enorme que acumularam nos cofres-fortes su\u00ed\u00e7os e alhures. Eles lhe devem o dinheiro desviado dos fundos de seguran\u00e7a social (\u2026)<\/p>\n<p>\u201cEles devem tudo o que as fam\u00edlias populares gregas pagaram pela sua educa\u00e7\u00e3o, sua cobertura e sua preven\u00e7\u00e3o m\u00e9dica, medidas de sa\u00fade e de seguran\u00e7a (\u2026) Eles lhe devem enormes somas gastas com todo o dinheiro dispendido em equipamentos militares gra\u00e7as \u00e0 OTAN e \u00e0s guerras locais (\u2026)<\/p>\n<p>\u201cExistem potencialidades de desenvolvimento, de produ\u00e7\u00e3o, com riquezas minerais que temos na nossa posse, que podem ser realizadas de diferentes modos, em quase cada setor da ind\u00fastria, em cada setor da produ\u00e7\u00e3o agr\u00edcola, no transporte mar\u00edtimo e na pesca\u2026<\/p>\n<p>\u201cEsta enorme d\u00edvida ser\u00e1 arrecadada pelo povo s\u00f3 quando ele tomar o poder, quando ele se apropriar dos meios de produ\u00e7\u00e3o, atrav\u00e9s da socializa\u00e7\u00e3o e das cooperativas populares, atrav\u00e9s da retirada da UE, atrav\u00e9s do controle dos trabalhadores e do povo na base, com um parlamento do povo contando com representantes eleitos sa\u00eddos dos lugares de trabalho, organiza\u00e7\u00f5es de aposentados, dos estudantes e dos alunos dos liceus, com uma planifica\u00e7\u00e3o nacional que eliminar\u00e1 toda forma de desemprego. O protagonista destes acontecimentos n\u00e3o ser\u00e1 o povo num sentido vago mas a frente unida e a alian\u00e7a dos trabalhadores, dos independentes, dos camponeses, dos estudantes e das mulheres, sa\u00edda da classe oper\u00e1ria e das camadas populares.<\/p>\n<p>\u201cExiste uma for\u00e7a com propostas concretas, com experi\u00eancia, com um corpo militante coerente sem nenhuma manobra perigosa e oportunista: esta for\u00e7a encontra-se no KKE, na frente popular social das organiza\u00e7\u00f5es sociais radicais que est\u00e3o reunidas na alian\u00e7a do PAME, do PASEVE, do PASY, do OGE, do MAS.<\/p>\n<p>\u201cCEN\u00c1RIOS ANTI-POPULARES PREPARAM-SE NOS BASTIDORES; ELES FORAM MESMO POSTOS \u00c0 PROVA NAS RUAS E NAS PRA\u00c7AS. Aqueles que foram enganados n\u00e3o s\u00e3o os \u00fanicos que se encontram nas pra\u00e7as. Os representantes de lobbies de poderosos interesses pol\u00edticos e econ\u00f4micos apresentam-se como \u201cindignados\u201d nas pra\u00e7as, assim como representantes de ONGs que servem a interesses particulares, antigos e provavelmente ainda atuais colaboradores da direc\u00e7\u00e3o do PASOK \u2013 eles se agitam por solu\u00e7\u00f5es de moderniza\u00e7\u00e3o e renova\u00e7\u00e3o. (\u2026)<\/p>\n<p>\u201cN\u00c3O A UMA ALIAN\u00c7A COM UMA VAGA ETIQUETA DE FOR\u00c7AS PROGRESSISTAS E DE ESQUERDA, DE MODERNIZADORES E DE RENOVADORES, MAS SIM A UMA ALIAN\u00c7A DAS FOR\u00c7AS ANTI-CAPITALISTAS, ANTI-IMPERIALISTAS, ANTI-MONOPOLISTAS, UMA ALIAN\u00c7A UNIDA NA SUA LUTA CONTRA O PODER DOS MONOP\u00d3LIOS, PELO PODER POPULAR.<\/p>\n<p>\u201cNem um passo adiante pode ser dado sem uma alian\u00e7a com o KKE, sem um KKE forte e poderoso\u201d.<\/p>\n<p><em>*Secret\u00e1ria-geral do Partido Comunista Grego, discurso no encerramento da manifesta\u00e7\u00e3o de 16 de Junho.<\/em><\/p>\n<p><em>O original encontra-se em <a href=\"http:\/\/solidarite-internationale-pcf.over-blog.net\/\" target=\"_blank\">solidarite-internationale-pcf.over-blog.net\/<\/a>\u2026<\/em><\/p>\n<p><em>Este artigo encontra-se em <a href=\"http:\/\/www.odiario.info\/?p=2112\" target=\"_blank\">http:\/\/www.odiario.info\/?p=2112<\/p>\n<p><\/a><\/em><\/p>\n","protected":false},"excerpt":{"rendered":"\n\n\nCr\u00e9dito: KKE\n\n\n\n\n\n\n\n\nAleka Papariga*\n<a class=\"moretag\" href=\"https:\/\/pcb.org.br\/portal2\/1615\"> <\/a>","protected":false},"author":1,"featured_media":0,"comment_status":"open","ping_status":"open","sticky":false,"template":"","format":"standard","meta":{"jetpack_post_was_ever_published":false,"_jetpack_newsletter_access":"","_jetpack_dont_email_post_to_subs":false,"_jetpack_newsletter_tier_id":0,"_jetpack_memberships_contains_paywalled_content":false,"_jetpack_memberships_contains_paid_content":false,"footnotes":"","jetpack_publicize_message":"","jetpack_publicize_feature_enabled":true,"jetpack_social_post_already_shared":false,"jetpack_social_options":{"image_generator_settings":{"template":"highway","default_image_id":0,"font":"","enabled":false},"version":2}},"categories":[37],"tags":[],"class_list":["post-1615","post","type-post","status-publish","format-standard","hentry","category-c42-comunistas"],"jetpack_publicize_connections":[],"jetpack_featured_media_url":"","jetpack_shortlink":"https:\/\/wp.me\/p659gw-q3","jetpack-related-posts":[],"jetpack_likes_enabled":true,"jetpack_sharing_enabled":true,"_links":{"self":[{"href":"https:\/\/pcb.org.br\/portal2\/wp-json\/wp\/v2\/posts\/1615","targetHints":{"allow":["GET"]}}],"collection":[{"href":"https:\/\/pcb.org.br\/portal2\/wp-json\/wp\/v2\/posts"}],"about":[{"href":"https:\/\/pcb.org.br\/portal2\/wp-json\/wp\/v2\/types\/post"}],"author":[{"embeddable":true,"href":"https:\/\/pcb.org.br\/portal2\/wp-json\/wp\/v2\/users\/1"}],"replies":[{"embeddable":true,"href":"https:\/\/pcb.org.br\/portal2\/wp-json\/wp\/v2\/comments?post=1615"}],"version-history":[{"count":0,"href":"https:\/\/pcb.org.br\/portal2\/wp-json\/wp\/v2\/posts\/1615\/revisions"}],"wp:attachment":[{"href":"https:\/\/pcb.org.br\/portal2\/wp-json\/wp\/v2\/media?parent=1615"}],"wp:term":[{"taxonomy":"category","embeddable":true,"href":"https:\/\/pcb.org.br\/portal2\/wp-json\/wp\/v2\/categories?post=1615"},{"taxonomy":"post_tag","embeddable":true,"href":"https:\/\/pcb.org.br\/portal2\/wp-json\/wp\/v2\/tags?post=1615"}],"curies":[{"name":"wp","href":"https:\/\/api.w.org\/{rel}","templated":true}]}}