{"id":16164,"date":"2017-09-16T14:49:41","date_gmt":"2017-09-16T17:49:41","guid":{"rendered":"https:\/\/pcb.org.br\/portal2\/?p=16164"},"modified":"2017-09-16T14:49:41","modified_gmt":"2017-09-16T17:49:41","slug":"privatizacao-da-eletrobras-ira-gerar-novo-apagao","status":"publish","type":"post","link":"https:\/\/pcb.org.br\/portal2\/16164","title":{"rendered":"Privatiza\u00e7\u00e3o da Eletrobras ir\u00e1 gerar novo apag\u00e3o"},"content":{"rendered":"<p><img data-recalc-dims=\"1\" decoding=\"async\" class=\"imagem\" title=\"imagem\" src=\"https:\/\/i0.wp.com\/farm5.staticflickr.com\/4418\/37231201935_5af9334670_z.jpg?w=747&#038;ssl=1\" alt=\"imagem\" \/><!--more--><strong>Organiza\u00e7\u00f5es e parlamentares lan\u00e7am campanha \u201cEnergia n\u00e3o \u00e9 mercadoria\u201d<\/strong><\/p>\n<p>por Rafael Tatemoto<\/p>\n<p>O an\u00fancio feito pelo governo Michel Temer, do PMDB, sobre a inten\u00e7\u00e3o de privatizar o sistema Eletrobras, respons\u00e1vel pela gera\u00e7\u00e3o e transmiss\u00e3o de energia no pa\u00eds, levou uma s\u00e9rie de entidades sindicais e movimentos populares a lan\u00e7arem a campanha \u201cEnergia n\u00e3o \u00e9 mercadoria\u201d, em alian\u00e7a com parlamentares da oposi\u00e7\u00e3o.<\/p>\n<p>Para Icaro Barreto, diretor do Sindicato dos Urbanit\u00e1rios no Distrito Federal, que comp\u00f5e a iniciativa, a possibilidade de privatiza\u00e7\u00e3o trar\u00e1 consequ\u00eancias relacionadas \u00e0 soberania nacional, ao custo da energia e ao futuro da economia nacional. Haveria ainda, segundo ele, o risco de uma nova crise de abastecimento.<\/p>\n<p>\u201cA curto prazo, a privatiza\u00e7\u00e3o vai trazer de cara o aumento das tarifas, principalmente para os pequenos empres\u00e1rios e tamb\u00e9m para o consumidor residencial. A m\u00e9dio e longo prazo, vai gerar um problema de desabastecimento s\u00e9rio, parecido com o vivido em 2001 com o apag\u00e3o. Historicamente, desde que o setor el\u00e9trico come\u00e7ou no Brasil, s\u00f3 quem investe na expans\u00e3o do sistema el\u00e9trico brasileiro s\u00e3o as empresas estatais\u201d, diz.<\/p>\n<p>Gilberto Cervinski, integrante da dire\u00e7\u00e3o nacional do Movimento dos Atingidos por Barragens (MAB), que tamb\u00e9m integra a campanha, afirma que n\u00e3o s\u00f3 os pre\u00e7os aumentar\u00e3o como n\u00e3o ter\u00e3o condi\u00e7\u00f5es de diminuir, o que pode acontecer se a Eletrobras continuar sob controle estatal.<\/p>\n<p>\u201cAs usinas e linhas de transmiss\u00e3o s\u00e3o amortizadas. Se pegar o exemplo de Belo Monte, uma usina nova, quem paga \u00e9 a popula\u00e7\u00e3o. A Belo Monte tem um valor, no caso, R$ 30 bilh\u00f5es. Esse valor \u00e9 distribu\u00eddo na conta de luz que a popula\u00e7\u00e3o paga ao longo dos pr\u00f3ximos 30 anos. Eles querem vender uma coisa do povo para n\u00f3s continuarmos pagando por mais tempo\u201d, explica.<\/p>\n<p>Como a Eletrobras ainda \u00e9 respons\u00e1vel pela distribui\u00e7\u00e3o de energia em alguns estados do Norte e Nordeste, a entrega \u00e0 iniciativa privada daria aos controladores acesso ao territ\u00f3rio da Amaz\u00f4nia, pondera Cervinski.<\/p>\n<p>Ele ainda condena o fato de que o valor de venda da empresa estipulado pelo governo \u00e9 muito abaixo de seu valor de mercado.<\/p>\n<p>\u201cEles querem vender por R$ 20 bilh\u00f5es. Para se ter uma ideia, uma usina, a de Jirau, custou R$ 19 bilh\u00f5es e tem 3750 megawatts. A Eletrobras tem 47 mil megawatts. \u00c9 s\u00f3 8% do que ela vale\u201d, finaliza.<\/p>\n<p>Edi\u00e7\u00e3o: Camila Rodrigues da Silva<\/p>\n<p>Ilustra\u00e7\u00e3o: Entrega \u00e0 iniciativa privada representar\u00e1 aumento de at\u00e9 20% na conta de luz. Ag\u00eancia Brasil<\/p>\n<p>https:\/\/www.brasildefato.com.br\/2017\/09\/15\/privatizacao-ira-gerar-novo-apagao-dizem-entidades\/<\/p>\n","protected":false},"excerpt":{"rendered":"<a class=\"moretag\" href=\"https:\/\/pcb.org.br\/portal2\/16164\"> <\/a>","protected":false},"author":1,"featured_media":0,"comment_status":"closed","ping_status":"closed","sticky":false,"template":"","format":"standard","meta":{"jetpack_post_was_ever_published":false,"_jetpack_newsletter_access":"","_jetpack_dont_email_post_to_subs":false,"_jetpack_newsletter_tier_id":0,"_jetpack_memberships_contains_paywalled_content":false,"_jetpack_memberships_contains_paid_content":false,"footnotes":"","jetpack_publicize_message":"","jetpack_publicize_feature_enabled":true,"jetpack_social_post_already_shared":true,"jetpack_social_options":{"image_generator_settings":{"template":"highway","default_image_id":0,"font":"","enabled":false},"version":2}},"categories":[190,105],"tags":[224],"class_list":["post-16164","post","type-post","status-publish","format-standard","hentry","category-fora-temer","category-c118-privatizacao","tag-3b"],"jetpack_publicize_connections":[],"jetpack_featured_media_url":"","jetpack_shortlink":"https:\/\/wp.me\/p659gw-4cI","jetpack-related-posts":[],"jetpack_likes_enabled":true,"jetpack_sharing_enabled":true,"_links":{"self":[{"href":"https:\/\/pcb.org.br\/portal2\/wp-json\/wp\/v2\/posts\/16164","targetHints":{"allow":["GET"]}}],"collection":[{"href":"https:\/\/pcb.org.br\/portal2\/wp-json\/wp\/v2\/posts"}],"about":[{"href":"https:\/\/pcb.org.br\/portal2\/wp-json\/wp\/v2\/types\/post"}],"author":[{"embeddable":true,"href":"https:\/\/pcb.org.br\/portal2\/wp-json\/wp\/v2\/users\/1"}],"replies":[{"embeddable":true,"href":"https:\/\/pcb.org.br\/portal2\/wp-json\/wp\/v2\/comments?post=16164"}],"version-history":[{"count":0,"href":"https:\/\/pcb.org.br\/portal2\/wp-json\/wp\/v2\/posts\/16164\/revisions"}],"wp:attachment":[{"href":"https:\/\/pcb.org.br\/portal2\/wp-json\/wp\/v2\/media?parent=16164"}],"wp:term":[{"taxonomy":"category","embeddable":true,"href":"https:\/\/pcb.org.br\/portal2\/wp-json\/wp\/v2\/categories?post=16164"},{"taxonomy":"post_tag","embeddable":true,"href":"https:\/\/pcb.org.br\/portal2\/wp-json\/wp\/v2\/tags?post=16164"}],"curies":[{"name":"wp","href":"https:\/\/api.w.org\/{rel}","templated":true}]}}