{"id":16168,"date":"2017-09-16T14:56:18","date_gmt":"2017-09-16T17:56:18","guid":{"rendered":"https:\/\/pcb.org.br\/portal2\/?p=16168"},"modified":"2017-09-28T12:17:41","modified_gmt":"2017-09-28T15:17:41","slug":"mobilizacao-nacional-contra-o-massacre-aos-direitos-trabalhistas","status":"publish","type":"post","link":"https:\/\/pcb.org.br\/portal2\/16168","title":{"rendered":"Mobiliza\u00e7\u00e3o nacional contra o massacre aos direitos trabalhistas"},"content":{"rendered":"<p><img decoding=\"async\" class=\"imagem\" title=\"imagem\" src=\"https:\/\/i0.wp.com\/unidadeclassista.org.br\/uc1\/wp-content\/uploads\/2017\/09\/WhatsApp-Image-2017-09-14-at-19.55.27-800x450.jpeg\" alt=\"imagem\" \/><!--more-->UNIDADE CLASSISTA<\/p>\n<p>O dia 14 de setembro foi marcado, em diversas cidades do pa\u00eds, pela mobiliza\u00e7\u00e3o de trabalhadores de diferentes categorias, estudantes e movimentos populares contra o verdadeiro massacre que o governo Temer e o Congresso Nacional est\u00e3o desenvolvendo em rela\u00e7\u00e3o aos direitos trabalhistas previstos na Constitui\u00e7\u00e3o de 1988.<\/p>\n<p>A data foi articulada por segmentos de metal\u00fargicos, categoria que teve protagonismo no processo convoca\u00e7\u00e3o e realiza\u00e7\u00e3o das atividades. Todavia, outras categorias aderiram e ajudaram a construir o chamado. Ocorreram paralisa\u00e7\u00f5es, assembleias, atrasos na produ\u00e7\u00e3o e atos de rua.<\/p>\n<p>Mesmo ap\u00f3s o desmonte da greve geral de 30 de junho, promovido pelas c\u00fapulas sindicais pelegas, a classe trabalhadora demonstra a necessidade de retomar a mobiliza\u00e7\u00e3o nas bases para enfrentar as agress\u00f5es do capital, como as contrarreformas trabalhista e previdenci\u00e1ria.<\/p>\n<p>A Unidade Classista, como n\u00e3o poderia deixar de ser, esteve presente nesta luta e continuar\u00e1 firme na defesa dos interesses dos trabalhadores.<\/p>\n<blockquote data-secret=\"XHFkSkZqpM\" class=\"wp-embedded-content\"><p><a href=\"http:\/\/unidadeclassista.org.br\/uc1\/3064\">Mobiliza\u00e7\u00e3o nacional contra o massacre aos direitos trabalhistas<\/a><\/p><\/blockquote>\n<p><iframe loading=\"lazy\" class=\"wp-embedded-content\" sandbox=\"allow-scripts\" security=\"restricted\" style=\"position: absolute; clip: rect(1px, 1px, 1px, 1px);\" src=\"http:\/\/unidadeclassista.org.br\/uc1\/3064\/embed#?secret=XHFkSkZqpM\" data-secret=\"XHFkSkZqpM\" width=\"600\" height=\"338\" title=\"&#8220;Mobiliza\u00e7\u00e3o nacional contra o massacre aos direitos trabalhistas&#8221; &#8212; Unidade Classista\" frameborder=\"0\" marginwidth=\"0\" marginheight=\"0\" scrolling=\"no\"><\/iframe><\/p>\n","protected":false},"excerpt":{"rendered":"<a class=\"moretag\" href=\"https:\/\/pcb.org.br\/portal2\/16168\"> <\/a>","protected":false},"author":1,"featured_media":0,"comment_status":"closed","ping_status":"closed","sticky":false,"template":"","format":"standard","meta":{"jetpack_post_was_ever_published":false,"_jetpack_newsletter_access":"","_jetpack_dont_email_post_to_subs":false,"_jetpack_newsletter_tier_id":0,"_jetpack_memberships_contains_paywalled_content":false,"_jetpack_memberships_contains_paid_content":false,"footnotes":"","jetpack_publicize_message":"","jetpack_publicize_feature_enabled":true,"jetpack_social_post_already_shared":true,"jetpack_social_options":{"image_generator_settings":{"template":"highway","default_image_id":0,"font":"","enabled":false},"version":2}},"categories":[31],"tags":[],"class_list":["post-16168","post","type-post","status-publish","format-standard","hentry","category-c31-unidade-classista"],"jetpack_publicize_connections":[],"jetpack_featured_media_url":"","jetpack_shortlink":"https:\/\/wp.me\/p659gw-4cM","jetpack-related-posts":[],"jetpack_likes_enabled":true,"jetpack_sharing_enabled":true,"_links":{"self":[{"href":"https:\/\/pcb.org.br\/portal2\/wp-json\/wp\/v2\/posts\/16168","targetHints":{"allow":["GET"]}}],"collection":[{"href":"https:\/\/pcb.org.br\/portal2\/wp-json\/wp\/v2\/posts"}],"about":[{"href":"https:\/\/pcb.org.br\/portal2\/wp-json\/wp\/v2\/types\/post"}],"author":[{"embeddable":true,"href":"https:\/\/pcb.org.br\/portal2\/wp-json\/wp\/v2\/users\/1"}],"replies":[{"embeddable":true,"href":"https:\/\/pcb.org.br\/portal2\/wp-json\/wp\/v2\/comments?post=16168"}],"version-history":[{"count":0,"href":"https:\/\/pcb.org.br\/portal2\/wp-json\/wp\/v2\/posts\/16168\/revisions"}],"wp:attachment":[{"href":"https:\/\/pcb.org.br\/portal2\/wp-json\/wp\/v2\/media?parent=16168"}],"wp:term":[{"taxonomy":"category","embeddable":true,"href":"https:\/\/pcb.org.br\/portal2\/wp-json\/wp\/v2\/categories?post=16168"},{"taxonomy":"post_tag","embeddable":true,"href":"https:\/\/pcb.org.br\/portal2\/wp-json\/wp\/v2\/tags?post=16168"}],"curies":[{"name":"wp","href":"https:\/\/api.w.org\/{rel}","templated":true}]}}