{"id":16185,"date":"2017-09-17T14:34:53","date_gmt":"2017-09-17T17:34:53","guid":{"rendered":"https:\/\/pcb.org.br\/portal2\/?p=16185"},"modified":"2017-09-18T17:32:52","modified_gmt":"2017-09-18T20:32:52","slug":"homenagem-a-agostinho-neto-em-lugar-onde-se-proclamou-a-independencia-de-angola","status":"publish","type":"post","link":"https:\/\/pcb.org.br\/portal2\/16185","title":{"rendered":"Homenagem a Agostinho Neto em lugar onde se proclamou a independ\u00eancia de Angola"},"content":{"rendered":"<p><img decoding=\"async\" class=\"imagem\" title=\"imagem\" src=\"https:\/\/i0.wp.com\/gz.diarioliberdade.org\/media\/k2\/items\/cache\/0e7a1617dfa812cd567e5de004bae3fc_L.jpg\" alt=\"imagem\" \/><!--more-->A VII edi\u00e7\u00e3o do FestiNeto, em homenagem ao primeiro presidente angolano Antonio Agostinho Neto, come\u00e7ou no dia 15\/09, no palco onde se proclamou a independ\u00eancia do pa\u00eds h\u00e1 quase 42 anos.<\/p>\n<p>Mar\u00eda Eugenia Neto, a vi\u00fava do Her\u00f3i Nacional e presidenta da Funda\u00e7\u00e3o Antonio Agostinho Neto, destacou que o parque da Independ\u00eancia &#8211; sede at\u00e9 o domingo da feira &#8211; tem mem\u00f3ria e dela brotar\u00e1 o futuro.<\/p>\n<p>&#8220;\u00c9 a primeira vez que o organizamos aqui&#8221;, exp\u00f4s Mar\u00eda Eugenia ao recordar que Neto proclamou a soberania do pa\u00eds na noite do 11 de novembro de 1975 a uns passos do parque.<\/p>\n<p>&#8220;Esperamos que seja conseguida a exposi\u00e7\u00e3o de todo tipo de cultura&#8221;, acrescentou em alus\u00e3o ao programa de a\u00e7\u00f5es que inclui apresenta\u00e7\u00f5es de livros, de grupos de dan\u00e7a e a venda de artesanatos como parte das celebra\u00e7\u00f5es pelos 95 anos do nascimento do pai da p\u00e1tria angolana.<\/p>\n<p>A embaixadora da Namibia aqui, Claudia Uushona, qualificou de gratificante o fato de os jovens poderem conhecer do passado, dos sacrif\u00edcios de seus povos para conseguir a liberta\u00e7\u00e3o.<\/p>\n<p>O conselheiro da embaixada de Havana em Luanda, Ernesto Purgar\u00f3n, destacou as diversas facetas do m\u00e9dico, poeta e estadista, al\u00e9m de seu g\u00eanio diplom\u00e1tico.<\/p>\n<p>No dia 16\/09 houve uma apresenta\u00e7\u00e3o internacional de gastronomia e cultura, na qual participaram duas dezenas de embaixadas, cujos representantes exibiram o melhor de seu culin\u00e1ria em sess\u00f5es de degusta\u00e7\u00e3o, com apresenta\u00e7\u00e3o de trajes t\u00edpicos e outras manifesta\u00e7\u00f5es t\u00edpicas de seus pa\u00edses.<\/p>\n<p>Haver\u00e1 ainda competi\u00e7\u00f5es esportivas. Espera-se, para o dia 29, a entrega do pr\u00eamio liter\u00e1rio Sagrada Esperan\u00e7a, que acontecer\u00e1 no Memorial Doutor Antonio Agostinho Neto.<\/p>\n<p>Agostinho Neto morreu em 10 de setembro de 1979 em Moscou, quando era submetido a uma opera\u00e7\u00e3o cir\u00fargica. Sua morte provocou uma onda de dor entre os angolanos, que, menos de quatro anos antes, haviam conquistado a independ\u00eancia de Portugal.<\/p>\n<p>Ilustra\u00e7\u00e3o: Monumento \u00e0 Agostinho Neto em Luanda. Foto: wilsonbentos\/Flickr (CC BY-NC-ND 2.0)<\/p>\n<p>http:\/\/prensalatina.com.br\/index.php?o=rn&#038;id=10862&#038;SEO=homenagem-a-neto-em-lugar-onde-se-proclamou-a-independencia-de-angola<\/p>\n","protected":false},"excerpt":{"rendered":"<a class=\"moretag\" href=\"https:\/\/pcb.org.br\/portal2\/16185\"> <\/a>","protected":false},"author":1,"featured_media":0,"comment_status":"closed","ping_status":"closed","sticky":false,"template":"","format":"standard","meta":{"jetpack_post_was_ever_published":false,"_jetpack_newsletter_access":"","_jetpack_dont_email_post_to_subs":false,"_jetpack_newsletter_tier_id":0,"_jetpack_memberships_contains_paywalled_content":false,"_jetpack_memberships_contains_paid_content":false,"footnotes":"","jetpack_publicize_message":"","jetpack_publicize_feature_enabled":true,"jetpack_social_post_already_shared":true,"jetpack_social_options":{"image_generator_settings":{"template":"highway","default_image_id":0,"font":"","enabled":false},"version":2}},"categories":[177,50],"tags":[],"class_list":["post-16185","post","type-post","status-publish","format-standard","hentry","category-africa","category-c61-cultura-revolucionaria"],"jetpack_publicize_connections":[],"jetpack_featured_media_url":"","jetpack_shortlink":"https:\/\/wp.me\/p659gw-4d3","jetpack-related-posts":[],"jetpack_likes_enabled":true,"jetpack_sharing_enabled":true,"_links":{"self":[{"href":"https:\/\/pcb.org.br\/portal2\/wp-json\/wp\/v2\/posts\/16185","targetHints":{"allow":["GET"]}}],"collection":[{"href":"https:\/\/pcb.org.br\/portal2\/wp-json\/wp\/v2\/posts"}],"about":[{"href":"https:\/\/pcb.org.br\/portal2\/wp-json\/wp\/v2\/types\/post"}],"author":[{"embeddable":true,"href":"https:\/\/pcb.org.br\/portal2\/wp-json\/wp\/v2\/users\/1"}],"replies":[{"embeddable":true,"href":"https:\/\/pcb.org.br\/portal2\/wp-json\/wp\/v2\/comments?post=16185"}],"version-history":[{"count":0,"href":"https:\/\/pcb.org.br\/portal2\/wp-json\/wp\/v2\/posts\/16185\/revisions"}],"wp:attachment":[{"href":"https:\/\/pcb.org.br\/portal2\/wp-json\/wp\/v2\/media?parent=16185"}],"wp:term":[{"taxonomy":"category","embeddable":true,"href":"https:\/\/pcb.org.br\/portal2\/wp-json\/wp\/v2\/categories?post=16185"},{"taxonomy":"post_tag","embeddable":true,"href":"https:\/\/pcb.org.br\/portal2\/wp-json\/wp\/v2\/tags?post=16185"}],"curies":[{"name":"wp","href":"https:\/\/api.w.org\/{rel}","templated":true}]}}