{"id":16235,"date":"2017-09-20T13:05:04","date_gmt":"2017-09-20T16:05:04","guid":{"rendered":"https:\/\/pcb.org.br\/portal2\/?p=16235"},"modified":"2017-09-20T13:05:04","modified_gmt":"2017-09-20T16:05:04","slug":"farc-o-novo-partido-em-construcao","status":"publish","type":"post","link":"https:\/\/pcb.org.br\/portal2\/16235","title":{"rendered":"FARC: o novo partido em constru\u00e7\u00e3o"},"content":{"rendered":"<p><img decoding=\"async\" class=\"imagem\" title=\"imagem\" src=\"https:\/\/cdn-images.rtp.pt\/icm\/noticias\/images\/27\/279775090b295fd14e953a3673707b9b?860&amp;rect=0,247,1500,822&amp;w=860\" alt=\"imagem\" \/><!--more-->No dia 15 de setembro, se reuniu em Bogot\u00e1, D. C., o Conselho Pol\u00edtico Nacional da For\u00e7a Alternativa Revolucion\u00e1ria do Comum (FARC), com o prop\u00f3sito de analisar a conjuntura pol\u00edtica e econ\u00f4mica do pa\u00eds e avan\u00e7ar na coloca\u00e7\u00e3o em marcha das conclus\u00f5es de nosso Congresso, realizado recentemente. A reuni\u00e3o se levou a cabo dentro do maior esp\u00edrito de camaradagem, fraternidade, unidade interna e desejo de acerto e coincid\u00eancia a respeito das tarefas que nos esperam.<\/p>\n<p>1 \u2013 A an\u00e1lise da conjuntura pol\u00edtica, econ\u00f4mica e social permitiu reafirmar o j\u00e1 assinalado em nossos documentos partid\u00e1rios e particularmente o discutido e conclu\u00eddo durante o Congresso Fundacional. Nos encontramos diante de uma situa\u00e7\u00e3o excepcional, na qual existem condi\u00e7\u00f5es para que se possa abrir caminho para uma alternativa pol\u00edtica frente \u00e0s m\u00faltiplas express\u00f5es da crise nacional. A corros\u00e3o da ordem existente \u00e9 protuberante em todas as formas de organiza\u00e7\u00e3o do poder. O governo iniciou sua fase final em meio a uma manifesta debilidade: o desprest\u00edgio do Legislativo, da classe pol\u00edtica e dos partidos supera os n\u00edveis hist\u00f3ricos; a administra\u00e7\u00e3o da justi\u00e7a atravessa a mais vergonhosa de suas crises. A corrup\u00e7\u00e3o impera sem consequ\u00eancias, para al\u00e9m do espet\u00e1culo midi\u00e1tico. A tudo isso se acrescenta uma cr\u00edtica situa\u00e7\u00e3o da economia, que al\u00e9m de gerar impactos negativos sobre a situa\u00e7\u00e3o de trabalho e ingressos da popula\u00e7\u00e3o, mostra os limites do modelo econ\u00f4mico do extrativismo neoliberal. O or\u00e7amento p\u00fablico d\u00e1 conta de como os esfor\u00e7os fiscais impostos \u00e0s pessoas comuns continuam sendo gastos para pagar a d\u00edvidas e sustentar um n\u00edvel de gasto em seguran\u00e7a e defesa n\u00e3o compat\u00edvel com as perspectivas da paz. No entanto, a sa\u00fade e a educa\u00e7\u00e3o, os servi\u00e7os p\u00fablicos e outras obriga\u00e7\u00f5es sociais do Estado, brilham, por\u00e9m pela aus\u00eancia de recursos. Uma alternativa pol\u00edtica frente a essa insustent\u00e1vel situa\u00e7\u00e3o, mais que uma possibilidade, se converteu em uma necessidade de cara ao bem-estar e bem viver dos humildes e despossu\u00eddos. O Conselho Pol\u00edtico acordou empenhar os esfor\u00e7os poss\u00edveis para contribuir em processos de unidade voltados para o prop\u00f3sito comum de constru\u00e7\u00e3o de uma alternativa pol\u00edtica.<\/p>\n<p>2 \u2013 As mensagens profundas que nos enviaram o Papa Francisco constituem um apoio a todos os esfor\u00e7os coletivos e individuais para levar adiante essa oportunidade hist\u00f3rica que nos oferece o processo de paz: tornar realidade os prop\u00f3sitos de reconcilia\u00e7\u00e3o em meio a persist\u00eancia do conflito social e materializar as aspira\u00e7\u00f5es das v\u00edtimas do conflito. As sementes semeadas pelo Papa contribuir\u00e3o, sem d\u00favida, com a transforma\u00e7\u00e3o cultural de alcance geracional, que permita virar de maneira definitiva a p\u00e1gina da guerra e transitar pelos caminhos da justi\u00e7a social. O acordo de cessar-fogo bilateral entre o ELN e o Governo \u00e9 seguido por n\u00f3s com todo nosso apoio e simpatia, \u00e0 espera de que possa se transformar em cessar-fogo indefinido e de que se possam produzir avan\u00e7os significativos na agenda de di\u00e1logos e negocia\u00e7\u00f5es de Quito. Estamos absolutamente convencidos da necessidade da paz completa, pelo bem de nosso povo. Tamb\u00e9m valorizamos tudo o que se pode fazer para superar express\u00f5es organizadas de viol\u00eancia criminal e paramilitar.<\/p>\n<p>3 \u2013 Advertimos com preocupa\u00e7\u00e3o a persist\u00eancia no tratamento violento e repressivo do protesto social, tal e como se advertiu nas greves mineradoras, nos protestos de cultivadores de coca e outras lutas sociais. E chamamos a aten\u00e7\u00e3o sobre o fato de que tais pr\u00e1ticas se estendem ainda mais, pois \u00e9 evidente que o modelo econ\u00f4mico imperante \u00e9 uma fonte incessante da ativa\u00e7\u00e3o de conflitos pelo territ\u00f3rio, particularmente pela viola\u00e7\u00e3o dos direitos das comunidades. Faremos parte dessas lutas e as apoiaremos com toda nossa capacidade, incluindo as necess\u00e1rias para enfrentar o cont\u00ednuo assassinato de l\u00edderes sociais. Repudiamos toda tentativa de retroceder o pa\u00eds \u00e0 fracassada pol\u00edtica antidrogas de interdi\u00e7\u00e3o e aspers\u00e3o a\u00e9rea e insistimos na necessidade de uma Confer\u00eancia Internacional para aproximar crit\u00e9rios para uma pol\u00edtica global que comprometa pa\u00edses produtores e consumidores.<\/p>\n<p>4 \u2013 Chamamos a aten\u00e7\u00e3o da sociedade colombiana sobre o dram\u00e1tico estado da implanta\u00e7\u00e3o dos acordos. Frente a nosso cumprimento de todo o acordado, consideramos que o Estado n\u00e3o teve a estatura hist\u00f3rica necess\u00e1ria para responder reciprocamente. Em muitos aspectos da implanta\u00e7\u00e3o normativa \u00e9 evidente a inten\u00e7\u00e3o do estabelecimento de \u201cenganar\u201d os acordos e de fechar os caminhos para as m\u00ednimas reformas. O que n\u00e3o avan\u00e7ar, constituir\u00e1 para n\u00f3s uma refer\u00eancia para nossas lutas; as reformas acordadas, mais cedo ou mais tarde, tornaremos realidade.<\/p>\n<p>5 \u2013 Inquietudes mai\u00fasculas nos gera o processo de reincorpora\u00e7\u00e3o, dada sua situa\u00e7\u00e3o atual. N\u00e3o vemos um governo em cuja perspectiva se encontre contribuir para uma reincorpora\u00e7\u00e3o coletiva exitosa; parece que o que mais lhe interessa \u00e9 uma r\u00e1pida desintegra\u00e7\u00e3o do que foi nossa comunidade guerrilheira, sem medir as consequ\u00eancias em m\u00faltiplos sentidos desse proceder. A mesquinhez governamental se evidencia na pretens\u00e3o de reduzir a reincorpora\u00e7\u00e3o ao pagamento de algumas presta\u00e7\u00f5es ou subs\u00eddios individuais, que n\u00e3o s\u00e3o mais que paliativos transit\u00f3rios. A perspectiva de consolidar economias estatais pr\u00f3prias, pela via dos projetos produtivos de natureza coletiva, se nega ao construir-se uma barreira contra a adjudica\u00e7\u00e3o de terras aos hoje camponeses e camponesas, que fizeram parte das FARC-EP. Sem terra n\u00e3o existir\u00e1 possibilidade alguma de reincorpora\u00e7\u00e3o exitosa. Fazemos um chamado ao bom senso e ao apoio urgente da comunidade internacional para abra\u00e7ar a reincorpora\u00e7\u00e3o e fazer dela um processo exitoso para o bem da paz da Col\u00f4mbia.<\/p>\n<p>6 \u2013 Repudiamos a campanha sistem\u00e1tica de desinforma\u00e7\u00e3o e desprest\u00edgio contra nosso nascente partido. Chamamos o bom senso e o discernimento, e sobretudo uma a\u00e7\u00e3o comunicativa bem informada e documentada; Tal campanha, naturalmente, \u00e9 por n\u00f3s compreendida como parte das caracter\u00edsticas da contenda pol\u00edtica, mais ainda quando os fatos de decomposi\u00e7\u00e3o pol\u00edtica, social e moral do pa\u00eds abrem o espa\u00e7o para uma verdadeira alternativa pol\u00edtica. Por\u00e9m, quando assume as caracter\u00edsticas da orquestra\u00e7\u00e3o calculada que faz a Procuradoria Geral da Na\u00e7\u00e3o, junto com outras for\u00e7as da direita e da ultradireita, consideramos que na realidade o que est\u00e1 em curso \u00e9 o prop\u00f3sito de desconhecer os acordos de Havana e de estimular o descumprimento do acordado.<\/p>\n<p>7 \u2013 Nestas complexas condi\u00e7\u00f5es, por\u00e9m cheias de sonhos e esperan\u00e7as por uma nova Col\u00f4mbia, temos a dif\u00edcil tarefa da constru\u00e7\u00e3o partid\u00e1ria, processo nada f\u00e1cil, tratando-se de uma for\u00e7a como a nossa, que em um tempo extremamente breve teve que levar adiante as mais diversas tarefas e explica-las ao pa\u00eds e a nossa milit\u00e2ncia sobre sua atua\u00e7\u00e3o. Esse processo, visto em seu conjunto, esteve repleto de acertos; tamb\u00e9m teve seus desacertos; incorremos em erros. Por\u00e9m, sempre o fizemos com a melhor dos prop\u00f3sitos; atendendo o princ\u00edpio do debate democr\u00e1tico e da decis\u00e3o coletiva. A din\u00e2mica impar\u00e1vel dos acontecimentos provavelmente impediu fazer os balan\u00e7os com o tempo e as formas que nos foram pr\u00f3prias e isso abriu o espa\u00e7o para a maior delibera\u00e7\u00e3o, com efeitos n\u00e3o calculados, quando as diferen\u00e7as n\u00e3o se resolvem e, sobretudo, quando se transcende \u00e0 esfera p\u00fablica e nesta se produz adicionalmente a interven\u00e7\u00e3o de terceiros com tergiversa\u00e7\u00f5es e m\u00e1s interpreta\u00e7\u00f5es, chegando inclusive a gerar situa\u00e7\u00f5es indesej\u00e1veis.<\/p>\n<p>O balan\u00e7o preliminar realizado pelo Conselho Pol\u00edtico Nacional permite afirmar que n\u00e3o existe amea\u00e7a estrutural da unidade do Partido; que o Partido est\u00e1 comprometido em seu conjunto com as decis\u00f5es emanadas do Congresso quanto a suas conclus\u00f5es pol\u00edticas e seu corpo dirigente, inclu\u00edda a Presid\u00eancia de Timole\u00f3n Jim\u00e9nez e a Assessoria Pol\u00edtica de Iv\u00e1n M\u00e1rquez. Assim, insistir na necessidade de fazer valer os princ\u00edpios organizativos que nos foram pr\u00f3prios para o tratamento e o tr\u00e2mite das diferen\u00e7as, para o qual se habilitar\u00e1 por parte do Conselho Pol\u00edtico e, com a maior brevidade, em um espa\u00e7o para a mais ampla discuss\u00e3o acerca das diferen\u00e7as entre aqueles que podem ser considerados diretamente interessados, com o prop\u00f3sito d\u00e1-las como superadas de forma definitiva. Insistiu-se na necessidade de formular um protocolo sobre a informa\u00e7\u00e3o e a comunica\u00e7\u00e3o partid\u00e1rias, particularmente quando as redes sociais est\u00e3o envolvidas. Fez-se um chamado para cerrar fileiras contra qualquer express\u00e3o que possa afetar a harmonia e as rela\u00e7\u00f5es fraternas, al\u00e9m de afetar as tarefas hist\u00f3ricas com as quais estamos comprometidos.<\/p>\n<p>8 \u2013 O Conselho Pol\u00edtico exortou continuar com o processo de organiza\u00e7\u00e3o do Partido, que em sua fase inicial compreende a identifica\u00e7\u00e3o real de nossa milit\u00e2ncia ap\u00f3s a realiza\u00e7\u00e3o do Congresso. Esse processo de identifica\u00e7\u00e3o deve conduzir \u00e0 defini\u00e7\u00e3o de uma proposta preliminar de estrutura partid\u00e1ria, concordante com as necessidades da estrat\u00e9gia pol\u00edtica. J\u00e1 come\u00e7amos nosso trabalho nessa dire\u00e7\u00e3o.<\/p>\n<p>9 \u2013 Informa-se que os documentos para a obten\u00e7\u00e3o da pessoa jur\u00eddica do Partido est\u00e3o em sua \u00faltima revis\u00e3o por parte de especialistas e que se decidiu publicar em um s\u00f3 corpo os documentos do Congresso.<\/p>\n<p>Bogot\u00e1, 15 de setembro de 2017.<\/p>\n<p>Tradu\u00e7\u00e3o: Partido Comunista Brasileiro (PCB)<\/p>\n","protected":false},"excerpt":{"rendered":"<a class=\"moretag\" href=\"https:\/\/pcb.org.br\/portal2\/16235\"> <\/a>","protected":false},"author":1,"featured_media":0,"comment_status":"closed","ping_status":"closed","sticky":false,"template":"","format":"standard","meta":{"jetpack_post_was_ever_published":false,"_jetpack_newsletter_access":"","_jetpack_dont_email_post_to_subs":false,"_jetpack_newsletter_tier_id":0,"_jetpack_memberships_contains_paywalled_content":false,"_jetpack_memberships_contains_paid_content":false,"footnotes":"","jetpack_publicize_message":"","jetpack_publicize_feature_enabled":true,"jetpack_social_post_already_shared":true,"jetpack_social_options":{"image_generator_settings":{"template":"highway","default_image_id":0,"font":"","enabled":false},"version":2}},"categories":[34],"tags":[233],"class_list":["post-16235","post","type-post","status-publish","format-standard","hentry","category-c39-colombia","tag-6a"],"jetpack_publicize_connections":[],"jetpack_featured_media_url":"","jetpack_shortlink":"https:\/\/wp.me\/p659gw-4dR","jetpack-related-posts":[],"jetpack_likes_enabled":true,"jetpack_sharing_enabled":true,"_links":{"self":[{"href":"https:\/\/pcb.org.br\/portal2\/wp-json\/wp\/v2\/posts\/16235","targetHints":{"allow":["GET"]}}],"collection":[{"href":"https:\/\/pcb.org.br\/portal2\/wp-json\/wp\/v2\/posts"}],"about":[{"href":"https:\/\/pcb.org.br\/portal2\/wp-json\/wp\/v2\/types\/post"}],"author":[{"embeddable":true,"href":"https:\/\/pcb.org.br\/portal2\/wp-json\/wp\/v2\/users\/1"}],"replies":[{"embeddable":true,"href":"https:\/\/pcb.org.br\/portal2\/wp-json\/wp\/v2\/comments?post=16235"}],"version-history":[{"count":0,"href":"https:\/\/pcb.org.br\/portal2\/wp-json\/wp\/v2\/posts\/16235\/revisions"}],"wp:attachment":[{"href":"https:\/\/pcb.org.br\/portal2\/wp-json\/wp\/v2\/media?parent=16235"}],"wp:term":[{"taxonomy":"category","embeddable":true,"href":"https:\/\/pcb.org.br\/portal2\/wp-json\/wp\/v2\/categories?post=16235"},{"taxonomy":"post_tag","embeddable":true,"href":"https:\/\/pcb.org.br\/portal2\/wp-json\/wp\/v2\/tags?post=16235"}],"curies":[{"name":"wp","href":"https:\/\/api.w.org\/{rel}","templated":true}]}}