{"id":16260,"date":"2017-09-21T14:50:19","date_gmt":"2017-09-21T17:50:19","guid":{"rendered":"https:\/\/pcb.org.br\/portal2\/?p=16260"},"modified":"2017-09-21T14:50:19","modified_gmt":"2017-09-21T17:50:19","slug":"privatizacao-da-eletrobras-causara-perdas-para-a-populacao-brasileira","status":"publish","type":"post","link":"https:\/\/pcb.org.br\/portal2\/16260","title":{"rendered":"Privatiza\u00e7\u00e3o da Eletrobras causar\u00e1 perdas para a popula\u00e7\u00e3o brasileira"},"content":{"rendered":"<p><img data-recalc-dims=\"1\" decoding=\"async\" class=\"imagem\" title=\"imagem\" src=\"https:\/\/i0.wp.com\/farm5.staticflickr.com\/4414\/37177384192_1bec5d03db_z.jpg?w=747&#038;ssl=1\" alt=\"imagem\" \/><!--more-->Pol\u00edtica de desestatiza\u00e7\u00e3o adotada no Brasil vai na contram\u00e3o da perspectiva de pa\u00edses europeus<\/p>\n<p>por Jaqueline Deister<\/p>\n<p>A privatiza\u00e7\u00e3o da Eletrobras, colocada em marcha pelo governo golpista de Michel Temer, com a justificativa de tornar a empresa eficiente e competitiva no mercado, n\u00e3o vai trazer benef\u00edcios para a popula\u00e7\u00e3o. \u00c9 essa a conclus\u00e3o de diversos especialistas em \u00e1gua e energia.<\/p>\n<p>Para Gilberto Cervinski, da coordena\u00e7\u00e3o nacional do Movimento dos Atingidos por Barragens (MAB), o brasileiro sentir\u00e1 no bolso o pre\u00e7o da privatiza\u00e7\u00e3o.<\/p>\n<p>\u201cO pre\u00e7o da luz vai explodir para a popula\u00e7\u00e3o brasileira. Essa energia dessas hidrel\u00e9tricas s\u00e3o as mais baratas do Brasil, n\u00e3o tem nenhuma empresa privada que venda energia t\u00e3o barata quanto essas hidrel\u00e9tricas. Provavelmente, num futuro pr\u00f3ximo, poder\u00e3o ocorrer apag\u00f5es e a qualidade de energia vai diminuir, porque as empresas privadas n\u00e3o investem para a melhoria do setor, elas apenas querem o m\u00e1ximo de lucro\u201d, afirma Cervinski.<\/p>\n<p>O MAB realiza no Rio de Janeiro, de 1\u00ba a 5 de outubro, um encontro nacional, que deve reunir mais de 3 mil pessoas. A privatiza\u00e7\u00e3o da Eletrobras e as formas de resist\u00eancia aos planos do governo federal est\u00e3o entre os principais temas do evento.<\/p>\n<p>A gravidade da situa\u00e7\u00e3o apontada pelo coordenador nacional do MAB tamb\u00e9m \u00e9 destacada pelo Departamento Intersindical de Estat\u00edstica e Estudos Socioecon\u00f4micos, o DIEESE, que elaborou dois estudos sobre a privatiza\u00e7\u00e3o no setor de saneamento e energia. Gustavo Teixeira, t\u00e9cnico da institui\u00e7\u00e3o, aponta que a pol\u00edtica de desestatiza\u00e7\u00e3o adotada no Brasil vai na contram\u00e3o da perspectiva de pa\u00edses europeus.<\/p>\n<p>\u201cEm v\u00e1rios pa\u00edses da Europa e dos Estados Unidos est\u00e1 tendo um processo de reestatiza\u00e7\u00e3o dos servi\u00e7os p\u00fablicos, servi\u00e7o de \u00e1gua e saneamento b\u00e1sico e tamb\u00e9m do setor el\u00e9trico. No caso do setor el\u00e9trico, a gente mostra que em v\u00e1rios pa\u00edses da Europa, como Alemanha e Fran\u00e7a, o setor de distribui\u00e7\u00e3o \u00e9 majoritariamente estatal. Muitos pa\u00edses tem considerado que o setor de \u00e1gua e el\u00e9trico s\u00e3o estrat\u00e9gicos e precisam de um controle social maior&#8221;, ressalta Teixeira.<\/p>\n<p>Outra quest\u00e3o preocupante, segundo os especialistas, est\u00e1 na possibilidade de aumento dos acidentes de trabalho. No Brasil, a privatiza\u00e7\u00e3o do setor de distribui\u00e7\u00e3o de energia na d\u00e9cada de 90 aumentou a terceiriza\u00e7\u00e3o, e, consequentemente, o n\u00famero de acidentes.<\/p>\n<p>Os planos de privatiza\u00e7\u00e3o da Eletrobras foram divulgados pelo Minist\u00e9rio de Minas e Energia no m\u00eas de agosto. A empresa \u00e9 respons\u00e1vel pela distribui\u00e7\u00e3o de energia para mais de 12 milh\u00f5es de brasileiros, possui 47 hidrel\u00e9tricas e mais de 70 mil quil\u00f4metros de linhas de transmiss\u00e3o no territ\u00f3rio nacional.<\/p>\n<p>Edi\u00e7\u00e3o: Raquel J\u00fania<\/p>\n<p>Ilustra\u00e7\u00e3o: A Eletrobras \u00e9 a maior empresa de transmiss\u00e3o de energia do pa\u00eds. Marcelo Casal Jr &#8211; Ag\u00eancia Brasil.<\/p>\n<p>https:\/\/www.brasildefato.com.br\/2017\/09\/20\/privatizacao-da-eletrobras-causara-perdas-para-a-populacao-brasileira\/<\/p>\n","protected":false},"excerpt":{"rendered":"<a class=\"moretag\" href=\"https:\/\/pcb.org.br\/portal2\/16260\"> <\/a>","protected":false},"author":1,"featured_media":0,"comment_status":"closed","ping_status":"closed","sticky":false,"template":"","format":"standard","meta":{"jetpack_post_was_ever_published":false,"_jetpack_newsletter_access":"","_jetpack_dont_email_post_to_subs":false,"_jetpack_newsletter_tier_id":0,"_jetpack_memberships_contains_paywalled_content":false,"_jetpack_memberships_contains_paid_content":false,"footnotes":"","jetpack_publicize_message":"","jetpack_publicize_feature_enabled":true,"jetpack_social_post_already_shared":true,"jetpack_social_options":{"image_generator_settings":{"template":"highway","default_image_id":0,"font":"","enabled":false},"version":2}},"categories":[190,105],"tags":[227],"class_list":["post-16260","post","type-post","status-publish","format-standard","hentry","category-fora-temer","category-c118-privatizacao","tag-5a"],"jetpack_publicize_connections":[],"jetpack_featured_media_url":"","jetpack_shortlink":"https:\/\/wp.me\/p659gw-4eg","jetpack-related-posts":[],"jetpack_likes_enabled":true,"jetpack_sharing_enabled":true,"_links":{"self":[{"href":"https:\/\/pcb.org.br\/portal2\/wp-json\/wp\/v2\/posts\/16260","targetHints":{"allow":["GET"]}}],"collection":[{"href":"https:\/\/pcb.org.br\/portal2\/wp-json\/wp\/v2\/posts"}],"about":[{"href":"https:\/\/pcb.org.br\/portal2\/wp-json\/wp\/v2\/types\/post"}],"author":[{"embeddable":true,"href":"https:\/\/pcb.org.br\/portal2\/wp-json\/wp\/v2\/users\/1"}],"replies":[{"embeddable":true,"href":"https:\/\/pcb.org.br\/portal2\/wp-json\/wp\/v2\/comments?post=16260"}],"version-history":[{"count":0,"href":"https:\/\/pcb.org.br\/portal2\/wp-json\/wp\/v2\/posts\/16260\/revisions"}],"wp:attachment":[{"href":"https:\/\/pcb.org.br\/portal2\/wp-json\/wp\/v2\/media?parent=16260"}],"wp:term":[{"taxonomy":"category","embeddable":true,"href":"https:\/\/pcb.org.br\/portal2\/wp-json\/wp\/v2\/categories?post=16260"},{"taxonomy":"post_tag","embeddable":true,"href":"https:\/\/pcb.org.br\/portal2\/wp-json\/wp\/v2\/tags?post=16260"}],"curies":[{"name":"wp","href":"https:\/\/api.w.org\/{rel}","templated":true}]}}