{"id":16275,"date":"2017-09-23T13:54:49","date_gmt":"2017-09-23T16:54:49","guid":{"rendered":"https:\/\/pcb.org.br\/portal2\/?p=16275"},"modified":"2017-09-24T20:01:21","modified_gmt":"2017-09-24T23:01:21","slug":"o-brasil-entregue-ao-grande-capital","status":"publish","type":"post","link":"https:\/\/pcb.org.br\/portal2\/16275","title":{"rendered":"O Brasil entregue ao grande capital"},"content":{"rendered":"<p><img data-recalc-dims=\"1\" decoding=\"async\" class=\"imagem\" title=\"imagem\" src=\"https:\/\/i0.wp.com\/1.bp.blogspot.com\/-KlNiWPv55o4\/VzX90-PkoPI\/AAAAAAAAGlU\/KFPEsUhhtuE_8VtFzRBKXXdmnzUUFZlrACLcB\/s1600\/temerposse4.jpg?w=747&#038;ssl=1\" alt=\"imagem\" \/><!--more--><strong>O verdadeiro motivo do golpe: <\/strong><strong>Temer entrega o pa\u00eds \u00e0s multinacionais<\/strong><\/p>\n<p>O PODER POPULAR N\u00ba 25 (SETEMBRO\/OUTUBRO DE 2017)<\/p>\n<p>Juntou a fome com a vontade de comer. A vers\u00e3o dominante do golpe que levou Temer \u00e0 Presid\u00eancia seria estancar a sangria das investiga\u00e7\u00f5es da Lava Jato. Em parte isso \u00e9 verdade, mas o que de fato motivou a Fiesp, a Rede Globo e demais setores da burguesia foi garantir e acelerar a entrega do pa\u00eds \u00e0s grandes corpora\u00e7\u00f5es, de acordo com os ditames do imperialismo.<\/p>\n<p>As rec\u00e9m anunciadas privatiza\u00e7\u00f5es da Eletrobr\u00e1s, da Transportadora Associada de G\u00e1s (TAG), pertencente a Petrobr\u00e1s, de mais 56 empresas estatais e o fim da Renca \u2013 Reserva Nacional de Cobre e Associados, situada entre o Par\u00e1 e o Amap\u00e1, al\u00e9m da entrega de outros cinco milh\u00f5es de hectares para as mineradoras e a privatiza\u00e7\u00e3o dos aqu\u00edferos Alter do Ch\u00e3o e Guarani (em estudos) fazem parte da pol\u00edtica do governo usurpador de privatizar todas as atividades econ\u00f4micas no pa\u00eds, repassando-as ao grande capital.<\/p>\n<p>Somam-se ainda as privatiza\u00e7\u00f5es dos campos de petr\u00f3leo do pr\u00e9-sal, da BR Distribuidora, o esvaziamento dos Correios e dos bancos p\u00fablicos, com fechamento de ag\u00eancias e postos de atendimento, o congelamento dos investimentos em educa\u00e7\u00e3o e sa\u00fade, as contrarreformas trabalhista e da Previd\u00eancia, as benesses ao sistema financeiro nacional e internacional.<\/p>\n<p><strong>\u00c9 a fase superior do capitalismo se apropriando a pre\u00e7o de banana das riquezas naturais, produtivas e sociais brasileiras, pr\u00e1tica que vem sendo implantada em diversos pa\u00edses h\u00e1 d\u00e9cadas.<\/strong><\/p>\n<p>At\u00e9 mesmo o dono de uma pequena mercearia gostaria de um \u201cneg\u00f3cio\u201d com demanda garantida, consumidores certos, portanto, lucros obtidos sem riscos.<\/p>\n<p><strong>Energia e recursos naturais<\/strong><\/p>\n<p>A Eletrobr\u00e1s \u00e9 respons\u00e1vel por 32% da capacidade instalada de gera\u00e7\u00e3o de energia e 47% das linhas de transmiss\u00e3o, segundo artigo da jornalista Rita Dias no <em>\u2018Brasil Debate\u2019<\/em>. Sua privatiza\u00e7\u00e3o representar\u00e1 a perda de controle sobre a energia el\u00e9trica no pa\u00eds.<\/p>\n<p>A Eletrobr\u00e1s \u00e9 uma empresa altamente lucrativa, com lucro de R$ 1,7 bilh\u00e3o no primeiro semestre deste ano e de R$ 3,4 bilh\u00f5es em 2016. Teve um per\u00edodo dif\u00edcil entre 2012 e 2015, mas seu hist\u00f3rico neste s\u00e9culo \u00e9 de lucro anual m\u00e9dio de R$ 2 bilh\u00f5es. O valor real da empresa seria da ordem de R$ 400 bilh\u00f5es, 20 vezes superior ao divulgado pelo governo, que se encontra em negocia\u00e7\u00f5es com a China \u2013 da\u00ed a visita do usurpador \u00e0quele pa\u00eds \u2013 para vend\u00ea-la.<\/p>\n<p>No caminho oposto, Fran\u00e7a, Canad\u00e1, EUA, Noruega, Su\u00e9cia, Dinamarca, Espanha, China, Jap\u00e3o, entre outros, mant\u00eam fortes empresas estatais nas \u00e1reas de gera\u00e7\u00e3o e distribui\u00e7\u00e3o de energia.<\/p>\n<p>Outra empresa a ser privatizada \u00e9 a Transportadora Associada de G\u00e1s (TAG), subsidi\u00e1ria da Petrobras, que transporta 75 milh\u00f5es de metros c\u00fabicos de g\u00e1s por dia e \u00e9 superavit\u00e1ria. Incluindo neste rol de privatiza\u00e7\u00f5es a Eletrobr\u00e1s, a BR Distribuidora e a n\u00e3o obrigatoriedade da participa\u00e7\u00e3o da Petrobr\u00e1s na explora\u00e7\u00e3o dos campos do pr\u00e9-sal, em breve o pa\u00eds se tornar\u00e1 ref\u00e9m das multinacionais na explora\u00e7\u00e3o, gera\u00e7\u00e3o e distribui\u00e7\u00e3o de energia e combust\u00edveis, setores estrat\u00e9gicos da economia.<\/p>\n<p><strong>Um crime de trai\u00e7\u00e3o, de lesa-p\u00e1tria.<\/strong><\/p>\n<p>Outro ataque do usurpador se manifestou no decreto de extin\u00e7\u00e3o da Renca, \u00e1rea de tamanho similar \u00e0 da Dinamarca ou do Esp\u00edrito Santo, em benef\u00edcio das mineradoras, em grande maioria multinacionais, em particular canadenses, que tinham conhecimento da iniciativa h\u00e1 meses. Os danos ambientais e sociais ser\u00e3o de dimens\u00f5es incomensur\u00e1veis. Al\u00e9m disso, tramitam no Congresso v\u00e1rios projetos de parlamentares da base do governo favor\u00e1veis a minera\u00e7\u00e3o em \u00e1reas de prote\u00e7\u00e3o ambiental.<\/p>\n<p>A bola da vez, ao que tudo indica, s\u00e3o as reservas de \u00e1gua pot\u00e1vel, j\u00e1 que o Brasil possui a maior reserva do mundo, cerca de 12% do total. Os aqu\u00edferos Alter do Ch\u00e3o e Guarani s\u00e3o a menina dos olhos das multinacionais, pois s\u00e3o os dois maiores reservat\u00f3rios de \u00e1gua do planeta.<\/p>\n","protected":false},"excerpt":{"rendered":"<a class=\"moretag\" href=\"https:\/\/pcb.org.br\/portal2\/16275\"> <\/a>","protected":false},"author":1,"featured_media":0,"comment_status":"closed","ping_status":"closed","sticky":false,"template":"","format":"standard","meta":{"jetpack_post_was_ever_published":false,"_jetpack_newsletter_access":"","_jetpack_dont_email_post_to_subs":false,"_jetpack_newsletter_tier_id":0,"_jetpack_memberships_contains_paywalled_content":false,"_jetpack_memberships_contains_paid_content":false,"footnotes":"","jetpack_publicize_message":"","jetpack_publicize_feature_enabled":true,"jetpack_social_post_already_shared":true,"jetpack_social_options":{"image_generator_settings":{"template":"highway","default_image_id":0,"font":"","enabled":false},"version":2}},"categories":[190,140],"tags":[219],"class_list":["post-16275","post","type-post","status-publish","format-standard","hentry","category-fora-temer","category-c140-jornal-o-poder-popular","tag-manchete"],"jetpack_publicize_connections":[],"jetpack_featured_media_url":"","jetpack_shortlink":"https:\/\/wp.me\/p659gw-4ev","jetpack-related-posts":[],"jetpack_likes_enabled":true,"jetpack_sharing_enabled":true,"_links":{"self":[{"href":"https:\/\/pcb.org.br\/portal2\/wp-json\/wp\/v2\/posts\/16275","targetHints":{"allow":["GET"]}}],"collection":[{"href":"https:\/\/pcb.org.br\/portal2\/wp-json\/wp\/v2\/posts"}],"about":[{"href":"https:\/\/pcb.org.br\/portal2\/wp-json\/wp\/v2\/types\/post"}],"author":[{"embeddable":true,"href":"https:\/\/pcb.org.br\/portal2\/wp-json\/wp\/v2\/users\/1"}],"replies":[{"embeddable":true,"href":"https:\/\/pcb.org.br\/portal2\/wp-json\/wp\/v2\/comments?post=16275"}],"version-history":[{"count":0,"href":"https:\/\/pcb.org.br\/portal2\/wp-json\/wp\/v2\/posts\/16275\/revisions"}],"wp:attachment":[{"href":"https:\/\/pcb.org.br\/portal2\/wp-json\/wp\/v2\/media?parent=16275"}],"wp:term":[{"taxonomy":"category","embeddable":true,"href":"https:\/\/pcb.org.br\/portal2\/wp-json\/wp\/v2\/categories?post=16275"},{"taxonomy":"post_tag","embeddable":true,"href":"https:\/\/pcb.org.br\/portal2\/wp-json\/wp\/v2\/tags?post=16275"}],"curies":[{"name":"wp","href":"https:\/\/api.w.org\/{rel}","templated":true}]}}