{"id":16286,"date":"2017-09-24T15:03:52","date_gmt":"2017-09-24T18:03:52","guid":{"rendered":"https:\/\/pcb.org.br\/portal2\/?p=16286"},"modified":"2017-09-24T18:02:10","modified_gmt":"2017-09-24T21:02:10","slug":"43o-festival-da-juventude-comunista-da-grecia","status":"publish","type":"post","link":"https:\/\/pcb.org.br\/portal2\/16286","title":{"rendered":"43\u00ba Festival da Juventude Comunista da Gr\u00e9cia"},"content":{"rendered":"<p><img data-recalc-dims=\"1\" decoding=\"async\" class=\"imagem\" title=\"imagem\" src=\"https:\/\/i0.wp.com\/c1.staticflickr.com\/5\/4356\/36482668124_2ed9576601_h.jpg?w=747&#038;ssl=1\" alt=\"imagem\" \/><!--more-->Boletim do KKE &#8211; 19.09.2017<\/p>\n<p><strong>&#8220;A OTAN, EUA e a Uni\u00e3o Europeia jamais garantir\u00e3o a \u201cpaz\u201d e a \u201cseguran\u00e7a\u201d nos B\u00e1lc\u00e3s&#8221;<\/strong><\/p>\n<p>Em dezenas de cidades da Gr\u00e9cia continuam os eventos pol\u00edticos e culturais do 43\u00b0 Festival da Juventude Comunista da Gr\u00e9cia (KNE) e de seu peri\u00f3dico \u201cOdigitis\u201d, que este ano est\u00e1 dedicado ao centen\u00e1rio da Revolu\u00e7\u00e3o de Outubro.<\/p>\n<p>De 13 a 16 de setembro ocorreram os eventos do Festival da KNE em Tessal\u00f4nica, onde o Secret\u00e1rio Geral do CC do KKE, Dimitris Koutsoumpas, pronunciou um discurso em uma grande manifesta\u00e7\u00e3o pol\u00edtica chamando os jovens \u201ca partir de manh\u00e3, com o impulso do \u00eaxito do festival, mais trabalhadores e jovens unir\u00e3o suas for\u00e7as conosco no caminho para a mudan\u00e7a revolucion\u00e1ria.\u00a0 \u00c9 preciso lutarmos todos juntos por uma sociedade que possa satisfazer nossas necessidades contempor\u00e2neas. Por uma sociedade na qual cada um de n\u00f3s, segundo suas capacidades, possa desenvolver todos os aspectos de sua personalidade, utilizar todas suas habilidades e desempenhar um papel dirigente na constru\u00e7\u00e3o desta sociedade. Uma sociedade que fomente a iniciativa, a criatividade, o pensamento realmente inovador e a atividade consciente, que liberte todo o potencial dos jovens que atualmente est\u00e3o sendo estrangulados pelo sistema da explora\u00e7\u00e3o e das guerras, pelo capitalismo. Uma sociedade onde o poder esteja nas m\u00e3os da classe oper\u00e1ria, em que o povo trabalhador esteja no comando da economia porque ter\u00e1 suas chaves, e por isso poder\u00e1 disfrutar de toda a riqueza que produz com suas m\u00e3os e com seu intelecto, com seu suor e seu trabalho. A mesma resposta, \u00e9 dizer que o mundo est\u00e1 mudando, deram os bolcheviques h\u00e1 100 anos, em outubro de 1917. Como sempre, o novo triunfa sobre o velho mediante a revolu\u00e7\u00e3o. Instamos aos jovens a aprender, a perguntar, a estudar os dias que abalaram o mundo. A questionar o ponto de vista dos exploradores que caluniam o movimento revolucion\u00e1rio na Gr\u00e9cia e a n\u00edvel internacional\u201d.<\/p>\n<p>O Secret\u00e1rio Geral do CC do KKE em seu discurso fez alus\u00e3o aos acontecimentos nacionais e internacionais. Denunciou o governo do SYRIZA-ANEL pelas medidas antioper\u00e1rias e antipopulares duras que aplica. Chamou os trabalhadores a unirem for\u00e7as com o KKE, com o movimento oper\u00e1rio e popular que tem uma linha de ruptura e conflito com o sistema capitalista.<\/p>\n<p>Neste discurso, D. Koutsoumpas, de Tessal\u00f4nica, que est\u00e1 geograficamente no \u201ccora\u00e7\u00e3o\u201d dos B\u00e1lc\u00e3s, se referiu detalhadamente aos acontecimentos nos B\u00e1lc\u00e3s e ao aprofundamento das contradi\u00e7\u00f5es interimperialistas na regi\u00e3o. A seguir, se apresenta um extrato de seu discurso sobre a situa\u00e7\u00e3o nesta regi\u00e3o e as avalia\u00e7\u00f5es do KKE.<\/p>\n<p>\u201cEstimados camaradas:<\/p>\n<p>A Revolu\u00e7\u00e3o de Outubro confirmo una pr\u00e1tica que a luta pela retirada da guerra imperialista est\u00e1 intrinsecamente ligada \u00e0 luta pelo poder oper\u00e1rio e esta estrat\u00e9gia dos bolcheviques se confirmou h\u00e1 100 anos.<\/p>\n<p>Queremos discutir sobre esta experi\u00eancia, particularmente hoje em dia, quando a confronta\u00e7\u00e3o e a disputa entre as pot\u00eancias fortes do mundo capitalista global est\u00e3o envolvendo nossa regi\u00e3o, os B\u00e1lc\u00e3s, o mar Egeu, o Mediterr\u00e2neo Oriental.<\/p>\n<p>Nesta disputa, est\u00e3o se envolvendo, de uma ou outra maneira, as rela\u00e7\u00f5es de nosso pa\u00eds com os pa\u00edses vizinhos dos B\u00e1lc\u00e3s, assim como as rela\u00e7\u00f5es greco-turcas e a quest\u00e3o cipriota.<\/p>\n<p>Aqui, a \u201ccorda\u201d n\u00e3o \u00e9 simplesmente tensa, mas est\u00e1 se convertendo em um \u201cemaranhado\u201d devido \u00e0s contradi\u00e7\u00f5es, n\u00e3o s\u00f3 dos Estados mais poderosos, mas tamb\u00e9m dos \u201celos\u201d menores, dos planos que t\u00eam as classes burguesas na regi\u00e3o.<\/p>\n<p>O questionamento multifacetado dos direitos soberanos e das fronteiras da Gr\u00e9cia pela burguesia turca, assim como pelas classes burguesas de outros pa\u00edses vizinhos, onde se est\u00e1 emergindo de novo o chauvinismo nacionalista, por exemplo na Alb\u00e2nia, se realiza em um momento quando em nossa regi\u00e3o mais ampla tem lugar a guerra na S\u00edria, onde \u201co caldeir\u00e3o est\u00e1 fervendo\u201d n\u00e3o s\u00f3 no Oriente M\u00e9dio e na \u00c1frica do Norte, mas tamb\u00e9m na Europa, na Ucr\u00e2nia, ao longo das fronteiras da OTAN com a R\u00fassia.<\/p>\n<p>Por isso, a decis\u00e3o do governo do SYRIZA-ANEL de renovar o conv\u00eanio de coopera\u00e7\u00e3o para a defesa m\u00fatua entre os governos da Gr\u00e9cia e dos EUA n\u00e3o \u00e9 uma pr\u00e1tica de \u201crotina\u201d, mas um acontecimento que envolve nosso pa\u00eds ainda mais profundamente nos planos dos EUA e da OTAN, que pretendem fortalecer ainda mais o papel j\u00e1 importante da base a\u00e9rea naval em Suda, que \u00e9 uma \u201cferramenta\u201d poderosa para seus planos de guerra no Mediterr\u00e2neo, assim como para um maior alcance de opera\u00e7\u00f5es.<\/p>\n<p>Ao mesmo tempo, se mant\u00e9m e se moderniza a base em Araxos para que esteja pronta para receber o tr\u00e2nsito de ogivas nucleares, armas nucleares, aumentando os perigos para nosso povo. O governo est\u00e1 escondendo tudo isso do povo grego. Instamos-lhes a estarem preparados, a organizarem a luta.<\/p>\n<p>N\u00c3O \u00e0s bases e \u00e0s armas nucleares!<\/p>\n<p>Assim, quando o vice-presidente dos EUA, Mike Pence, declarou em agosto que a R\u00fassia busca um conflito militar, a desestabiliza\u00e7\u00e3o dos B\u00e1lc\u00e3s, qualquer um pode entender porque os EUA se interessam em fortalecer a base de Suda e porque o ministro de Defesa do governo do SYRIZA-ANEL lhes prop\u00f5e novos territ\u00f3rios para construir bases militares, porque o embaixador estadunidense na Gr\u00e9cia \u201cpasseia\u201d pelas ilhas gregas.<\/p>\n<p>Estas declara\u00e7\u00f5es do vice-presidente dos EUA feitas aqui nos B\u00e1lc\u00e3s em agosto passado e mais em concreto em Montenegro que, a toda pressa e sem um referendo, como se tinha prometido ao povo, se integrou \u00e0 OTAN, s\u00e3o indicativos a respeito do fortalecimento das contradi\u00e7\u00f5es interimperialistas na regi\u00e3o mais ampla.<\/p>\n<p>Os exerc\u00edcios militares da OTAN neste ver\u00e3o nos pa\u00edses balc\u00e2nicos, os exerc\u00edcios navais na Bulg\u00e1ria e os exerc\u00edcios militares na Rom\u00eania s\u00e3o muito caracter\u00edsticos desta situa\u00e7\u00e3o.<\/p>\n<p>O governo do SYRIZA-ANEL, que participa plenamente dos planos da OTAN, e \u00e0s vezes convida a OTAN no mar Egeu no contexto da guerra contra a S\u00edria e outras vezes serve como rota de passagem para as for\u00e7as estrangeiras da OTAN, como ocorreu neste ver\u00e3o, n\u00e3o s\u00f3 n\u00e3o garante os interesses do pa\u00eds, como afirma, mas tamb\u00e9m exp\u00f5e o \u201cn\u00f3\u201d dos antagonismos interimperialistas em torno do pesco\u00e7o de nosso povo.<\/p>\n<p>Assim, enquanto a Gr\u00e9cia est\u00e1 se convertendo em uma \u201cferramenta\u201d nos planos euro-atl\u00e2nticos contra a R\u00fassia, a classe burguesa da R\u00fassia, pretendendo beneficiar-se de qualquer fenda na alian\u00e7a antag\u00f4nica da OTAN, assinou um acordo com a Turquia para a venda de sistemas russos modernos S-400.<\/p>\n<p>Trata-se de um evento que \u00e9 parte dos antagonismos interimperialistas que se desenvolvem com qualquer modo: no terreno diplom\u00e1tico, como se demonstra pelas expuls\u00f5es m\u00fatuas do pessoal diplom\u00e1tico dos EUA e da R\u00fassia, no terreno militar, como demonstra o crescimento e a orienta\u00e7\u00e3o dos grandes arsenais de armas de um ao outro, assim como no terreno financeiro, por exemplo a respeito da maneira de dividir o mercado internacional de armas.<\/p>\n<p>No entanto, este tipo de a\u00e7\u00f5es, no momento em que a Turquia amea\u00e7a diretamente a soberania de 17 ilhas gregas, somente contribuem para a intensifica\u00e7\u00e3o da corrida armamentista entre as classes burguesas. Isto ser\u00e1 pago pelos dois povos, enquanto o povo grego e o povo turco enfrentam os becos sem sa\u00edda do modo de desenvolvimento capitalista, a pobreza, o desemprego, a explora\u00e7\u00e3o.<\/p>\n<p>Al\u00e9m disso, a venda destas armas, inclusive quando estas se consideram como \u201carmas puramente defensivas\u201d, de fato refor\u00e7a, \u201cblinda\u201d a agressividade da classe burguesa turca contra a Gr\u00e9cia e outros pa\u00edses, como a S\u00edria cujas fronteiras s\u00e3o disputadas pela Turquia.<\/p>\n<p>\u00c9 por isso que quando os governantes defendem que nosso pa\u00eds \u00e9 um \u201cpilar de estabilidade\u201d em um \u201ctri\u00e2ngulo de instabilidade\u201d, por ter se incorporado nos planos dos EUA, da OTAN, da UE, voltam a dizer mentiras.<\/p>\n<p>Na realidade, querem colocar a classe oper\u00e1ria e nosso povos, antolhos euro-atl\u00e2nticas para impedi-los ver a perigosa que \u00e9 a implica\u00e7\u00e3o de nosso pa\u00eds nestes antagonismos, que pretendem servir a interesses estrangeiros e, em particular, como as classes burguesas, em primeiro lugar as mais fortes, os \u201cle\u00f5es\u201d e depois as demais, os \u201ctigres\u201d, as \u201chienas\u201d e inclusive os \u201cabutres\u201d repartir\u00e3o entre eles a \u201cpresa\u201d dos recursos energ\u00e9ticos, das mat\u00e9rias primas, as rotas de transporte de mercadorias, as cotas de mercado.<\/p>\n<p>\u00c9 por isto que este famoso \u201cpilar de estabilidade\u201d do governo do SYRIZA-ANEL, assim como o dos governos do PASOK e ND, \u00e9 feitos de \u201cpalha\u201d, de ilus\u00f5es, baseados na \u201careia movedi\u00e7a\u201d da inseguran\u00e7a da barb\u00e1rie capitalista, das crises econ\u00f4micas e das guerras imperialistas.<\/p>\n<p>A OTAN n\u00e3o pode garantir a solu\u00e7\u00e3o de problemas entre os pa\u00edses balc\u00e2nicos, do mesmo modo que n\u00e3o fez durante 65 anos entre a Gr\u00e9cia e a Turquia ou nas rela\u00e7\u00f5es entre a Gr\u00e9cia e a Alb\u00e2nia.<\/p>\n<p>De fato, nos \u00faltimos 8 anos em que a Alb\u00e2nia \u00e9 membro da OTAN n\u00e3o se parou, mas ao contr\u00e1rio, se fortaleceu a tend\u00eancia do expansionismo, das reivindica\u00e7\u00f5es territoriais inaceit\u00e1veis \u00e0s custas da Gr\u00e9cia, enquanto a Alb\u00e2nia cancelou o acordo sobre a ZEE no mar J\u00f4nico, que tinha assinado previamente.<\/p>\n<p>A OTAN e a UE tampouco podem imbuir com \u201cpaz\u201d e \u201cseguran\u00e7a\u201d as rela\u00e7\u00f5es da Gr\u00e9cia com ARYM. O reavivamento no per\u00edodo recente das discuss\u00f5es a respeito da quest\u00e3o do \u201cnome\u201d, a participa\u00e7\u00e3o de v\u00e1rios mediadores para resolver esta quest\u00e3o ocorre novamente no marco da maior incorpora\u00e7\u00e3o do pa\u00eds vizinho no imperialismo euro-atl\u00e2ntico.<\/p>\n<p>Os EUA e seus aliados n\u00e3o querem em absoluto que se reforce a influ\u00eancia de seus antagonistas em ARYM e sua incorpora\u00e7\u00e3o em planos de energia e outros que est\u00e3o opostos aos seus. Em qualquer caso, \u00e9 preciso lembrar que naquela regi\u00e3o, na fronteira com Kosovo, os EUA t\u00eam sua maior base no mundo, Camp Bondsteel.<\/p>\n<p>Nem tampouco se pode assegurar \u201ca paz e a prosperidade\u201d pelos diversos \u201ceixos\u201d pol\u00edtico-militares que est\u00e3o sendo promovidos, como os com Israel ou Egito. Estes \u201ceixos\u201d que, de fato se apresentam como \u201cnoivas com dote\u201d e como a solu\u00e7\u00e3o para a explora\u00e7\u00e3o sem obst\u00e1culos dos recursos energ\u00e9ticos da Gr\u00e9cia e do Chipre, para a salva\u00e7\u00e3o do povo em condi\u00e7\u00f5es de crise capitalista, a \u00fanica coisa que podem fazer \u00e9 criar novos tormentos para nosso povo.<\/p>\n<p>Em primeiro lugar, porque onde quer que se formem \u201ceixos\u201d no mundo capitalista se demonstrou que se enfrentam com fortes \u201canti-eixos\u201d, ou seja com interesses econ\u00f4micos e geopol\u00edticos rivais. Logo, \u00e9 bem sabido que da explora\u00e7\u00e3o dos recursos energ\u00e9ticos ganham uns poucos, ou seja, os grandes monop\u00f3lios de energia; n\u00e3o a classe oper\u00e1ria, n\u00e3o os povos.<\/p>\n<p>Por isso \u00e9 inaceit\u00e1vel a press\u00e3o exercida sobre o povo cipriota por uma suposta \u201csolu\u00e7\u00e3o\u201d \u00e0 quest\u00e3o cipriota, em nome da explora\u00e7\u00e3o sem obst\u00e1culos dos recursos energ\u00e9ticos pelos grupos monopolistas com a finalidade de legitimar as consequ\u00eancias da invas\u00e3o-ocupa\u00e7\u00e3o turca e de seus resultados.<\/p>\n<p>O KKE expressou sempre sua solidariedade com o povo cipriota contra a invas\u00e3o-ocupa\u00e7\u00e3o turca e contra qualquer \u201csolu\u00e7\u00e3o\u201d dicot\u00f4mica.<\/p>\n<p>Nosso partido luta por um Chipre unido, por um e n\u00e3o dois estados, com uma soberania, uma nacionalidade, uma personalidade internacional, por uma patria comum para os greco-cipriotas e os turco-cipriotas, sem tropas de ocupa\u00e7\u00e3o e ex\u00e9rcitos estrangeiros, sem bases estrangeiras, sem garantidores nem \u201cprotetores\u201d, com o povo cipriota sendo o verdadeiro dono de seu pa\u00eds\u201d.<\/p>\n<p>http:\/\/inter.kke.gr\/en\/articles\/NATO-the-USA-and-the-EU-are-in-no-way-guarantors-of-peace-and-security-in-the-Balkans\/<\/p>\n","protected":false},"excerpt":{"rendered":"<a class=\"moretag\" href=\"https:\/\/pcb.org.br\/portal2\/16286\"> <\/a>","protected":false},"author":1,"featured_media":0,"comment_status":"closed","ping_status":"closed","sticky":false,"template":"","format":"standard","meta":{"jetpack_post_was_ever_published":false,"_jetpack_newsletter_access":"","_jetpack_dont_email_post_to_subs":false,"_jetpack_newsletter_tier_id":0,"_jetpack_memberships_contains_paywalled_content":false,"_jetpack_memberships_contains_paid_content":false,"footnotes":"","jetpack_publicize_message":"","jetpack_publicize_feature_enabled":true,"jetpack_social_post_already_shared":true,"jetpack_social_options":{"image_generator_settings":{"template":"highway","default_image_id":0,"font":"","enabled":false},"version":2}},"categories":[107],"tags":[228],"class_list":["post-16286","post","type-post","status-publish","format-standard","hentry","category-c120-grecia","tag-5b"],"jetpack_publicize_connections":[],"jetpack_featured_media_url":"","jetpack_shortlink":"https:\/\/wp.me\/p659gw-4eG","jetpack-related-posts":[],"jetpack_likes_enabled":true,"jetpack_sharing_enabled":true,"_links":{"self":[{"href":"https:\/\/pcb.org.br\/portal2\/wp-json\/wp\/v2\/posts\/16286","targetHints":{"allow":["GET"]}}],"collection":[{"href":"https:\/\/pcb.org.br\/portal2\/wp-json\/wp\/v2\/posts"}],"about":[{"href":"https:\/\/pcb.org.br\/portal2\/wp-json\/wp\/v2\/types\/post"}],"author":[{"embeddable":true,"href":"https:\/\/pcb.org.br\/portal2\/wp-json\/wp\/v2\/users\/1"}],"replies":[{"embeddable":true,"href":"https:\/\/pcb.org.br\/portal2\/wp-json\/wp\/v2\/comments?post=16286"}],"version-history":[{"count":0,"href":"https:\/\/pcb.org.br\/portal2\/wp-json\/wp\/v2\/posts\/16286\/revisions"}],"wp:attachment":[{"href":"https:\/\/pcb.org.br\/portal2\/wp-json\/wp\/v2\/media?parent=16286"}],"wp:term":[{"taxonomy":"category","embeddable":true,"href":"https:\/\/pcb.org.br\/portal2\/wp-json\/wp\/v2\/categories?post=16286"},{"taxonomy":"post_tag","embeddable":true,"href":"https:\/\/pcb.org.br\/portal2\/wp-json\/wp\/v2\/tags?post=16286"}],"curies":[{"name":"wp","href":"https:\/\/api.w.org\/{rel}","templated":true}]}}