{"id":16325,"date":"2017-09-30T20:31:41","date_gmt":"2017-09-30T23:31:41","guid":{"rendered":"https:\/\/pcb.org.br\/portal2\/?p=16325"},"modified":"2018-03-06T17:20:51","modified_gmt":"2018-03-06T20:20:51","slug":"trabalhadores-franceses-nas-ruas-contra-as-reformas-trabalhistas-neoliberais","status":"publish","type":"post","link":"https:\/\/pcb.org.br\/portal2\/16325","title":{"rendered":"Trabalhadores franceses nas ruas contra as reformas trabalhistas neoliberais"},"content":{"rendered":"<p><img data-recalc-dims=\"1\" decoding=\"async\" class=\"imagem\" title=\"imagem\" src=\"https:\/\/i0.wp.com\/gz.diarioliberdade.org\/media\/k2\/items\/cache\/5e8f92a6f465059f75e3416e78830097_L.jpg?w=747&#038;ssl=1\" alt=\"imagem\" \/><!--more-->OLHAR COMUNISTA \u2013 30\/09\/2017<\/p>\n<p>Os cinco decretos assinados na sexta-feira dia 22 de setembro pelo presidente Emmanuel Macron, que flexibilizam as rela\u00e7\u00f5es de trabalho na Fran\u00e7a, est\u00e3o gerando uma intensa mobiliza\u00e7\u00e3o dos trabalhadores franceses, liderada pela CGT, central sindical hegemonizada pelos comunistas, contra a reforma trabalhista. O ex-candidato da esquerda \u00e0 presid\u00eancia da rep\u00fablica, Jean-Luc M\u00e9lenchon, que obteve 20% dos votos, tamb\u00e9m est\u00e1 conclamando os franceses a ocuparem as ruas, em oposi\u00e7\u00e3o aos decretos. As centrais sindicais CFTD e Force Ouvri\u00e9re criticaram as reformas, mas n\u00e3o se dispuseram a participar das manifesta\u00e7\u00f5es.<\/p>\n<p>As reformas preveem, entre outras medidas, as demiss\u00f5es sem justa causa, a permiss\u00e3o para que empresas estrangeiras instaladas no pa\u00eds possam demitir funcion\u00e1rios em caso de crise local e a possibilidade de pequenas empresas dispensarem os sindicatos para negociar a jornada de trabalho e os sal\u00e1rios com os empregados. A alega\u00e7\u00e3o do presidente franc\u00eas \u00e9 a de que as reformas ajudar\u00e3o a baixar a taxa de desemprego, hoje em 9,6%, na Fran\u00e7a.<\/p>\n<p><img decoding=\"async\" class=\"imagemp\" title=\"imagem\" src=\"https:\/\/lh3.googleusercontent.com\/FQzdANlybEU8QmYoUXPRw-Z0zvLY7lYrECAEQxkwbvRWOrBemklsmAUvw9RUZusVYFDdO3EMd8E7fppvUIJFs2MquNnA7LIALcp9XyCLhvd2IvRdKxTk-S9ZbLFqSJ_btL2oGlzaFDgjA7Nxt7IxsmEi0ovMguFBDjqxZpb9_DF9tM1Yg0W2Yi6tXN7QdwGTGPCbr3Tj9ohnkSgQfhGchhlGmBIe1YufZS58rmnAID2TEs4QkU5FcA7P92uOBZLo4WV5494Km12BFHIXGuPE7d6Nfb1m2AaPJLuSErIoppV_ppndG10sTs0ZiJsniEzin48p1TiVUUYld87_S5mVAWrfNJCqJQMU94xH0tuLkT5su26B9YwW65hCqDSPQVhHr4eOXA7lC0smGyujCOnUQWrq7OxYltWroAAVrad-eCLz5b_r4MVgbSzU4OCReW8GIL4jhn6U5S6XDEWmSv8mZhfk-5Ywlk01syIDV0jZ1FI7IYPN-fgHcZ7pvOmrMLDlMzdl1bfPJIvEwdkInG8mmj1Wc4ANEHb6Aty_W-MYmlQdW7ah1akQ_O4NLBiHIBnUYKFAYKhyQFA1WRP8aLda1sFqCaO-6zzRZEcBHDzgDwc=w600-h453-no\" alt=\"imagem\" \/>A linha das reformas segue o ide\u00e1rio neoliberal, que prop\u00f5e fragilizar as rela\u00e7\u00f5es de trabalho para, ao permitir o aumento da taxa de explora\u00e7\u00e3o das empresas sobre os trabalhadores, facilitar a obten\u00e7\u00e3o de lucros dos capitalistas. A postura da CGT \u00e9 a de enfrentar a quest\u00e3o pela raiz, n\u00e3o aceitando negociar qualquer perda de direitos para a classe trabalhadora. As medidas podem debilitar ainda mais o governo Macron, hoje com 30% de aprova\u00e7\u00e3o, que se coloca como de centro, mas que segue, claramente, uma postura de subalternidade \u00e0 lideran\u00e7a europeia conservadora de Angela Merkel e ao empresariado em geral.<\/p>\n","protected":false},"excerpt":{"rendered":"<a class=\"moretag\" href=\"https:\/\/pcb.org.br\/portal2\/16325\"> <\/a>","protected":false},"author":1,"featured_media":0,"comment_status":"closed","ping_status":"closed","sticky":false,"template":"","format":"standard","meta":{"jetpack_post_was_ever_published":false,"_jetpack_newsletter_access":"","_jetpack_dont_email_post_to_subs":false,"_jetpack_newsletter_tier_id":0,"_jetpack_memberships_contains_paywalled_content":false,"_jetpack_memberships_contains_paid_content":false,"footnotes":"","jetpack_publicize_message":"","jetpack_publicize_feature_enabled":true,"jetpack_social_post_already_shared":true,"jetpack_social_options":{"image_generator_settings":{"template":"highway","default_image_id":0,"font":"","enabled":false},"version":2}},"categories":[100],"tags":[],"class_list":["post-16325","post","type-post","status-publish","format-standard","hentry","category-c113-a-semana-no-olhar-comunista"],"jetpack_publicize_connections":[],"jetpack_featured_media_url":"","jetpack_shortlink":"https:\/\/wp.me\/p659gw-4fj","jetpack-related-posts":[],"jetpack_likes_enabled":true,"jetpack_sharing_enabled":true,"_links":{"self":[{"href":"https:\/\/pcb.org.br\/portal2\/wp-json\/wp\/v2\/posts\/16325","targetHints":{"allow":["GET"]}}],"collection":[{"href":"https:\/\/pcb.org.br\/portal2\/wp-json\/wp\/v2\/posts"}],"about":[{"href":"https:\/\/pcb.org.br\/portal2\/wp-json\/wp\/v2\/types\/post"}],"author":[{"embeddable":true,"href":"https:\/\/pcb.org.br\/portal2\/wp-json\/wp\/v2\/users\/1"}],"replies":[{"embeddable":true,"href":"https:\/\/pcb.org.br\/portal2\/wp-json\/wp\/v2\/comments?post=16325"}],"version-history":[{"count":0,"href":"https:\/\/pcb.org.br\/portal2\/wp-json\/wp\/v2\/posts\/16325\/revisions"}],"wp:attachment":[{"href":"https:\/\/pcb.org.br\/portal2\/wp-json\/wp\/v2\/media?parent=16325"}],"wp:term":[{"taxonomy":"category","embeddable":true,"href":"https:\/\/pcb.org.br\/portal2\/wp-json\/wp\/v2\/categories?post=16325"},{"taxonomy":"post_tag","embeddable":true,"href":"https:\/\/pcb.org.br\/portal2\/wp-json\/wp\/v2\/tags?post=16325"}],"curies":[{"name":"wp","href":"https:\/\/api.w.org\/{rel}","templated":true}]}}