{"id":16368,"date":"2017-09-29T19:14:18","date_gmt":"2017-09-29T22:14:18","guid":{"rendered":"https:\/\/pcb.org.br\/portal2\/?p=16368"},"modified":"2017-10-01T14:35:22","modified_gmt":"2017-10-01T17:35:22","slug":"todo-apoio-a-luta-dos-povos-indigenas","status":"publish","type":"post","link":"https:\/\/pcb.org.br\/portal2\/16368","title":{"rendered":"Todo apoio \u00e0 luta dos povos ind\u00edgenas!"},"content":{"rendered":"<p><img decoding=\"async\" class=\"imagem\" title=\"imagem\" src=\"https:\/\/lh3.googleusercontent.com\/GIN3pYs1C7qamamCQzBHlPZT6GIFXHm5tuwBr2XpgWOLf9uXzSMnlZrH-Eujo26ZESruZZdv2b1cEuSJdYJlpp9BLu7x0v-E1FgEboHS_918ebme5NqVpVn4xlxA5oGK6B3g2f5SFxM-6Cc_AiFc0xG5IC682xlV0kqa4bt9DX6lVT5GnXnCsqzGWsThorsy6qbNAPxA55RBgLR3kqCew0IpKmxLEDwlkl69oieEqB1bf4Ku7NWPoNWqQKiY99eh2UbpNMlsIHSio8YNTc9BTdy5Tq66h8ywOievBpsjJHyB38Alp4MxRob-EFfo8Vt9E4uUW1dbK-x2rTe8BAeFdMA-1ZOCSMNSNP4iMZogNnKxwH4W1nSwwThYEPEmLLl6oW8u5sLgpjcGlVwq-DrNnLz4rAhdPVOO23W5oIXhT4AhmohjstHxEQHnV1XtzZdnJ9RnoYRQMwEzDFPimuwGWGccapzU-ZsFF5RMw9HwUZkTdvpz98zRpe-myOX-2bAnIZ-vZMlAUphpWuNu6H1FDaQOQd-Yx9qL1mObZovuDI2uMVE7EfC_b-_4qfZJEJ-UvdOfsbxyWRnpwMxBCRSCzdD8aoCifnPpCOq79MXIv93r3QhWfTz91KU-9h3UlHgzdlBzEbZXrqRy_xzz2WEPbuzyn9hD1_-1k-9U=w615-h346-no\" alt=\"imagem\" \/><!--more-->No \u00faltimo dia 24 de setembro o Partido Comunista Brasileiro (PCB) visitou a Aldeia Ind\u00edgena do Catu, localizada nos munic\u00edpios de Goianinha e Canguaretama, no Estado do Rio Grande do Norte.<\/p>\n<p>Foi uma rica atividade, onde realizamos uma trilha na comunidade na companhia das lideran\u00e7as ind\u00edgenas, que apresentavam a hist\u00f3ria do Povo Ind\u00edgena Potiguara do Catu, seu modo de vida e, sobretudo, a sua resist\u00eancia e luta contra os ditames do capital.<br \/>\nRealizamos ainda um almo\u00e7o coletivo <span class=\"m_-2110112619607705601text_exposed_show\">e um bom di\u00e1logo sobre a rela\u00e7\u00e3o de solidariedade e luta que vem se estabelecendo entre o PCB e o movimento ind\u00edgena do estado. Reiteramos nossa defesa pela demarca\u00e7\u00e3o imediata de todas as Terras Ind\u00edgenas e pela garantia da plenitude dos direitos dos povos origin\u00e1rios.<\/span><\/p>\n<p>Os Povos Ind\u00edgenas do Rio Grande do Norte ainda sofrem com um perverso preconceito, al\u00e9m da discrimina\u00e7\u00e3o e invisibilidade por parte do Estado. Por outro lado, mant\u00eam firme a resist\u00eancia e luta pela valoriza\u00e7\u00e3o de sua cultura, pela implementa\u00e7\u00e3o de pol\u00edticas p\u00fablicas e, principalmente, pelo direito aos seus Territ\u00f3rios tradicionais. Assim como outras Aldeias do estado, o Povo Ind\u00edgena Potiguara do Catu segue firme na luta pelos seus direitos, enfrentando todas as mazelas do capitalismo. Expressamos a nossa solidariedade e seguiremos juntos na luta ind\u00edgena.<\/p>\n<div class=\"m_-2110112619607705601text_exposed_show\">\n<p>Demarca\u00e7\u00e3o J\u00e1!<\/p>\n<p>Pelo Poder Popular e Pelo Socialismo!<\/p>\n<\/div>\n","protected":false},"excerpt":{"rendered":"<a class=\"moretag\" href=\"https:\/\/pcb.org.br\/portal2\/16368\"> <\/a>","protected":false},"author":1,"featured_media":0,"comment_status":"closed","ping_status":"closed","sticky":false,"template":"","format":"standard","meta":{"jetpack_post_was_ever_published":false,"_jetpack_newsletter_access":"","_jetpack_dont_email_post_to_subs":false,"_jetpack_newsletter_tier_id":0,"_jetpack_memberships_contains_paywalled_content":false,"_jetpack_memberships_contains_paid_content":false,"footnotes":"","jetpack_publicize_message":"","jetpack_publicize_feature_enabled":true,"jetpack_social_post_already_shared":true,"jetpack_social_options":{"image_generator_settings":{"template":"highway","default_image_id":0,"font":"","enabled":false},"version":2}},"categories":[163,20],"tags":[219],"class_list":["post-16368","post","type-post","status-publish","format-standard","hentry","category-movimento-indigena","category-c1-popular","tag-manchete"],"jetpack_publicize_connections":[],"jetpack_featured_media_url":"","jetpack_shortlink":"https:\/\/wp.me\/p659gw-4g0","jetpack-related-posts":[],"jetpack_likes_enabled":true,"jetpack_sharing_enabled":true,"_links":{"self":[{"href":"https:\/\/pcb.org.br\/portal2\/wp-json\/wp\/v2\/posts\/16368","targetHints":{"allow":["GET"]}}],"collection":[{"href":"https:\/\/pcb.org.br\/portal2\/wp-json\/wp\/v2\/posts"}],"about":[{"href":"https:\/\/pcb.org.br\/portal2\/wp-json\/wp\/v2\/types\/post"}],"author":[{"embeddable":true,"href":"https:\/\/pcb.org.br\/portal2\/wp-json\/wp\/v2\/users\/1"}],"replies":[{"embeddable":true,"href":"https:\/\/pcb.org.br\/portal2\/wp-json\/wp\/v2\/comments?post=16368"}],"version-history":[{"count":0,"href":"https:\/\/pcb.org.br\/portal2\/wp-json\/wp\/v2\/posts\/16368\/revisions"}],"wp:attachment":[{"href":"https:\/\/pcb.org.br\/portal2\/wp-json\/wp\/v2\/media?parent=16368"}],"wp:term":[{"taxonomy":"category","embeddable":true,"href":"https:\/\/pcb.org.br\/portal2\/wp-json\/wp\/v2\/categories?post=16368"},{"taxonomy":"post_tag","embeddable":true,"href":"https:\/\/pcb.org.br\/portal2\/wp-json\/wp\/v2\/tags?post=16368"}],"curies":[{"name":"wp","href":"https:\/\/api.w.org\/{rel}","templated":true}]}}