{"id":1637,"date":"2011-07-06T13:07:25","date_gmt":"2011-07-06T13:07:25","guid":{"rendered":"http:\/\/pcb.org.br\/portal2\/?p=1637"},"modified":"2011-07-06T13:07:25","modified_gmt":"2011-07-06T13:07:25","slug":"uma-linha-de-luta-pela-superacao-do-capitalismo","status":"publish","type":"post","link":"https:\/\/pcb.org.br\/portal2\/1637","title":{"rendered":"Uma linha de luta pela supera\u00e7\u00e3o do capitalismo"},"content":{"rendered":"\n<p>Esse artigo foi escrito durante a importante greve geral nacional, de 48hs, que ocorreu entre os dias 28 e 29 de Junho, e que atingiu todos os locais de trabalho.<\/p>\n<p>As manifesta\u00e7\u00f5es de greve da Frente Militante de Todos os Trabalhadores (PAME), que reuniu os sindicatos classistas, foram sem precedentes.<\/p>\n<p align=\"JUSTIFY\">Essas manifesta\u00e7\u00f5es e os com\u00edcios de massa da PAME s\u00e3o diferentes daqueles liderados pelos sindicatos comprometidos com a l\u00f3gica governista das federa\u00e7\u00f5es sindicais dos setores privado (GSEE) e p\u00fablico (ADEDY).<\/p>\n<p align=\"JUSTIFY\">A raz\u00e3o n\u00e3o \u00e9 somente porque h\u00e1 uma participa\u00e7\u00e3o massiva dos trabalhadores, suas milit\u00e2ncias ou as medidas que garantem sua seguran\u00e7a, mas, tamb\u00e9m, o fato de eles n\u00e3o persistirem no bloqueio ao novo \u201cpacote\u201d de medidas que v\u00e3o contra a popula\u00e7\u00e3o e, nem ao menos, impulsionarem o conflito com a UE e a explora\u00e7\u00e3o capitalista num todo.<\/p>\n<p align=\"JUSTIFY\">Contrastando com as manifesta\u00e7\u00f5es dos chamados \u201ccidad\u00e3os indignados\u201d, que gritam \u201cneutros\u201d, ao inv\u00e9s do desacreditado slogan \u201cladr\u00f5es, ladr\u00f5es\u201d, em frente ao Parlamento, o slogan que prevalece nas manifesta\u00e7\u00f5es de massa da PAME \u00e9: \u201cNenhuma engrenagem pode mudar sem os trabalhadores. Trabalhador, voc\u00ea pode fazer sem os patr\u00f5es!\u201d.<\/p>\n<p align=\"JUSTIFY\">A linha de luta do Partido Comunista, dos trabalhadores e do movimento sindical de orienta\u00e7\u00e3o classista se torna cada vez mais importante sob essas condi\u00e7\u00f5es, uma vez que o povo Grego tem experimentado as conseq\u00fc\u00eancias da crise capitalista que gera pobreza, desemprego e mis\u00e9ria para as fam\u00edlias das classes trabalhadora e popular e quando o governo do PASOK, junto \u00e0 UE e ao FMI implementam um programa selvagem que vai contra a popula\u00e7\u00e3o, desejando reduzir o pre\u00e7o da for\u00e7a de trabalho e aumentar a competitividade e a lucratividade do capital.<\/p>\n<p align=\"JUSTIFY\">O KKE declarou, desde o primeiro instante, que a crise capitalista, que est\u00e1 sendo vivida pela popula\u00e7\u00e3o Grega, expressa a consolida\u00e7\u00e3o da principal contradi\u00e7\u00e3o entre o car\u00e1ter social da produ\u00e7\u00e3o e do trabalho, de um lado, e a apropria\u00e7\u00e3o privada capitalista dos seus resultados do outro.<\/p>\n<p align=\"JUSTIFY\">Al\u00e9m disso, lutou contra a campanha enganosa afirmando que o governo PASOK era, alegadamente, subserviente ao FMI ou \u00e0s for\u00e7as externas, revelando que a agenda anti- trabalhador demonstrava escolhas concretas da burguesia Grega de composi\u00e7\u00e3o de alian\u00e7as que asseguravam sua lucratividade nessas condi\u00e7\u00f5es espec\u00edficas.<\/p>\n<p align=\"JUSTIFY\">O KKE recusou as posi\u00e7\u00f5es social-democratas e oportunistas que s\u00e3o espalhadas pelas for\u00e7as do chamado Partido Europeu de Esquerda (PEE), assim como por outras organiza\u00e7\u00f5es, posi\u00e7\u00f5es que atribuem as causas da crise \u00e0 administra\u00e7\u00e3o neoliberal, posi\u00e7\u00f5es que escondem a atividade das leis do sistema de explora\u00e7\u00e3o; escondem que a eclos\u00e3o das crises independe das administra\u00e7\u00f5es social-democratas ou liberais que tornam mais intensas as contradi\u00e7\u00f5es do sistema: a anarquia e as irregularidades que caracterizam a produ\u00e7\u00e3o capitalista, a super acumula\u00e7\u00e3o do capital que fora acumulado no per\u00edodo de crescimento econ\u00f4mico devido \u00e0 explora\u00e7\u00e3o da for\u00e7a de trabalho e n\u00e3o pode encontrar uma sa\u00edda que garanta uma alta taxa de lucro.<\/p>\n<p align=\"JUSTIFY\">Ao longo dos \u00faltimos dois anos tem acontecido multifacetadas lutas da classe trabalhadora contra as investidas do capital, a pol\u00edtica anti-democr\u00e1tica do anterior governo liberal da ND e o atual governo social-democrata do PASOK, que \u00e9 apoiado por outras for\u00e7as pol\u00edticas e pelos l\u00edderes subjugados do sindicalismo governamental e patronal.<\/p>\n<p align=\"JUSTIFY\">Mais de 20 greves gerais nacionais foram organizadas com sucesso dentre os anos de 2010 e 2011; uma s\u00e9rie de greves em setores e empresas, com\u00edcios, ocupa\u00e7\u00f5es de pr\u00e9dios p\u00fablicos, greves de massa com a participa\u00e7\u00e3o de centenas de milhares de for\u00e7as populares e de trabalhadores.<\/p>\n<p align=\"JUSTIFY\">O KKE e a PAME, junto ao movimento de classe, ap\u00f3iam as manifesta\u00e7\u00f5es militantes dos movimentos dos pequenos fazendeiros, aut\u00f4nomos, mulheres e jovens.<\/p>\n<p align=\"JUSTIFY\">A linha de luta do KKE e do movimento de classe tem uma contribui\u00e7\u00e3o especial no confronto com o capital e a pol\u00edtica anti-popular, deixando claro, desde o come\u00e7o, que a crise, o d\u00e9ficit e a d\u00edvida s\u00e3o produtos do desenvolvimento capitalista, da estrat\u00e9gia que ap\u00f3ia os grupos monopolistas, e que os trabalhadores n\u00e3o s\u00e3o respons\u00e1veis por isso. Mais e mais trabalhadores v\u00eaem isso hoje quando eles comparam o d\u00e9bito estatal (350 bilh\u00f5es de Euros) com os dep\u00f3sitos dos capitalistas Gregos na Su\u00ed\u00e7a, que somam 600 bilh\u00f5es de Euros.<\/p>\n<p align=\"JUSTIFY\">Mais e mais trabalhadores est\u00e3o abandonando os partidos burgueses (PASOK-ND), voltando seus olhos para as avalia\u00e7\u00f5es e propostas do KKE, desde o momento em que os comunistas v\u00eam provando que est\u00e3o corretos na an\u00e1lise dos atuais desenvolvimentos. O KKE denunciou o governo e a UE porque eles chantageiam a popula\u00e7\u00e3o alegando que o pa\u00eds n\u00e3o receber\u00e1 a quinta parcela do empr\u00e9stimo, a n\u00e3o ser que eles aceitem as novas medidas que v\u00e3o contra os trabalhadores.<\/p>\n<p align=\"JUSTIFY\">Os comunistas na Gr\u00e9cia sustentam, com firmeza, que \u00e9 a plutocracia que deve pagar por esta crise, j\u00e1 que \u00e9 respons\u00e1vel por ela. Ao mesmo tempo, o KKE acredita que a luta por qualquer quest\u00e3o popular deve se desenvolver na dire\u00e7\u00e3o da organiza\u00e7\u00e3o, concentra\u00e7\u00e3o e prepara\u00e7\u00e3o de amplas for\u00e7as populares e de trabalhadores n\u00e3o somente com o intuito de criarem melhores condi\u00e7\u00f5es para a venda de for\u00e7a de trabalho, mas pela supera\u00e7\u00e3o do sistema de explora\u00e7\u00e3o, assim como pela pavimenta\u00e7\u00e3o do caminho que levar\u00e1 ao poder popular e \u00e0 economia do povo, para o socialismo.<\/p>\n<p align=\"JUSTIFY\">*Artigo de Elisseos Vagenas, membro do CC do KKE e respons\u00e1vel pela Se\u00e7\u00e3o de Rela\u00e7\u00f5es Internacionais, publicado no \u201cVoz Socialista\u201d, publica\u00e7\u00e3o mensal do Partido Comunista da Irlanda.<\/p>\n<p align=\"JUSTIFY\"><em>Traduzido por Mari\u00e2ngela Marques.<\/em><\/p>\n","protected":false},"excerpt":{"rendered":"\n\n\nCr\u00e9dito: KKE\n\n\n\n\n\n\n\n\nElisseos Vagenas*\n<a class=\"moretag\" href=\"https:\/\/pcb.org.br\/portal2\/1637\"> <\/a>","protected":false},"author":1,"featured_media":0,"comment_status":"open","ping_status":"open","sticky":false,"template":"","format":"standard","meta":{"jetpack_post_was_ever_published":false,"_jetpack_newsletter_access":"","_jetpack_dont_email_post_to_subs":false,"_jetpack_newsletter_tier_id":0,"_jetpack_memberships_contains_paywalled_content":false,"_jetpack_memberships_contains_paid_content":false,"footnotes":"","jetpack_publicize_message":"","jetpack_publicize_feature_enabled":true,"jetpack_social_post_already_shared":false,"jetpack_social_options":{"image_generator_settings":{"template":"highway","default_image_id":0,"font":"","enabled":false},"version":2}},"categories":[71],"tags":[],"class_list":["post-1637","post","type-post","status-publish","format-standard","hentry","category-c84-solidariedade"],"jetpack_publicize_connections":[],"jetpack_featured_media_url":"","jetpack_shortlink":"https:\/\/wp.me\/p659gw-qp","jetpack-related-posts":[],"jetpack_likes_enabled":true,"jetpack_sharing_enabled":true,"_links":{"self":[{"href":"https:\/\/pcb.org.br\/portal2\/wp-json\/wp\/v2\/posts\/1637","targetHints":{"allow":["GET"]}}],"collection":[{"href":"https:\/\/pcb.org.br\/portal2\/wp-json\/wp\/v2\/posts"}],"about":[{"href":"https:\/\/pcb.org.br\/portal2\/wp-json\/wp\/v2\/types\/post"}],"author":[{"embeddable":true,"href":"https:\/\/pcb.org.br\/portal2\/wp-json\/wp\/v2\/users\/1"}],"replies":[{"embeddable":true,"href":"https:\/\/pcb.org.br\/portal2\/wp-json\/wp\/v2\/comments?post=1637"}],"version-history":[{"count":0,"href":"https:\/\/pcb.org.br\/portal2\/wp-json\/wp\/v2\/posts\/1637\/revisions"}],"wp:attachment":[{"href":"https:\/\/pcb.org.br\/portal2\/wp-json\/wp\/v2\/media?parent=1637"}],"wp:term":[{"taxonomy":"category","embeddable":true,"href":"https:\/\/pcb.org.br\/portal2\/wp-json\/wp\/v2\/categories?post=1637"},{"taxonomy":"post_tag","embeddable":true,"href":"https:\/\/pcb.org.br\/portal2\/wp-json\/wp\/v2\/tags?post=1637"}],"curies":[{"name":"wp","href":"https:\/\/api.w.org\/{rel}","templated":true}]}}