{"id":16385,"date":"2017-10-02T14:51:57","date_gmt":"2017-10-02T17:51:57","guid":{"rendered":"https:\/\/pcb.org.br\/portal2\/?p=16385"},"modified":"2017-10-02T14:51:57","modified_gmt":"2017-10-02T17:51:57","slug":"controle-da-agua-e-efeito-colateral-da-privatizacao-da-eletrobras","status":"publish","type":"post","link":"https:\/\/pcb.org.br\/portal2\/16385","title":{"rendered":"Controle da \u00e1gua \u00e9 &#8220;efeito colateral&#8221; da privatiza\u00e7\u00e3o da Eletrobras"},"content":{"rendered":"<p><img data-recalc-dims=\"1\" decoding=\"async\" class=\"imagem\" title=\"imagem\" src=\"https:\/\/i0.wp.com\/farm5.staticflickr.com\/4500\/37322993256_4bfd710750_z.jpg?w=747&#038;ssl=1\" alt=\"imagem\" \/><!--more-->Agricultores podem perder subs\u00eddios para irriga\u00e7\u00e3o, tarifas subir\u00e3o, qualidade do servi\u00e7o e empregos cair\u00e3o<\/p>\n<p>Luciano Velleda<\/p>\n<p>A proposta de privatiza\u00e7\u00e3o da Eletrobras tem uma consequ\u00eancia t\u00e3o importante quanto a gera\u00e7\u00e3o de energia el\u00e9trica e que n\u00e3o est\u00e1 sendo corretamente avaliada: o controle da \u00e1gua. A an\u00e1lise \u00e9 do diretor jur\u00eddico do Sindicato dos Trabalhadores Energ\u00e9ticos do Estado de S\u00e3o Paulo (Sinergia SP-CUT), Carlos Alberto Alves.<\/p>\n<p>\u201c\u00c0 medida que s\u00e3o privatizadas as usinas, e a maioria delas com base de gera\u00e7\u00e3o hidr\u00e1ulica, os novos controladores passam a deter o poder do uso da \u00e1gua, que at\u00e9 ent\u00e3o era um uso m\u00faltiplo\u201d, explica Alves.<\/p>\n<p>Como exemplo, ele cita os subs\u00eddios hoje recebidos por agricultores para a irriga\u00e7\u00e3o das lavouras e a produ\u00e7\u00e3o de alimentos, um est\u00edmulo que pode ficar em risco com a privatiza\u00e7\u00e3o. Para o dirigente sindical, entre gerar energia e irrigar a planta\u00e7\u00e3o, os futuros donos privados da Eletrobras optar\u00e3o pela primeira, independentemente da import\u00e2ncia da produ\u00e7\u00e3o de alimentos.<\/p>\n<p>\u201cOs novos controladores, ao comprar essas empresas, n\u00e3o v\u00e3o manter subs\u00eddios que saiam do lucro deles. Podem at\u00e9 manter, mas a sociedade que pague. Ent\u00e3o pode haver diversas dificuldades de acesso \u00e0 \u00e1gua, que \u00e9 um bem p\u00fablico, de todos\u201d, afirma.<\/p>\n<p>O sistema Eletrobras \u00e9 composto por 233 usinas, sendo 47 hidrel\u00e9tricas, 114 termoel\u00e9tricas, duas termonucleares, 69 e\u00f3licas e uma solar. A empresa gera 170 mil gigawatts\/hora (Gwh) de energia, sendo a maior companhia do setor el\u00e9trico da Am\u00e9rica Latina, respons\u00e1vel por atender um ter\u00e7o do consumo anual de eletricidade do Brasil.<\/p>\n<p>Al\u00e9m do controle da \u00e1gua, Alves aponta como consequ\u00eancias da privatiza\u00e7\u00e3o o aumento da tarifa de luz, a precariza\u00e7\u00e3o dos servi\u00e7os prestados e a entrega para o capital estrangeiro de uma infraestrutura essencial do pa\u00eds.<\/p>\n<p>\u201cA proposta \u00e9 um desastre. A f\u00f3rmula como o governo est\u00e1 fazendo a privatiza\u00e7\u00e3o, sem discuss\u00e3o com a sociedade, vai aumentar a tarifa de energia, principalmente para os mais pobres, sem contar que a Eletrobras fomenta o desenvolvimento nas \u00e1reas mais carentes do pa\u00eds de energia el\u00e9trica, a exemplo do projeto Luz para Todos, onde em v\u00e1rios rinc\u00f5es do Brasil, ind\u00edgenas, quilombolas e tantos outros t\u00eam energia el\u00e9trica porque a Eletrobras assumiu\u201d, pondera o dirigente.<\/p>\n<p>Com cerca de 25 mil trabalhadores em todo o sistema Eletrobras, Alves tamb\u00e9m destaca os efeitos que a privatiza\u00e7\u00e3o ter\u00e1 nos funcion\u00e1rios. Ele prev\u00ea que, no m\u00e9dio prazo, mais de 60% dos empregados sejam substitu\u00eddos por trabalhadores terceirizados, \u201csem treinamento, sem know-how, com baixos benef\u00edcios\u201d.<\/p>\n<p>A situa\u00e7\u00e3o, disse ele, j\u00e1 \u00e9 a realidade nas empresas de energia do estado de S\u00e3o Paulo privatizadas nas \u00faltimas d\u00e9cadas. \u201cDepois da privatiza\u00e7\u00e3o, algumas empresas do setor el\u00e9trico de S\u00e3o Paulo reduziram em mais de 70% o quadro de trabalhadores, impactando diretamente na quest\u00e3o do servi\u00e7o prestado \u00e0 sociedade, fazendo com que, ao longo do per\u00edodo, a Aneel flexibilizasse alguns indicadores de qualidade para que essas empresas continuassem operando.\u201d<\/p>\n<p>Lembrando de estudo recente do Dieese, Carlos Alberto Alves enfatiza que o \u00edndice de acidentes com trabalhadores terceirizados no setor el\u00e9trico aumenta entre 30% e 40%. \u201cA sociedade perde com isso o know-how de 20 ou 30 anos de trabalhadores que mant\u00eam o setor operando e fornecendo energia 24 horas por dia. Ent\u00e3o, para os trabalhadores, a privatiza\u00e7\u00e3o \u00e9 perda de benef\u00edcio, redu\u00e7\u00e3o de sal\u00e1rio e terceiriza\u00e7\u00e3o\u201d, finaliza.<\/p>\n<p>Ilustra\u00e7\u00e3o: Tucuru\u00ed, no Par\u00e1, \u00e9 uma das 47 hidrel\u00e9tricas que comp\u00f5em o parque gerador da Eletrobras. Arquivo EBC<\/p>\n<p>Edi\u00e7\u00e3o: RBA<\/p>\n<p>http:\/\/www.redebrasilatual.com.br\/economia\/2017\/09\/controle-da-agua-e-efeito-colateral-da-privatizacao-da-eletrobras<\/p>\n","protected":false},"excerpt":{"rendered":"<a class=\"moretag\" href=\"https:\/\/pcb.org.br\/portal2\/16385\"> <\/a>","protected":false},"author":1,"featured_media":0,"comment_status":"closed","ping_status":"closed","sticky":false,"template":"","format":"standard","meta":{"jetpack_post_was_ever_published":false,"_jetpack_newsletter_access":"","_jetpack_dont_email_post_to_subs":false,"_jetpack_newsletter_tier_id":0,"_jetpack_memberships_contains_paywalled_content":false,"_jetpack_memberships_contains_paid_content":false,"footnotes":"","jetpack_publicize_message":"","jetpack_publicize_feature_enabled":true,"jetpack_social_post_already_shared":true,"jetpack_social_options":{"image_generator_settings":{"template":"highway","default_image_id":0,"font":"","enabled":false},"version":2}},"categories":[190,105],"tags":[227],"class_list":["post-16385","post","type-post","status-publish","format-standard","hentry","category-fora-temer","category-c118-privatizacao","tag-5a"],"jetpack_publicize_connections":[],"jetpack_featured_media_url":"","jetpack_shortlink":"https:\/\/wp.me\/p659gw-4gh","jetpack-related-posts":[],"jetpack_likes_enabled":true,"jetpack_sharing_enabled":true,"_links":{"self":[{"href":"https:\/\/pcb.org.br\/portal2\/wp-json\/wp\/v2\/posts\/16385","targetHints":{"allow":["GET"]}}],"collection":[{"href":"https:\/\/pcb.org.br\/portal2\/wp-json\/wp\/v2\/posts"}],"about":[{"href":"https:\/\/pcb.org.br\/portal2\/wp-json\/wp\/v2\/types\/post"}],"author":[{"embeddable":true,"href":"https:\/\/pcb.org.br\/portal2\/wp-json\/wp\/v2\/users\/1"}],"replies":[{"embeddable":true,"href":"https:\/\/pcb.org.br\/portal2\/wp-json\/wp\/v2\/comments?post=16385"}],"version-history":[{"count":0,"href":"https:\/\/pcb.org.br\/portal2\/wp-json\/wp\/v2\/posts\/16385\/revisions"}],"wp:attachment":[{"href":"https:\/\/pcb.org.br\/portal2\/wp-json\/wp\/v2\/media?parent=16385"}],"wp:term":[{"taxonomy":"category","embeddable":true,"href":"https:\/\/pcb.org.br\/portal2\/wp-json\/wp\/v2\/categories?post=16385"},{"taxonomy":"post_tag","embeddable":true,"href":"https:\/\/pcb.org.br\/portal2\/wp-json\/wp\/v2\/tags?post=16385"}],"curies":[{"name":"wp","href":"https:\/\/api.w.org\/{rel}","templated":true}]}}