{"id":16393,"date":"2017-10-02T15:06:28","date_gmt":"2017-10-02T18:06:28","guid":{"rendered":"https:\/\/pcb.org.br\/portal2\/?p=16393"},"modified":"2017-10-05T15:15:29","modified_gmt":"2017-10-05T18:15:29","slug":"aumento-da-informalidade-nao-ha-o-que-comemorar","status":"publish","type":"post","link":"https:\/\/pcb.org.br\/portal2\/16393","title":{"rendered":"Aumento da informalidade: n\u00e3o h\u00e1 o que comemorar"},"content":{"rendered":"<p><img data-recalc-dims=\"1\" decoding=\"async\" class=\"imagem\" title=\"imagem\" src=\"https:\/\/i0.wp.com\/gz.diarioliberdade.org\/media\/k2\/items\/cache\/676e24a640c0a680ab35afdbedbe6e42_L.jpg?w=747&#038;ssl=1\" alt=\"imagem\" \/><!--more-->Teonilio Barba<\/p>\n<p>No dia 31 de agosto a Pesquisa Nacional de Amostra por Domic\u00edlio, a PNAD Continua, do IBGE, apontou queda no n\u00famero de desempregados no Brasil, que passou de 13,6% no primeiro trimestre de 2017, para 12,8% no segundo trimestre. O motivo da queda se d\u00e1 pela contrata\u00e7\u00e3o sem carteira assinada somado ao aumento no n\u00famero de desempregados que agora trabalham por conta pr\u00f3pria.<\/p>\n<p>O dado sintetiza uma cena cotidiana na sociedade brasileira: um trabalhador acaba de ser demitido, percorre a cidade em busca de uma nova oportunidade de emprego, mas n\u00e3o consegue. Preocupado com as contas que se acumulam, aceita fazer pequenos bicos. \u00c9 mal remunerado, n\u00e3o tem nenhuma seguran\u00e7a quanto ao v\u00ednculo empregat\u00edcio, n\u00e3o tem plano de sa\u00fade, f\u00e9rias remuneradas, vale-refei\u00e7\u00e3o e muitas vezes nem o direito ao descanso semanal. Mas a necessidade faz com que ele aceite essas condi\u00e7\u00f5es.<\/p>\n<p>S\u00e3o 461 mil trabalhadores os que foram contratados nessas condi\u00e7\u00f5es. Outros 351 mil se aventuraram a trabalhar por conta pr\u00f3pria. Isso em um universo de 13,3 milh\u00f5es de desempregados.<\/p>\n<p>A pesquisa rec\u00e9m-publicada pelo IBGE evidencia uma legi\u00e3o de trabalhadores que para sobreviver se submetem a situa\u00e7\u00f5es extremamente prec\u00e1rias de trabalho, em que direitos trabalhistas e seguridade social j\u00e1 n\u00e3o existem mais. Apesar disso, a not\u00edcia foi comemorada por partidos como o PSDB, DEM, PMDB, PTB, PP e PPS e anunciada com louvores pelos grandes ve\u00edculos de comunica\u00e7\u00e3o.<\/p>\n<p>\u00c9 importante observar que os dois lados, tanto o partid\u00e1rio quanto o da imprensa, colaboraram ativamente para a efetiva\u00e7\u00e3o do golpe contra a presidenta Dilma e seguiram em articula\u00e7\u00e3o para a aprova\u00e7\u00e3o da reforma trabalhista, a terceiriza\u00e7\u00e3o e a emenda do teto dos gastos, sem falar na articula\u00e7\u00e3o que ainda \u00e9 feita para aprovar a reforma da Previd\u00eancia, medidas que sacrificam os direitos da classe trabalhadora para beneficiar os grandes empres\u00e1rios.<\/p>\n<p>Os partidos e m\u00eddias citados n\u00e3o apenas defendem os interesses dos grandes empres\u00e1rios, muitos deles s\u00e3o os pr\u00f3prios empres\u00e1rios, roubam o discurso de defesa do emprego, mas na pr\u00e1tica, sacrificam os direitos da classe trabalhadora para continuar garantindo a amplia\u00e7\u00e3o ilimitada do lucro.<\/p>\n<p>Esses setores alegam ainda que a flexibiliza\u00e7\u00e3o das leis trabalhistas e a pr\u00f3pria reforma da Previd\u00eancia s\u00e3o necess\u00e1rias para melhorar a economia do pa\u00eds. Isso \u00e9 uma contradi\u00e7\u00e3o. Quando um trabalhador \u00e9 contratado com carteira assinada, a empresa recolhe valores na folha de pagamento que s\u00e3o repassados para a Uni\u00e3o. S\u00e3o valores que alimentam fundos de seguridade social para os trabalhadores, e que tamb\u00e9m s\u00e3o utilizados para investir em programas sociais.<\/p>\n<p>Apenas os empres\u00e1rios e aqueles que defendem os interesses dos patr\u00f5es comemoram o aumento da informalidade, anunciada pelo IBGE. N\u00e3o h\u00e1 o que comemorar quando h\u00e1 uma queda t\u00e3o preocupante na qualidade dos empregos. N\u00e3o h\u00e1 o que comemorar quando verificamos o aumento da precariza\u00e7\u00e3o dos direitos das trabalhadoras e trabalhadores.<\/p>\n<p>Foto: MARCOS SANTOS. USP IMAGENS<\/p>\n<p>Fonte: RBA<\/p>\n<p>https:\/\/gz.diarioliberdade.org\/artigos-em-destaque\/item\/192160-aumento-da-informalidade-nao-ha-o-que-comemorar.html<\/p>\n","protected":false},"excerpt":{"rendered":"<a class=\"moretag\" href=\"https:\/\/pcb.org.br\/portal2\/16393\"> <\/a>","protected":false},"author":1,"featured_media":0,"comment_status":"closed","ping_status":"closed","sticky":false,"template":"","format":"standard","meta":{"jetpack_post_was_ever_published":false,"_jetpack_newsletter_access":"","_jetpack_dont_email_post_to_subs":false,"_jetpack_newsletter_tier_id":0,"_jetpack_memberships_contains_paywalled_content":false,"_jetpack_memberships_contains_paid_content":false,"footnotes":"","jetpack_publicize_message":"","jetpack_publicize_feature_enabled":true,"jetpack_social_post_already_shared":true,"jetpack_social_options":{"image_generator_settings":{"template":"highway","default_image_id":0,"font":"","enabled":false},"version":2}},"categories":[190,15],"tags":[234],"class_list":["post-16393","post","type-post","status-publish","format-standard","hentry","category-fora-temer","category-s18-sindical","tag-6b"],"jetpack_publicize_connections":[],"jetpack_featured_media_url":"","jetpack_shortlink":"https:\/\/wp.me\/p659gw-4gp","jetpack-related-posts":[],"jetpack_likes_enabled":true,"jetpack_sharing_enabled":true,"_links":{"self":[{"href":"https:\/\/pcb.org.br\/portal2\/wp-json\/wp\/v2\/posts\/16393","targetHints":{"allow":["GET"]}}],"collection":[{"href":"https:\/\/pcb.org.br\/portal2\/wp-json\/wp\/v2\/posts"}],"about":[{"href":"https:\/\/pcb.org.br\/portal2\/wp-json\/wp\/v2\/types\/post"}],"author":[{"embeddable":true,"href":"https:\/\/pcb.org.br\/portal2\/wp-json\/wp\/v2\/users\/1"}],"replies":[{"embeddable":true,"href":"https:\/\/pcb.org.br\/portal2\/wp-json\/wp\/v2\/comments?post=16393"}],"version-history":[{"count":0,"href":"https:\/\/pcb.org.br\/portal2\/wp-json\/wp\/v2\/posts\/16393\/revisions"}],"wp:attachment":[{"href":"https:\/\/pcb.org.br\/portal2\/wp-json\/wp\/v2\/media?parent=16393"}],"wp:term":[{"taxonomy":"category","embeddable":true,"href":"https:\/\/pcb.org.br\/portal2\/wp-json\/wp\/v2\/categories?post=16393"},{"taxonomy":"post_tag","embeddable":true,"href":"https:\/\/pcb.org.br\/portal2\/wp-json\/wp\/v2\/tags?post=16393"}],"curies":[{"name":"wp","href":"https:\/\/api.w.org\/{rel}","templated":true}]}}