{"id":1643,"date":"2011-07-07T22:32:55","date_gmt":"2011-07-07T22:32:55","guid":{"rendered":"http:\/\/pcb.org.br\/portal2\/?p=1643"},"modified":"2011-07-07T22:32:55","modified_gmt":"2011-07-07T22:32:55","slug":"os-14-presos-politicos-do-caso-lindstron-foram-libertados","status":"publish","type":"post","link":"https:\/\/pcb.org.br\/portal2\/1643","title":{"rendered":"Os 14 presos pol\u00edticos do caso Lindstron foram libertados"},"content":{"rendered":"\n<p>Celebramos a liberta\u00e7\u00e3o dos 14 compatriotas que foram injustamente privados de sua liberdade durante um ano e seis meses, convertendo-se em presos pol\u00edticos em pleno s\u00e9culo XXI e no ano do bicenten\u00e1rio de nossa independ\u00eancia nacional.<\/p>\n<p>Estendemos nossa sauda\u00e7\u00e3o de reconhecimento e felicita\u00e7\u00f5es a todos advogados, advogadas, psic\u00f3logos, psic\u00f3logas e ativistas que colaboraram com grande dedica\u00e7\u00e3o durante esse ano e meio para orientar juridicamente e, acima de tudo, para dar o apoio afetivo que tanto precisaram esses companheiros diante de tamanha injusti\u00e7a. Dedicamos nosso reconhecimento especialmente a Juan Martens, Ximena L\u00f3pez e aos profissionais da CODEHUPY por seu trabalho tit\u00e2nico.<\/p>\n<p>N\u00e3o podemos deixar de mencionar nossas felicita\u00e7\u00f5es para o juiz Gustavo Bonzi, pois teve coragem de fazer o que pouqu\u00edssimos homens e mulheres do sistema judicial paraguaio se atrevem a fazer: cumprir com seu trabalho.<\/p>\n<p>Consideramos uma grande vit\u00f3ria contra a criminaliza\u00e7\u00e3o da luta social e contra os que, nas palavras de Martens, creem ser \u201cpoliciais do pensamento\u201d e, consequentemente, imp\u00f5em suas ideias retrogradas com total intoler\u00e2ncia e discrimina\u00e7\u00e3o.<\/p>\n<p>Ao mesmo tempo, insistimos que Rafael Filizzola deve ser processado por aberta viola\u00e7\u00e3o \u00e0 legisla\u00e7\u00e3o paraguaia e internacional, viola\u00e7\u00e3o que teve seu ponto m\u00e1ximo com o espet\u00e1culo circense que montou em janeiro do ano passado ao \u201cpresentear a sociedade\u201d com os 14 compatriotas presos por ter supostos v\u00ednculos com o EPP [Ex\u00e9rcito do Povo Paraguaio]. Nessa ocasi\u00e3o, em pleno Quartel Central da Pol\u00edcia, apresentaram esse companheiros invertendo a l\u00f3gica jur\u00eddica, ou seja, presumindo a culpabilidade \u201cat\u00e9 que demonstrem sua inoc\u00eancia\u201d.<\/p>\n<p>Fazemos uma men\u00e7\u00e3o especial para o her\u00f3ico companheiro Sindulfo Ag\u00fcero, quem, em sua juventude, j\u00e1 havia perdido um olho lutando contra a ditadura de Stroessner e, contudo, suportou \u2013 durante esse ano de 2011 \u2013 semanas de greve de fome em Tacumb\u00fa, com seus 70 anos de vida, como medida extrema diante de uma Justi\u00e7a que \u2013 salvo exce\u00e7\u00f5es honrosas \u2013 segue funcionando ao servi\u00e7o da m\u00e1fia e de quem paga melhor.<\/p>\n<p>Aos 14 companheiros, voltamos a expressar nosso reconhecimento por suportar todas as viola\u00e7\u00f5es a seus direitos de cidad\u00e3os e por seguir firmes sustentando as bandeiras da liberdade e da liberta\u00e7\u00e3o nacional.<\/p>\n<p>Assun\u00e7\u00e3o, 28 de junho de 2011.<\/p>\n<p>Partido Comunista Paraguaio<\/p>\n<p>Fonte:\u00a0<a href=\"http:\/\/www.pcparaguay.org\/\" target=\"_blank\">http:\/\/www.pcparaguay.org\/<\/a><\/p>\n<p>\u00a0<\/p>\n","protected":false},"excerpt":{"rendered":"\n\n\nCr\u00e9dito: PCP\n\n\n\n\n\n\n\n\nJusti\u00e7a: cada vez mais escassa no Poder Judici\u00e1rio\n<a class=\"moretag\" href=\"https:\/\/pcb.org.br\/portal2\/1643\"> <\/a>","protected":false},"author":1,"featured_media":0,"comment_status":"open","ping_status":"open","sticky":false,"template":"","format":"standard","meta":{"jetpack_post_was_ever_published":false,"_jetpack_newsletter_access":"","_jetpack_dont_email_post_to_subs":false,"_jetpack_newsletter_tier_id":0,"_jetpack_memberships_contains_paywalled_content":false,"_jetpack_memberships_contains_paid_content":false,"footnotes":"","jetpack_publicize_message":"","jetpack_publicize_feature_enabled":true,"jetpack_social_post_already_shared":false,"jetpack_social_options":{"image_generator_settings":{"template":"highway","default_image_id":0,"font":"","enabled":false},"version":2}},"categories":[35],"tags":[],"class_list":["post-1643","post","type-post","status-publish","format-standard","hentry","category-c40-paraguai"],"jetpack_publicize_connections":[],"jetpack_featured_media_url":"","jetpack_shortlink":"https:\/\/wp.me\/p659gw-qv","jetpack-related-posts":[],"jetpack_likes_enabled":true,"jetpack_sharing_enabled":true,"_links":{"self":[{"href":"https:\/\/pcb.org.br\/portal2\/wp-json\/wp\/v2\/posts\/1643","targetHints":{"allow":["GET"]}}],"collection":[{"href":"https:\/\/pcb.org.br\/portal2\/wp-json\/wp\/v2\/posts"}],"about":[{"href":"https:\/\/pcb.org.br\/portal2\/wp-json\/wp\/v2\/types\/post"}],"author":[{"embeddable":true,"href":"https:\/\/pcb.org.br\/portal2\/wp-json\/wp\/v2\/users\/1"}],"replies":[{"embeddable":true,"href":"https:\/\/pcb.org.br\/portal2\/wp-json\/wp\/v2\/comments?post=1643"}],"version-history":[{"count":0,"href":"https:\/\/pcb.org.br\/portal2\/wp-json\/wp\/v2\/posts\/1643\/revisions"}],"wp:attachment":[{"href":"https:\/\/pcb.org.br\/portal2\/wp-json\/wp\/v2\/media?parent=1643"}],"wp:term":[{"taxonomy":"category","embeddable":true,"href":"https:\/\/pcb.org.br\/portal2\/wp-json\/wp\/v2\/categories?post=1643"},{"taxonomy":"post_tag","embeddable":true,"href":"https:\/\/pcb.org.br\/portal2\/wp-json\/wp\/v2\/tags?post=1643"}],"curies":[{"name":"wp","href":"https:\/\/api.w.org\/{rel}","templated":true}]}}