{"id":1645,"date":"2011-07-07T22:47:29","date_gmt":"2011-07-07T22:47:29","guid":{"rendered":"http:\/\/pcb.org.br\/portal2\/?p=1645"},"modified":"2011-07-07T22:47:29","modified_gmt":"2011-07-07T22:47:29","slug":"pressionados-por-israel-governos-europeus-bloqueiam-saida-de-barcos-solidarios-que-partiam-em-direcao-a-gaza","status":"publish","type":"post","link":"https:\/\/pcb.org.br\/portal2\/1645","title":{"rendered":"Pressionados por Israel, governos europeus bloqueiam sa\u00edda de barcos solid\u00e1rios que partiam em dire\u00e7\u00e3o a Gaza"},"content":{"rendered":"\n<p>ESUMEN LATINOAMERICANO<\/p>\n<p>Demonstra\u00e7\u00f5es de apoio ao povo palestino no mar em frente ao porto grego<\/p>\n<p><strong>A Gr\u00e9cia impede a sa\u00edda da II Frota da Liberdade<\/strong><\/p>\n<p>Desde ontem permanecem bloqueados e vigiados por patrulhas do Ex\u00e9rcito grego os barcos da II Frota da Liberdade, que tinham previsto zarpar a Gaza. Os barcos que fazem parte da segunda expedi\u00e7\u00e3o para romper o bloqueio a Gaza n\u00e3o puderam partir ainda. O Governo grego cedeu \u00e0 chantagem de Israel, indo de encontro aos acordos internacionais.<\/p>\n<p>Os barcos da Frota da Liberdade permanecem retidos no porto de Kolimpari, na ilha grega de Creta. O Governo do socialista Yorgos Papandreu cedeu \u00e0 chantagem de Israel e bloqueou os barcos da II Frota da Liberdade que conta com todas as permiss\u00f5es legais.<\/p>\n<p>Entre esses barcos est\u00e1 o Gernika, fretado pelos integrantes de \u201cRumo a Gaza\u201d, no Estado espanhol, que durante um ano realizou uma campanha de recolhimento de material escolar e ajuda humanit\u00e1ria para entregar em Gaza e, assim, romper o criminoso bloqueio imposto ao povo palestino por Israel com a cumplicidade da Comunidade Internacional.<\/p>\n<p>Nestes dias, al\u00e9m disso, aconteceram os atos de sabotagem contra v\u00e1rios barcos atracados na costa grega com destino a Gaza, entre eles o Gernika que foi atacado por mergulhadores que afetaram a maquinaria do barco com o intuito de impedir sua partida a Gaza.<\/p>\n<p>A organiza\u00e7\u00e3o Rumo a Gaza manifestou a &#8220;mais absoluta condena\u00e7\u00e3o por esta decis\u00e3o completamente ilegal, arbitr\u00e1ria e injusta, que n\u00e3o tem nenhum fundamento jur\u00eddico, nem de acordo com a legisla\u00e7\u00e3o grega nem segundo o Direito comunit\u00e1rio\u201d.<\/p>\n<p>Esta organiza\u00e7\u00e3o acrescenta tamb\u00e9m que &#8220;o Governo grego n\u00e3o respeita o Acordo de Schengen, que consagra a livre circula\u00e7\u00e3o de pessoas dos Estados membros da Uni\u00e3o Europ\u00e9ia signat\u00e1rios de dito tratado, entre os quais figuram a Espanha e a Gr\u00e9cia\u201d.<\/p>\n<p>Por sua vez, o Governo espanhol n\u00e3o se manifestou contra as medidas adotadas pelo Governo grego. Pelo contr\u00e1rio, a ministra de Rela\u00e7\u00f5es Exteriores, Trinidad Jim\u00e9nez, em nenhum momento comunicou seu respaldo aos cidad\u00e3os do Estado espanhol, membros desta organiza\u00e7\u00e3o humanit\u00e1ria, ao contr\u00e1rio, foi complacente com as demandas de Israel nas sucessivas reuni\u00f5es mantidas com o embaixador de Israel em Madri.<\/p>\n<p>Jim\u00e9nez n\u00e3o garantiu a seguran\u00e7a da frota e, inclusive, comunicou aos integrantes da mesma, antes de partir \u00e0 Gr\u00e9cia, que o Minist\u00e9rio de Rela\u00e7\u00f5es Exteriores manteve contato com o Governo de Israel para que quando este ataque aos barcos ocorresse, que Israel \u201cagisse de modo a causar o menor dano poss\u00edvel\u201d.<\/p>\n<p><strong>O Quarteto confirma o veto dos governos \u00e0 Frota Rumo a Gaza<\/strong><\/p>\n<p>Enquanto os ativistas solid\u00e1rios do \u201cGernika\u201d denunciavam a cumplicidade do Governo espanhol com o bloqueio grego, que mant\u00e9m paradas todas as embarca\u00e7\u00f5es da Frota da Liberdade, e em \u00faltima inst\u00e2ncia, com Israel, o Quarteto (Estados Unidos, Uni\u00e3o Europeia, R\u00fassia e ONU) tornava p\u00fablico um comunicado no qual solicita a \u201ctodos os governos envolvidos\u201d que impe\u00e7a expedi\u00e7\u00f5es de ajuda humanit\u00e1ria deste tipo com destino a Gaza.<\/p>\n<p>O \u201cGernika\u201d, que faz parte da Frota da Liberdade Rumo a Gaza, permanecia ontem bloqueado no porto de Kolimpary, na ilha de Creta, e cercado por duas patrulhas gregas em todo momento.<\/p>\n<p>Os 24 membros da tripula\u00e7\u00e3o, entre os quais est\u00e3o cinco bascos, denunciaram o abandono por parte do Minist\u00e9rio de Rela\u00e7\u00f5es Exteriores espanhol e da embaixada da Espanha em Atenas. Fato que n\u00e3o duvidaram em assinalar como uma clara \u201ccumplicidade com os governos grego e israelense\u201d.<\/p>\n<p>O Governo grego, que interceptou um da dezena de barcos na sexta-feira \u2013 seu capit\u00e3o est\u00e1 detido \u2013 e mant\u00e9m bloqueada toda a expedi\u00e7\u00e3o, ampara-se agora, depois de ter posto v\u00e1rios entraves burocr\u00e1ticos \u00e0 iniciativa, no artigo 128 do Direito do Mar, que alega a \u201cexist\u00eancia de uma situa\u00e7\u00e3o de guerra ou de tens\u00e3o b\u00e9lica\u201d.<\/p>\n<p>Diante disso, os participantes na iniciativa denunciaram que isso \u201cvai contra o Direito Comunit\u00e1rio, o Acordo de Schengen de livre circula\u00e7\u00e3o de pessoas pelo territ\u00f3rio da UE e a pr\u00f3pria legisla\u00e7\u00e3o grega\u201d.<\/p>\n<p>\u201cMas n\u00e3o s\u00f3 foi a Gr\u00e9cia que permitiu que o bloqueio israelense da Faixa de Gaza chegasse at\u00e9 a costa europeia. A UE e especialmente o Governo espanhol, deixaram de cumprir suas fun\u00e7\u00f5es\u201d, denunciam os ativistas, que reiteraram sua inten\u00e7\u00e3o de prosseguir com o objetivo de levar ajuda humanit\u00e1ria e solidariedade \u00e0 popula\u00e7\u00e3o palestina assediada.<\/p>\n<p>N\u00e3o conseguir\u00e3o facilmente. O Quarteto (Estados Unidos, R\u00fassia, UE e ONU) fez um apelo \u201ca todos os governos envolvidos a usar toda a sua influ\u00eancia para dissuadir a qualquer nova frota que ponha em perigo seus participantes e amea\u00e7a com uma escalada\u201d.<\/p>\n<p>De Gaza, o Hamas acusou a Gr\u00e9cia de colaborar com Israel e a ANP garantiu que suas gest\u00f5es com o Governo grego eram infrut\u00edferas.<\/p>\n<p>Fonte:\u00a0<a href=\"http:\/\/www.resumenlatinoamericano.org\/index.php?option=com_content&amp;task=view&amp;id=2854&amp;Itemid=1&amp;lang=en\" target=\"_blank\">Resumenlatinoamericano.org<\/a><\/p>\n","protected":false},"excerpt":{"rendered":"\n\n\nCr\u00e9dito: Resumen Latinoamericano\n\n\n\n\n\n\n\n\nValeria Campos\n<a class=\"moretag\" href=\"https:\/\/pcb.org.br\/portal2\/1645\"> <\/a>","protected":false},"author":1,"featured_media":0,"comment_status":"open","ping_status":"open","sticky":false,"template":"","format":"standard","meta":{"jetpack_post_was_ever_published":false,"_jetpack_newsletter_access":"","_jetpack_dont_email_post_to_subs":false,"_jetpack_newsletter_tier_id":0,"_jetpack_memberships_contains_paywalled_content":false,"_jetpack_memberships_contains_paid_content":false,"footnotes":"","jetpack_publicize_message":"","jetpack_publicize_feature_enabled":true,"jetpack_social_post_already_shared":false,"jetpack_social_options":{"image_generator_settings":{"template":"highway","default_image_id":0,"font":"","enabled":false},"version":2}},"categories":[78],"tags":[],"class_list":["post-1645","post","type-post","status-publish","format-standard","hentry","category-c91-solidariedade-a-palestina"],"jetpack_publicize_connections":[],"jetpack_featured_media_url":"","jetpack_shortlink":"https:\/\/wp.me\/p659gw-qx","jetpack-related-posts":[],"jetpack_likes_enabled":true,"jetpack_sharing_enabled":true,"_links":{"self":[{"href":"https:\/\/pcb.org.br\/portal2\/wp-json\/wp\/v2\/posts\/1645","targetHints":{"allow":["GET"]}}],"collection":[{"href":"https:\/\/pcb.org.br\/portal2\/wp-json\/wp\/v2\/posts"}],"about":[{"href":"https:\/\/pcb.org.br\/portal2\/wp-json\/wp\/v2\/types\/post"}],"author":[{"embeddable":true,"href":"https:\/\/pcb.org.br\/portal2\/wp-json\/wp\/v2\/users\/1"}],"replies":[{"embeddable":true,"href":"https:\/\/pcb.org.br\/portal2\/wp-json\/wp\/v2\/comments?post=1645"}],"version-history":[{"count":0,"href":"https:\/\/pcb.org.br\/portal2\/wp-json\/wp\/v2\/posts\/1645\/revisions"}],"wp:attachment":[{"href":"https:\/\/pcb.org.br\/portal2\/wp-json\/wp\/v2\/media?parent=1645"}],"wp:term":[{"taxonomy":"category","embeddable":true,"href":"https:\/\/pcb.org.br\/portal2\/wp-json\/wp\/v2\/categories?post=1645"},{"taxonomy":"post_tag","embeddable":true,"href":"https:\/\/pcb.org.br\/portal2\/wp-json\/wp\/v2\/tags?post=1645"}],"curies":[{"name":"wp","href":"https:\/\/api.w.org\/{rel}","templated":true}]}}