{"id":16453,"date":"2017-10-05T14:06:48","date_gmt":"2017-10-05T17:06:48","guid":{"rendered":"https:\/\/pcb.org.br\/portal2\/?p=16453"},"modified":"2018-03-06T17:21:00","modified_gmt":"2018-03-06T20:21:00","slug":"mocao-de-apoio-a-professora-atacada-pela-secretaria-municipal-de-educacao-do-rio-de-janeiro","status":"publish","type":"post","link":"https:\/\/pcb.org.br\/portal2\/16453","title":{"rendered":"Mo\u00e7\u00e3o de apoio \u00e0 professora atacada pela Sec. Mun. de Educa\u00e7\u00e3o do RJ"},"content":{"rendered":"<p><img decoding=\"async\" class=\"imagem\" title=\"imagem\" src=\"https:\/\/lh3.googleusercontent.com\/x0OQa_DyFla-JYLq7V814iBaRhc88B3qO4cmLsnf5kifoRoUsDY0xZDOkGUQCOAKxoS4uje7XQGR__ktxBWyEuRP2nAICtpXUZzON3z1HWYzwqdcrhldHdwuQVouNXrra9mAChn02fIwnkTfa2QQirxdNCVbW_zrUTJ18bb0pa-OAadmJ6y3BF9wdXFmPBshB2RxEbV2WaZW4CW47R0HXMpxhqUYExiESKF6aQwnQACF4M2oUfe84xKBRvWCN4pX-plLorBlq5XWUBsiiWDRiTtrOgk7ofXpmh-QCzjbHVD7vGpmPu9YxnFSnnGMiNzRgww6iNkTi7I5gBz1AGHZ4xq4GHl9W5YAuwpIE-D84Q2HvzufWNiMgoTJAqhd5w0mCVDqhBYJJilyIWVYGkWjlZ_vzKWKbSqOb4hDhOxu7NyLaJNMXpuGD_rl1rdDI6WZWDjvhqnQ4nliDs3lgDH6MkRTiILarea38NQILgTSomtsH9Hpo2MA5EuN6pq7AdavSkaqR1RLzcKlDQ4p0kSklEzHVUwnN03RBCEsl8_D-b3cuNxPdF756tGCkbATrDMXcxRxLDFrS-lVarlOVBFZCqsmlRN_c0x13GstJg9g7Sf2tO61zbhjhypmIr5XYq9jrWzDWdoi_xnB5NVn9u4DBlXIcsI4llLM1CMP=w543-h346-no\" alt=\"imagem\" \/><!--more-->Mais um ataque brutal a uma companheira de luta! Simplesmente por expor um cartaz sobre os absurdos do governo Crivella, como a redu\u00e7\u00e3o da c\u00f3pias e merenda, e sobre a pauta de reivindica\u00e7\u00f5es da paralisa\u00e7\u00e3o do dia 03\/10, a docente est\u00e1 sofrendo grave ass\u00e9dio moral e persegui\u00e7\u00e3o pol\u00edtica.<\/p>\n<p>O pr\u00f3prio secret\u00e1rio C\u00e9sar Benjamin entrou em contato, por telefone, com a escola, dando a ordem de retirada do cartaz. Ao chegar na escola em que trabalha no 3\u00ba turno, recebeu uma convoca\u00e7\u00e3o para uma audi\u00eancia na 3\u00aa CRE. Nessa audi\u00eancia, ocorrida no dia 28\/09, o respons\u00e1vel geral da 3\u00aa CRE informou \u00e0 professora que a mesma perdeu sua dupla, a requisi\u00e7\u00e3o para o PEJA (sofrendo perda salarial) e foi removida compulsoriamente de escola. A professora, ainda, est\u00e1 sofrendo amea\u00e7a de sindic\u00e2ncia, inqu\u00e9rito administrativo ou processo de exonera\u00e7\u00e3o.<\/p>\n<p>Vale ressaltar que a professora \u00e9 extremamente elogiada por professores(as), estudantes e respons\u00e1veis devido ao seu trabalho pedag\u00f3gico impec\u00e1vel. Entendemos que o espa\u00e7o educacional \u00e9 um espa\u00e7o libertador, portanto livre de preconceitos. Al\u00e9m disso, a companheira \u00e9 militante em nosso sindicato e se destaca no enfrentamento e disposi\u00e7\u00e3o para a luta, fato que, como sabemos, resulta em persegui\u00e7\u00f5es covardes como a que ela vive nesse momento. \u00c9 importante que se destaque que o ataque \u00e0 camarada n\u00e3o \u00e9, e nem pode ser visto como um ataque individual. Assumimos esse ataque como uma tentativa de silenciamento do grito de uma categoria inteira, da mesma forma que assumimos a tarefa de resposta coletiva \u00e0 covardia do governo. N\u00e3o podemos nos calar diante de tal ataque! O ataque \u00e9 coletivo!<\/p>\n<p>Diante do exposto, repudiamos a atitude da SME\/RJ e nos opomos a qualquer forma de silenciamento da luta de classes. O conjunto de trabalhadores(as), organizados(as) neste sindicato, se solidariza e apoia a companheira, inclusive com apoio jur\u00eddico. Afirmamos que estamos juntos(as) em mais esse enfrentamento. Ningu\u00e9m fica para tr\u00e1s!!<\/p>\n<p>Assinam a presente mo\u00e7\u00e3o:<\/p>\n<p>Sindicato Estadual do Estado do Rio de Janeiro (SEPE\/RJ)<br \/>\nColetivo Sindicalismo Revolucion\u00e1rio (CSR)<br \/>\nComit\u00ea Classista de Mobiliza\u00e7\u00e3o Permanente<br \/>\nRAL\u00c9 \u2013 Rede Aut\u00f4noma de Luta pela Educa\u00e7\u00e3o<br \/>\nMilite! Base em Movimento<br \/>\nOcupa\u00e7\u00e3o Sindical<br \/>\nNova Organiza\u00e7\u00e3o Socialista (NOS)<br \/>\nMovimento por uma Alternativa Independente e Socialista (MAIS)<br \/>\nMovimento Mulheres em Luta<br \/>\nCSP-Conlutas<br \/>\nPartido Socialista dos Trabalhadores Unificados (PSTU)<br \/>\nPartido Comunista Brasileiro (PCB)<br \/>\nQuilombo Ra\u00e7a e Classe<br \/>\nBra\u00e7os Dados coletivo trabalhadores anticapitalitas<br \/>\nColare \u2013 Coletivo Lagos Revolucion\u00e1rio<br \/>\nColetivo Minervino de Oliveira<br \/>\nColetivo Feminista Classista Ana Montenegro<br \/>\nUnidade Classista<br \/>\nMovimento o Trabalhador da Escola<\/p>\n","protected":false},"excerpt":{"rendered":"<a class=\"moretag\" href=\"https:\/\/pcb.org.br\/portal2\/16453\"> <\/a>","protected":false},"author":1,"featured_media":0,"comment_status":"closed","ping_status":"closed","sticky":false,"template":"","format":"standard","meta":{"jetpack_post_was_ever_published":false,"_jetpack_newsletter_access":"","_jetpack_dont_email_post_to_subs":false,"_jetpack_newsletter_tier_id":0,"_jetpack_memberships_contains_paywalled_content":false,"_jetpack_memberships_contains_paid_content":false,"footnotes":"","jetpack_publicize_message":"","jetpack_publicize_feature_enabled":true,"jetpack_social_post_already_shared":true,"jetpack_social_options":{"image_generator_settings":{"template":"highway","default_image_id":0,"font":"","enabled":false},"version":2}},"categories":[60],"tags":[],"class_list":["post-16453","post","type-post","status-publish","format-standard","hentry","category-c71-educacao"],"jetpack_publicize_connections":[],"jetpack_featured_media_url":"","jetpack_shortlink":"https:\/\/wp.me\/p659gw-4hn","jetpack-related-posts":[],"jetpack_likes_enabled":true,"jetpack_sharing_enabled":true,"_links":{"self":[{"href":"https:\/\/pcb.org.br\/portal2\/wp-json\/wp\/v2\/posts\/16453","targetHints":{"allow":["GET"]}}],"collection":[{"href":"https:\/\/pcb.org.br\/portal2\/wp-json\/wp\/v2\/posts"}],"about":[{"href":"https:\/\/pcb.org.br\/portal2\/wp-json\/wp\/v2\/types\/post"}],"author":[{"embeddable":true,"href":"https:\/\/pcb.org.br\/portal2\/wp-json\/wp\/v2\/users\/1"}],"replies":[{"embeddable":true,"href":"https:\/\/pcb.org.br\/portal2\/wp-json\/wp\/v2\/comments?post=16453"}],"version-history":[{"count":0,"href":"https:\/\/pcb.org.br\/portal2\/wp-json\/wp\/v2\/posts\/16453\/revisions"}],"wp:attachment":[{"href":"https:\/\/pcb.org.br\/portal2\/wp-json\/wp\/v2\/media?parent=16453"}],"wp:term":[{"taxonomy":"category","embeddable":true,"href":"https:\/\/pcb.org.br\/portal2\/wp-json\/wp\/v2\/categories?post=16453"},{"taxonomy":"post_tag","embeddable":true,"href":"https:\/\/pcb.org.br\/portal2\/wp-json\/wp\/v2\/tags?post=16453"}],"curies":[{"name":"wp","href":"https:\/\/api.w.org\/{rel}","templated":true}]}}