{"id":16455,"date":"2017-10-05T14:09:00","date_gmt":"2017-10-05T17:09:00","guid":{"rendered":"https:\/\/pcb.org.br\/portal2\/?p=16455"},"modified":"2017-10-09T06:06:45","modified_gmt":"2017-10-09T09:06:45","slug":"a-eminencia-parda","status":"publish","type":"post","link":"https:\/\/pcb.org.br\/portal2\/16455","title":{"rendered":"A Emin\u00eancia Parda"},"content":{"rendered":"<p><img data-recalc-dims=\"1\" decoding=\"async\" class=\"imagem\" title=\"imagem\" src=\"https:\/\/i0.wp.com\/www.brasil247.com\/images\/cms-image-000510724.jpg?w=747&#038;ssl=1\" alt=\"imagem\" \/>Ney Nunes*<\/p>\n<p>O Brasil \u00e9 governado por uma emin\u00eancia parda <!--more-->chamada Henrique Meirelles, ex-presidente do Banco Central no governo Lula e atual ministro da Fazenda do governo Temer. Antes de assumir cargos p\u00fablicos, ele fez carreira no mercado financeiro, ocupando cargos executivos e chegando \u00e0 presid\u00eancia do BankBoston. No governo ele \u00e9 justamente o representante do setor financeiro, o mais forte, aquele que d\u00e1 as cartas no capitalismo contempor\u00e2neo.<\/p>\n<p>Sua presen\u00e7a no governo \u00e9 determinante. Sem ele, Temer provavelmente j\u00e1 teria sido defenestrado. Os oligop\u00f3lios econ\u00f4micos e o imperialismo contam com Meirelles para verem aplicada a pol\u00edtica econ\u00f4mica que retira os direitos trabalhistas e previdenci\u00e1rios dos trabalhadores brasileiros, privatize o que interessar ao mercado e reduza drasticamente os investimentos sociais. Todas essas medidas fazem parte do receitu\u00e1rio neoliberal para aumentar os lucros das megaempresas diante da crise cr\u00f4nica do capitalismo.<\/p>\n<p>Em meio \u00e0 crise pol\u00edtica que se arrasta com o envolvimento do presidente Temer e dos seus ministros em diversos esc\u00e2ndalos de corrup\u00e7\u00e3o, o fiel da balan\u00e7a \u00e9 Meirelles. Mesmo tendo sido presidente do conselho consultivo da J&amp;F de Joesley Batista, entre 2012 e 2016, Meirelles n\u00e3o sofreu qualquer abalo quando seu ex-s\u00f3cio detonou o presidente com as grava\u00e7\u00f5es das conversas mantidas na resid\u00eancia presidencial. Enquanto Temer, cada dia mais pat\u00e9tico e desgastado, \u00e9 ref\u00e9m da sua base pol\u00edtica fisiol\u00f3gica no Congresso, nada parece afetar o poder e a influ\u00eancia do seu homem forte da economia.<\/p>\n<p>Recordemos um epis\u00f3dio nebuloso ocorrido no governo Lula, o \u00fanico que, de forma muito estranha, n\u00e3o foi objeto de qualquer investiga\u00e7\u00e3o: a compra pelo Banco do Brasil de metade das a\u00e7\u00f5es do banco Votorantim, um banco praticamente falido e que durante anos deu enormes preju\u00edzos ao BB. Esse neg\u00f3cio, altamente lucrativo para uma das fam\u00edlias mais tradicionais da burguesia paulistana, foi chancelado por Lula e Meirelles, tendo como executor o ex-presidente do BB, Aldemir Bendine.<\/p>\n<p>Apesar de a economia brasileira viver um per\u00edodo de estagna\u00e7\u00e3o, com o desemprego e o subemprego alcan\u00e7ando mais de vinte milh\u00f5es de trabalhadores, servi\u00e7os p\u00fablicos essenciais em colapso, pequenas e m\u00e9dias empresas sucumbindo todos os dias, ainda assim, o oligop\u00f3lio midi\u00e1tico n\u00e3o se cansa de propagar que, sob a lideran\u00e7a do ministro da Fazenda, a economia est\u00e1 em franca recupera\u00e7\u00e3o. Os n\u00fameros s\u00e3o torcidos e distorcidos na tentativa de convencer os brasileiros de que o receitu\u00e1rio neoliberal vai retirar o pa\u00eds da crise e nos levar a uma era de prosperidade.<\/p>\n<p>Em rep\u00fablicas como a nossa, figuras como Henrique Meirelles s\u00e3o mais comuns do que parecem. Afinal, a democracia burguesa serve justamente para isso: dar a impress\u00e3o de que a sociedade como um todo decide seus rumos pol\u00edticos e econ\u00f4micos, quando, na verdade, s\u00e3o os donos do capital que, nas sombras, decidem e governam de acordo com seus pr\u00f3prios interesses.<\/p>\n<p>*Membro do Comit\u00ea Central do PCB)<\/p>\n","protected":false},"excerpt":{"rendered":"Ney Nunes* O Brasil \u00e9 governado por uma emin\u00eancia parda\n<a class=\"moretag\" href=\"https:\/\/pcb.org.br\/portal2\/16455\"> <\/a>","protected":false},"author":1,"featured_media":0,"comment_status":"closed","ping_status":"closed","sticky":false,"template":"","format":"standard","meta":{"jetpack_post_was_ever_published":false,"_jetpack_newsletter_access":"","_jetpack_dont_email_post_to_subs":false,"_jetpack_newsletter_tier_id":0,"_jetpack_memberships_contains_paywalled_content":false,"_jetpack_memberships_contains_paid_content":false,"footnotes":"","jetpack_publicize_message":"","jetpack_publicize_feature_enabled":true,"jetpack_social_post_already_shared":true,"jetpack_social_options":{"image_generator_settings":{"template":"highway","default_image_id":0,"font":"","enabled":false},"version":2}},"categories":[190],"tags":[233,219],"class_list":["post-16455","post","type-post","status-publish","format-standard","hentry","category-fora-temer","tag-6a","tag-manchete"],"jetpack_publicize_connections":[],"jetpack_featured_media_url":"","jetpack_shortlink":"https:\/\/wp.me\/p659gw-4hp","jetpack-related-posts":[],"jetpack_likes_enabled":true,"jetpack_sharing_enabled":true,"_links":{"self":[{"href":"https:\/\/pcb.org.br\/portal2\/wp-json\/wp\/v2\/posts\/16455","targetHints":{"allow":["GET"]}}],"collection":[{"href":"https:\/\/pcb.org.br\/portal2\/wp-json\/wp\/v2\/posts"}],"about":[{"href":"https:\/\/pcb.org.br\/portal2\/wp-json\/wp\/v2\/types\/post"}],"author":[{"embeddable":true,"href":"https:\/\/pcb.org.br\/portal2\/wp-json\/wp\/v2\/users\/1"}],"replies":[{"embeddable":true,"href":"https:\/\/pcb.org.br\/portal2\/wp-json\/wp\/v2\/comments?post=16455"}],"version-history":[{"count":0,"href":"https:\/\/pcb.org.br\/portal2\/wp-json\/wp\/v2\/posts\/16455\/revisions"}],"wp:attachment":[{"href":"https:\/\/pcb.org.br\/portal2\/wp-json\/wp\/v2\/media?parent=16455"}],"wp:term":[{"taxonomy":"category","embeddable":true,"href":"https:\/\/pcb.org.br\/portal2\/wp-json\/wp\/v2\/categories?post=16455"},{"taxonomy":"post_tag","embeddable":true,"href":"https:\/\/pcb.org.br\/portal2\/wp-json\/wp\/v2\/tags?post=16455"}],"curies":[{"name":"wp","href":"https:\/\/api.w.org\/{rel}","templated":true}]}}